{"id":36147,"date":"2010-03-13T21:39:45","date_gmt":"2010-03-13T19:39:45","guid":{"rendered":"http:\/\/www.korhanyilmaz.com\/?p=20487"},"modified":"2010-03-13T21:39:45","modified_gmt":"2010-03-13T19:39:45","slug":"kilicdaroglu-cin-seddi-gibi-kusatma-2","status":"publish","type":"post","link":"http:\/\/www.korhanyilmaz.com\/?p=36147","title":{"rendered":"K\u0131l\u0131\u00e7daro\u011flu: &#8220;\u00c7in seddi gibi ku\u015fatma&#8221;"},"content":{"rendered":"<p style=\"text-align: justify;\"><a href=\"http:\/\/www.korhanyilmaz.com\/wp-content\/uploads\/2010\/03\/KILICDAROGLU21.jpg\"  class=\"lightview\"><img loading=\"lazy\" decoding=\"async\" class=\"aligncenter size-full wp-image-20488\" src=\"http:\/\/www.korhanyilmaz.com\/wp-content\/uploads\/2010\/03\/KILICDAROGLU21.jpg\" alt=\"\" width=\"307\" height=\"236\" \/><\/a><\/p>\n<p style=\"text-align: justify;\">CHP Grup Ba\u015fkanvekili Kemal K\u0131l\u0131\u00e7daro\u011flu, yarg\u0131y\u0131 ele\u015ftiren Ba\u015fbakan Recep Tayyip Erdogan&#8217;a tepki g\u00f6sterdi. K\u0131l\u0131\u00e7daro\u011flu, &#8220;Yarg\u0131ya \u00c7in Seddi gibi b\u00fcy\u00fck bir ku\u015fatma var&#8221; dedi.<\/p>\n<p style=\"text-align: justify;\">CHP Grup Ba\u015fkanvekili \u0130stanbul Milletvekili Kemal K\u0131l\u0131\u00e7daro\u011flu kongre i\u00e7in geldi\u011fi Mu\u015f&#8217;ta konu\u015ftu. <!--more--><\/p>\n<p style=\"text-align: justify;\">AK Parti h\u00fck\u00fcmetinin icraatlar\u0131n\u0131 ele\u015ftiren Kemal K\u0131l\u0131\u00e7daro\u011flu halk\u0131n telefonla konu\u015fmaktan korktu\u011funu ileri s\u00fcrd\u00fc ve &#8220;Devletin b\u00fct\u00fcn kadrolar\u0131na, b\u00fct\u00fcn kurumlar\u0131na yerle\u015ftiler. Eskiden Y\u00d6K&#8217;\u00fc ele\u015ftirirlerdi. Bak\u0131n art\u0131k Y\u00d6K&#8217;\u00fc ele\u015ftirmiyorlar, \u00e7\u00fcnk\u00fc ele ge\u00e7irdiler&#8221; dedi.<\/p>\n<p style=\"text-align: justify;\">AK Partinin devleti y\u00f6netmekten \u00e7ok ele ge\u00e7irmeyi hedefleyen bir siyasi parti oldu\u011funu ileri s\u00fcren K\u0131l\u0131\u00e7daro\u011flu, &#8220;Valiler art\u0131k devletin valisi de\u011fil AKP&#8217;nin valisi. Kaymakamlar AKP&#8217;nin kaymakamlar\u0131. \u015eimdi savc\u0131lar ve yarg\u0131\u00e7lar da AKP&#8217;nin savc\u0131s\u0131 ve yarg\u0131c\u0131 olsun diyorlar. Devletin b\u00fct\u00fcn kadrolar\u0131na, b\u00fct\u00fcn kurumlar\u0131na yerle\u015ftiler. Eskiden Y\u00d6K&#8217;\u00fc ele\u015ftirirlerdi. Bak\u0131n art\u0131k Y\u00d6K&#8217;\u00fc ele\u015ftirmiyorlar, \u00e7\u00fcnk\u00fc ele ge\u00e7irdiler. Bunun ad\u0131 do\u011frudan AK Parti&#8217;nin devletin g\u00fcc\u00fcn\u00fc kullanarak yurtta\u015flar \u00fczerinde bask\u0131 kurmas\u0131d\u0131r. En somut \u00f6rne\u011fi telefon konu\u015fmalar\u0131d\u0131r. AK Parti iktidar\u0131ndan \u00f6nce kimse telefonla konu\u015fmaktan korkmazd\u0131. \u015eimdi herkes telefonla konu\u015fmaktan korkuyor. D\u00fcn \u0130zmir&#8217;deydim. Bug\u00fcn Mu\u015f&#8217;ta da soraca\u011f\u0131z vatanda\u015fa. Vatanda\u015flar telefonla konu\u015fmaktan korktuklar\u0131n\u0131 s\u00f6yl\u00fcyorlar. G\u00fcvencenin verilmedi\u011fi, hissedilmedi\u011fi yerde insanlar korkuya impatorlu\u011funa teslim olurlar. T\u00fcrkiye bu korkuya a\u015fmak zorundad\u0131r&#8221; dedi.<\/p>\n<p style=\"text-align: justify;\">K\u0131l\u0131\u00e7dao\u011flu, Erdo\u011fan&#8217;\u0131n y\u00fcr\u00fctmenin yarg\u0131 organ\u0131na nas\u0131l bask\u0131 yapt\u0131\u011f\u0131n\u0131, y\u00fcr\u00fctmenin yarg\u0131 organ\u0131n\u0131 nas\u0131l ku\u015fatt\u0131\u011f\u0131n\u0131 a\u00e7\u0131klad\u0131: &#8220;Birinci \u00f6rne\u011fimiz \u015fu: Acaba Say\u0131n Ba\u015fbakan \u015funu biliyor mu? Adalet Bakan\u0131n\u0131n kendisi veya m\u00fcste\u015far\u0131, HSYK toplant\u0131s\u0131na girmedi\u011fi an o toplant\u0131 ger\u00e7ekle\u015femiyor. Peki m\u00fcste\u015far y\u00fcr\u00fctme organ\u0131nda \u00f6nemli bir makam. Demek ki y\u00fcr\u00fctme organ\u0131 toplant\u0131ya bile kat\u0131lmay\u0131nca \u00e7o\u011funluk bile sa\u011flansa yarg\u0131 organ\u0131 karar alam\u0131yor. Say\u0131n Ba\u015fbakan bunu nas\u0131l bilmez? \u0130kincisi Hakim ve Savc\u0131larla ilgili soru\u015fturma. Y\u00fcr\u00fctme organ\u0131n\u0131n ba\u015f\u0131 olan say\u0131n bakan\u0131n talimat\u0131 ile ba\u015flar. Yani demek ki y\u00fcr\u00fctme organ\u0131 arzu etti\u011fi zaman ve yerde yarg\u0131 organ\u0131n\u0131 denetliyor. Hele giden m\u00fcfetti\u015fler yanda\u015fsa, o yarg\u0131 organ\u0131n\u0131n vay haline. Bunun \u00e7ok say\u0131da \u00f6rne\u011fi var. Telefon dinlemelerinden tutun da Say\u0131n &#8216;Ba\u015fbakan aleyhine karar verdi&#8217; diye hakk\u0131nda soru\u015fturma a\u00e7\u0131lan cezaland\u0131r\u0131lan yarg\u0131\u00e7lar var.<\/p>\n<p style=\"text-align: justify;\">&#8220;Bir \u00fc\u00e7\u00fcnc\u00fc temel olgu: Say\u0131n Ba\u015fbakan bilmiyor mu acaba? Hakimlerin savc\u0131lar\u0131n mesle\u011fe al\u0131nmas\u0131ndaki s\u0131nav\u0131, y\u00fcr\u00fctme organ\u0131 yap\u0131yor. Bir ku\u015fatma de\u011fil, \u00c7in Seddi gibi b\u00fcy\u00fck bir ku\u015fatma var&#8221; diyen K\u0131l\u0131\u00e7daro\u011flu, &#8220;Bu ku\u015fatmadan Say\u0131n Ba\u015fbakan\u0131n da rahats\u0131z olmas\u0131 laz\u0131m. Siyasi otoritenin yarg\u0131ya m\u00fcdahale etmemesi laz\u0131m. Yarg\u0131 elbette ki denetlenmelidir. Ama kendi kurallar\u0131 i\u00e7inde denetlenmelidir. AB standartlar\u0131 i\u00e7inde denetlenmelidir. AB standartlar\u0131 i\u00e7inde e\u011fitimleri yap\u0131lmal\u0131, hi\u00e7bir \u015faibeye yer verilmeyecek \u015fekilde yarg\u0131\u00e7lar\u0131n mesle\u011fe al\u0131nmas\u0131na olanak sa\u011flanmal\u0131. E\u011fer Dan\u0131\u015ftay s\u00f6zl\u00fc s\u0131navlarda televizyon kameralar\u0131n\u0131n zorunlu olmas\u0131n\u0131 \u00f6ng\u00f6r\u00fcyorsa, demek ki yap\u0131lan s\u0131navdan kayg\u0131 duyuyor. Bu kayg\u0131y\u0131 sadece Dan\u0131\u015ftay m\u0131 duyuyor? Yani yarg\u0131n\u0131n kendisi mi duyuyor? Hay\u0131r. Bu kayg\u0131 defalarca dile getirildi. \u00dc\u00e7 kez yaz\u0131l\u0131y\u0131 kazananlar\u0131n s\u00f6zl\u00fcde elendiklerini biliyoruz. Ni\u00e7in bunlar oluyor? Demek ki Say\u0131n Ba\u015fbakan, T\u00fcrkiye&#8217;yi y\u00f6netiyor ama, T\u00fcrkiye&#8217;yi y\u00f6netirken yasalar\u0131n neyi \u00f6n g\u00f6rd\u00fc\u011f\u00fcn\u00fc, yasalar\u0131n yarg\u0131y\u0131 ku\u015fatma a\u00e7\u0131s\u0131ndan y\u00fcr\u00fctme organ\u0131na hangi olanaklar\u0131 verdi\u011finin fark\u0131nda de\u011fil. Asl\u0131nda say\u0131n Ba\u015fbakan fark\u0131nda ama bu ku\u015fatmay\u0131 yetersiz g\u00f6r\u00fcyor: Biraz daha fazla bask\u0131lama, yarg\u0131y\u0131 biraz daha kontrol alt\u0131na almak istiyor. Say\u0131n ba\u015fbakan\u0131n temel hedefi bu&#8221; dedi.<\/p>\n<p style=\"text-align: justify;\"><strong>&#8220;Do\u011fuya geldik i\u015fte, ne var?&#8221; <\/strong><\/p>\n<p style=\"text-align: justify;\">Erdo\u011fan&#8217;\u0131n, kendilerini Do\u011fu&#8217;ya gitmedikleri y\u00f6n\u00fcnde ele\u015ftirdi\u011fini an\u0131msatan K\u0131l\u0131\u00e7daro\u011flu, &#8220;Tayyip Bey diyordu ki &#8216;Efendim siz do\u011fuya niye gitmiyorsunuz.&#8217; San\u0131yor ki do\u011fu onun tapulu mal\u0131. Geldik i\u015fte, ne var? Yurtta\u015flarla konu\u015fuyoruz. Belki bizim s\u00f6ylediklerimizi vatanda\u015f ele\u015ftirebilir ve onun da ele\u015ftirisi ba\u015f\u0131m\u0131z\u0131n \u00fcst\u00fcne. Eksi\u011fimizi s\u00f6yleyebilir. Bunu da \u00f6\u011frenece\u011fiz vatanda\u015ftan. Eksi\u011fimiz varsa eksi\u011fimizi tamamlayaca\u011f\u0131z, yanl\u0131\u015f\u0131m\u0131z varsa yanl\u0131\u015f\u0131m\u0131z\u0131 da d\u00fczeltece\u011fiz. Ama biz Tayyip Bey&#8217;in yapt\u0131\u011f\u0131 gibi yapm\u0131yoruz. Tayyip Bey, TBMM&#8217;ye 15-20 korumayla geliyor. Vatanda\u015ftan niye korkuyorsun. Biz samimi s\u00f6yl\u00fcyorum al\u00e7ak g\u00f6n\u00fcll\u00fcy\u00fcz, halk\u0131 severiz, halkla beraberiz. Ya\u015fam\u0131m\u0131z b\u00f6yledir zaten. \u015eatafat\u0131, l\u00fcks\u00fc sevmeyiz. Oturdu\u011fumuz evler m\u00fctevaz\u0131 evler. Vatanda\u015f a\u00e7sa ben o ak\u015fam uyumamal\u0131y\u0131m. Onun a\u00e7l\u0131\u011f\u0131 giderilmeden ben siyaseten koltu\u011fumda rahat etmemeliyim. \u00c7\u00fcnk\u00fc onun a\u00e7l\u0131\u011f\u0131n\u0131 gidermek siyaset\u00e7inin g\u00f6revidir&#8221; dedi.<\/p>\n<p style=\"text-align: justify;\"><strong>Toplant\u0131da gerginlik <\/strong><\/p>\n<p style=\"text-align: justify;\">Bu arada, toplant\u0131n\u0131n soru cevap b\u00f6l\u00fcm\u00fcnde, Pir Sultan Abdal K\u00fclt\u00fcr Derne\u011fi Varto \u015eubesi Y\u00f6netim Kurulu \u00dcyesi Bing\u00f6l Bozta\u015f, Onur \u00d6ymen&#8217;in Dersim olaylar\u0131na ili\u015fkin g\u00f6r\u00fc\u015fleri hakk\u0131nda kimsenin soru sormamas\u0131na tepki g\u00f6sterdi.<\/p>\n<p style=\"text-align: justify;\">&#8220;Dersim Katliam\u0131&#8217;n\u0131 kabul eden bir partinin zihniyeti olamaz&#8221; diyen Bozta\u015f&#8217;a baz\u0131 gen\u00e7lerin de destek vermesi \u00fczerine tart\u0131\u015fma \u00e7\u0131kt\u0131. Tart\u0131\u015fma b\u00fcy\u00fcy\u00fcnce k\u0131sa s\u00fcreli arbede ya\u015fand\u0131.<\/p>\n<p style=\"text-align: justify;\">Bunun \u00fczerine, Bozta\u015f ile baz\u0131 vatanda\u015flar, g\u00f6revliler taraf\u0131ndan salondan d\u0131\u015far\u0131 \u00e7\u0131kar\u0131ld\u0131. K\u0131l\u0131\u00e7daro\u011flu, ya\u015fanan gerginli\u011fin ard\u0131ndan, herkesin soru sorma hakk\u0131n\u0131n oldu\u011funu belirterek, &#8220;Ama \u015funu da unutmay\u0131n, her toplant\u0131da, toplant\u0131y\u0131 provoke etmek isteyen insanlar olabilir. Onu da biz biliyoruz ve ya\u015fad\u0131k&#8221; dedi.<\/p>\n<p style=\"text-align: justify;\">Dersim \u0130syan\u0131&#8217;n\u0131n ter\u00f6r ba\u011flam\u0131nda de\u011ferlendirilmesinin yanl\u0131\u015f olaca\u011f\u0131n\u0131 ifade eden K\u0131l\u0131\u00e7daro\u011flu, &#8220;Dersim&#8217;de ya\u015fanan olaylar\u0131n g\u00fczel olmad\u0131\u011f\u0131n\u0131 siz de biliyorsunuz, ben de biliyorum. Niye birbirimizi kand\u0131ral\u0131m? Kand\u0131rm\u0131yoruz ki. Kim kimi kand\u0131rabilir. Yanl\u0131\u015fa &#8216;bu do\u011frudur&#8217; demek bizatihi yanl\u0131\u015f\u0131n en b\u00fcy\u00fck yanl\u0131\u015f\u0131 olur. S\u00f6yledik, &#8216;yanl\u0131\u015ft\u0131r&#8217; dedik. Ama insanlar\u0131 bir d\u00fc\u015f\u00fcnceden \u00f6t\u00fcr\u00fc lin\u00e7 etmek ne benim hakk\u0131m ne de ba\u015fkas\u0131n\u0131n hakk\u0131d\u0131r&#8221; diye konu\u015ftu.<\/p>\n<p style=\"text-align: justify;\"><span style=\"color: #888888;\">CNN T\u00dcRK<\/span><\/p>\n","protected":false},"excerpt":{"rendered":"<p style=\"text-align: justify;\">\n<p style=\"text-align: justify;\">CHP Grup Ba\u015fkanvekili Kemal K\u0131l\u0131\u00e7daro\u011flu, yarg\u0131y\u0131 ele\u015ftiren Ba\u015fbakan Recep Tayyip Erdogan&#8217;a tepki g\u00f6sterdi. K\u0131l\u0131\u00e7daro\u011flu, &#8220;Yarg\u0131ya \u00c7in Seddi gibi b\u00fcy\u00fck bir ku\u015fatma var&#8221; dedi.<\/p>\n<p style=\"text-align: justify;\">CHP Grup Ba\u015fkanvekili \u0130stanbul Milletvekili Kemal K\u0131l\u0131\u00e7daro\u011flu kongre i\u00e7in geldi\u011fi Mu\u015f&#8217;ta konu\u015ftu. <\/p>\n","protected":false},"author":1,"featured_media":0,"comment_status":"open","ping_status":"closed","sticky":false,"template":"","format":"standard","meta":{"footnotes":""},"categories":[105],"tags":[],"class_list":["post-36147","post","type-post","status-publish","format-standard","hentry","category-gundem","odd"],"_links":{"self":[{"href":"http:\/\/www.korhanyilmaz.com\/index.php?rest_route=\/wp\/v2\/posts\/36147","targetHints":{"allow":["GET"]}}],"collection":[{"href":"http:\/\/www.korhanyilmaz.com\/index.php?rest_route=\/wp\/v2\/posts"}],"about":[{"href":"http:\/\/www.korhanyilmaz.com\/index.php?rest_route=\/wp\/v2\/types\/post"}],"author":[{"embeddable":true,"href":"http:\/\/www.korhanyilmaz.com\/index.php?rest_route=\/wp\/v2\/users\/1"}],"replies":[{"embeddable":true,"href":"http:\/\/www.korhanyilmaz.com\/index.php?rest_route=%2Fwp%2Fv2%2Fcomments&post=36147"}],"version-history":[{"count":0,"href":"http:\/\/www.korhanyilmaz.com\/index.php?rest_route=\/wp\/v2\/posts\/36147\/revisions"}],"wp:attachment":[{"href":"http:\/\/www.korhanyilmaz.com\/index.php?rest_route=%2Fwp%2Fv2%2Fmedia&parent=36147"}],"wp:term":[{"taxonomy":"category","embeddable":true,"href":"http:\/\/www.korhanyilmaz.com\/index.php?rest_route=%2Fwp%2Fv2%2Fcategories&post=36147"},{"taxonomy":"post_tag","embeddable":true,"href":"http:\/\/www.korhanyilmaz.com\/index.php?rest_route=%2Fwp%2Fv2%2Ftags&post=36147"}],"curies":[{"name":"wp","href":"https:\/\/api.w.org\/{rel}","templated":true}]}}