{"id":36145,"date":"2010-03-12T15:47:39","date_gmt":"2010-03-12T13:47:39","guid":{"rendered":"http:\/\/www.korhanyilmaz.com\/?p=20441"},"modified":"2010-03-12T15:47:39","modified_gmt":"2010-03-12T13:47:39","slug":"romanlara-100er-liralik-acilim-harcligi-2","status":"publish","type":"post","link":"http:\/\/www.korhanyilmaz.com\/?p=36145","title":{"rendered":"Romanlara 100&#8217;er liral\u0131k a\u00e7\u0131l\u0131m har\u00e7l\u0131\u011f\u0131"},"content":{"rendered":"<p style=\"text-align: center;\"><a href=\"http:\/\/www.korhanyilmaz.com\/wp-content\/uploads\/2010\/03\/roman.jpg\"  class=\"lightview\"><img loading=\"lazy\" decoding=\"async\" class=\"aligncenter size-full wp-image-20442\" src=\"http:\/\/www.korhanyilmaz.com\/wp-content\/uploads\/2010\/03\/roman.jpg\" alt=\"\" width=\"290\" height=\"217\" \/><\/a><\/p>\n<p style=\"text-align: justify;\">BA\u015eBAKAN Recep Tayyip Erdo\u011fan&#8217;\u0131n, Roman a\u00e7\u0131l\u0131m\u0131 kapsam\u0131nda pazar g\u00fcn\u00fc \u0130stanbul Abdi \u0130pek\u00e7i Spor Salonu&#8217;nda d\u00fczenleyece\u011fi etkinlik \u00f6ncesi, \u0130zmir&#8217;deki Roman vatanda\u015flara \u0130l\u00e7e Sosyal Yard\u0131mla\u015fma ve Dayan\u0131\u015fma Vak\u0131flar\u0131 taraf\u0131ndan 100&#8217;er TL \u00f6deme yap\u0131lmaya ba\u015flad\u0131. <!--more--><\/p>\n<p style=\"text-align: justify;\">Roman vatanda\u015flar, `yol harc\u0131rah\u0131&#8217; ad\u0131 alt\u0131nda \u00f6denen paralar\u0131 almak i\u00e7in banka \u015fubelerinin \u00f6n\u00fcne ak\u0131n ederken, \u0130zmir Roman Dernekleri Ba\u015fkan\u0131 Abdullah C\u0131st\u0131r, &#8220;Vatanda\u015flar\u0131m\u0131z para ald\u0131\u011f\u0131 i\u00e7in mutluyuz. Ancak pop\u00fclist bir yakla\u015f\u0131m bu. Daha somut ad\u0131mlar at\u0131lmal\u0131&#8221; diye konu\u015ftu. \u0130zmir&#8217;deki Roman vatanda\u015flar\u0131, \u0130stanbul&#8217;a ta\u015f\u0131yacak otob\u00fcslerin, bakanl\u0131k taraf\u0131ndan sa\u011fland\u0131\u011f\u0131, \u00f6deme yap\u0131lmas\u0131 talimat\u0131n\u0131n da Devlet Bakan\u0131 Faruk \u00c7elik&#8217;in dan\u0131\u015fman\u0131 \u00d6mer Ek\u015fi taraf\u0131ndan \u0130zmir Valili\u011fi&#8217;ne iletildi\u011fi ileri s\u00fcr\u00fcld\u00fc.<\/p>\n<p style=\"text-align: justify;\">\u0130stanbul&#8217;daki etkinlik \u00f6ncesi haz\u0131rl\u0131klar s\u00fcrerken, Sosyal Hizmetlerden Sorumlu \u0130zmir Vali Yard\u0131mc\u0131s\u0131 \u00d6zlem Bozkurt Gevrek, ge\u00e7en sal\u0131 g\u00fcn\u00fc, \u0130zmir&#8217;deki Roman derneklerinin ba\u015fkanlar\u0131yla biraraya gelip toplant\u0131 d\u00fczenledi. Kar\u015f\u0131l\u0131kl\u0131 g\u00f6r\u00fc\u015fmelerde, maddi durumlar\u0131 iyi olmayan \u0130zmir&#8217;deki Roman vatanda\u015flar\u0131n \u0130stanbul&#8217;a gitmesinin kolayla\u015ft\u0131r\u0131lmas\u0131na ve bu kapsamda, Kaymakaml\u0131klar\u0131n b\u00fcnyesindeki \u0130l\u00e7e Sosyal Yard\u0131mla\u015fma ve Dayan\u0131\u015fma Vak\u0131flar\u0131&#8217;nda dosyas\u0131 bulunanlara 100&#8217;er TL para yard\u0131m\u0131 yap\u0131lmas\u0131na karar verildi. Karar, dernek ba\u015fkanlar\u0131 taraf\u0131ndan kendilerine bildirilen Roman vatanda\u015flar\u0131 aras\u0131nda sevin\u00e7 yaratt\u0131. Daha \u00f6nceden maddi durumlar\u0131 iyi olmad\u0131\u011f\u0131 i\u00e7in \u00e7e\u015fitli yard\u0131mlardan yararlanan Roman vatanda\u015flar\u0131n listeleri de \u00e7\u0131kar\u0131l\u0131p banka \u015fubelerine bildirildi. Bug\u00fcn, sabah saatlerinde ise ki\u015fi ba\u015f\u0131na 100&#8217;er TL&#8217;lik yard\u0131mlar, banka \u015fubeleri taraf\u0131ndan da\u011f\u0131t\u0131lmaya ba\u015fland\u0131. Roman vatanda\u015flar, hem mahallerindeki belirli noktalara as\u0131lan isim listeleri \u00f6n\u00fcnde hem de banka \u015fubeleri \u00f6n\u00fcnde uzun kuyruklar olu\u015fturdu. Ald\u0131\u011f\u0131 paray\u0131 g\u00f6steren Zafer Aktan, &#8220;Ba\u015fbakan, da\u011f\u0131t\u0131yor bu paray\u0131. \u0130stanbul&#8217;a gidece\u011fiz&#8221; dedi. Listelerde isimleri olmayan ve paralar\u0131n\u0131 alamayan Roman vatanda\u015flar ise duruma tepki g\u00f6stererek, &#8220;Ne bi\u00e7im a\u00e7\u0131l\u0131m bu. Bizim param\u0131z yok. Nas\u0131l oraya gideriz&#8221; diye konu\u015ftu.<\/p>\n<p style=\"text-align: justify;\"><strong>YAKLA\u015eIK 1500 K\u0130\u015e\u0130, SAYI ARTAB\u0130L\u0130R <\/strong><\/p>\n<p style=\"text-align: justify;\">Listelere g\u00f6re, \u0130zmir genelinde yakla\u015f\u0131k bin 500 Roman vatanda\u015f\u0131na bu yard\u0131mlar\u0131n da\u011f\u0131t\u0131laca\u011f\u0131, say\u0131n\u0131n art\u0131r\u0131lmas\u0131 i\u00e7in \u00e7al\u0131\u015fmalar\u0131n s\u00fcrd\u00fc\u011f\u00fc kaydedildi. \u0130zmir&#8217;deki Romanlar i\u00e7in yakla\u015f\u0131k 40 otob\u00fcs ayarland\u0131\u011f\u0131, bunlar\u0131n paras\u0131n\u0131n a\u00e7\u0131l\u0131mlar\u0131 y\u00fcr\u00fcten koordinat\u00f6r bakanl\u0131k taraf\u0131ndan kar\u015f\u0131land\u0131\u011f\u0131 \u00f6\u011frenildi. Yar\u0131n, saat 20.00 s\u0131ralar\u0131nda otob\u00fcslerle yola \u00e7\u0131kacak Roman vatanda\u015flar\u0131n, \u0130stanbul&#8217;a vard\u0131klar\u0131nda Ey\u00fcp Sultan Camisi&#8217;nde sabah namaz\u0131n\u0131 k\u0131ld\u0131ktan sonra Abdi \u0130pek\u00e7i Spor Salonu&#8217;na gidecekleri dile getirildi.<\/p>\n<p style=\"text-align: justify;\"><strong>&#8220;G\u0130TM\u0130YORUM, POP\u00dcL\u0130ST B\u0130R YAKLA\u015eIM&#8221; <\/strong><\/p>\n<p style=\"text-align: justify;\">Kent genelindeki uygulama tart\u0131\u015fmalar\u0131 da beraberinde getirdi. \u0130zmir Roman Dernekleri Ba\u015fkan\u0131 Abdullah C\u0131st\u0131r, &#8220;Valilikte bir toplant\u0131 yap\u0131ld\u0131. Bizim, yard\u0131m konusunda taleplerimiz oldu. Bakan Faruk \u00c7elik&#8217;in dan\u0131\u015fman\u0131 \u00d6mer Ek\u015fi&#8217;nin de b\u00f6yle bir talimat\u0131ndan s\u00f6z edildi ve b\u00f6yle bir uygulama ortaya \u00e7\u0131kt\u0131. Vatanda\u015flar\u0131m\u0131z para ald\u0131\u011f\u0131 i\u00e7in mutluyuz. Ancak, ben oradaki etkinli\u011fe kat\u0131lm\u0131yorum. Pop\u00fclist bir yakla\u015f\u0131m bu. Daha somut ad\u0131mlar at\u0131lmal\u0131. Ba\u015fbakan Erdo\u011fan, \u0130stanbul&#8217;da bir toplant\u0131 yapaca\u011f\u0131na, on binlerce Roman vatanda\u015f\u0131n\u0131n ya\u015fad\u0131\u011f\u0131 \u0130zmir ba\u015fta olmak \u00fczere \u00e7e\u015fitli illerde b\u00f6yle toplant\u0131lar yapmal\u0131&#8221; diye konu\u015ftu.<\/p>\n<p style=\"text-align: justify;\"><strong>&#8220;A\u00c7ILIM, AKP&#8217;N\u0130N \u015eOVU&#8221; <\/strong><\/p>\n<p style=\"text-align: justify;\">Para yard\u0131m\u0131n\u0131n yap\u0131ld\u0131\u011f\u0131 banka \u015fubelerinden birinin \u00f6n\u00fcne gidip sohbet eden CHP \u0130zmir Milletvekili Sel\u00e7uk Ayhan ise, &#8220;T\u00fcrkiye&#8217;deki a\u00e7\u0131l\u0131m politikalar\u0131 durmak bilmiyor. Bunlar, emperyalist bir dayatma. Toplumda gerilim, kampla\u015fma yarat\u0131yor. Bunlar \u015fov yapmaktan ba\u015fka bir\u015fey de\u011fil, s\u0131n\u0131fla\u015fmaya neden oluyor. A\u00e7\u0131l\u0131m \u015fovu, bug\u00fcn de Romanlar i\u00e7in ge\u00e7erli. \u015eova alet ediliyorlar. Devlet kesesinden tutulan otob\u00fcsler ve da\u011f\u0131t\u0131lan paralarla Romanlar \u0130stanbul&#8217;a g\u00f6t\u00fcr\u00fcl\u00fcyor. AKP, k\u00f6m\u00fcr, g\u0131dadan sonra bu \u015fekilde sadaka anla\u015f\u0131yla vatanda\u015flar\u0131 ba\u011flamaya \u00e7al\u0131\u015f\u0131yor&#8221; diyerek tepkisini dile getirdi.<\/p>\n<p style=\"text-align: justify;\"><span style=\"color: #888888;\">Vatan<\/span><\/p>\n","protected":false},"excerpt":{"rendered":"<p style=\"text-align: center;\">\n<p style=\"text-align: justify;\">BA\u015eBAKAN Recep Tayyip Erdo\u011fan&#8217;\u0131n, Roman a\u00e7\u0131l\u0131m\u0131 kapsam\u0131nda pazar g\u00fcn\u00fc \u0130stanbul Abdi \u0130pek\u00e7i Spor Salonu&#8217;nda d\u00fczenleyece\u011fi etkinlik \u00f6ncesi, \u0130zmir&#8217;deki Roman vatanda\u015flara \u0130l\u00e7e Sosyal Yard\u0131mla\u015fma ve Dayan\u0131\u015fma Vak\u0131flar\u0131 taraf\u0131ndan 100&#8217;er TL \u00f6deme yap\u0131lmaya ba\u015flad\u0131. <\/p>\n","protected":false},"author":1,"featured_media":0,"comment_status":"open","ping_status":"closed","sticky":false,"template":"","format":"standard","meta":{"footnotes":""},"categories":[105],"tags":[],"class_list":["post-36145","post","type-post","status-publish","format-standard","hentry","category-gundem","odd"],"_links":{"self":[{"href":"http:\/\/www.korhanyilmaz.com\/index.php?rest_route=\/wp\/v2\/posts\/36145","targetHints":{"allow":["GET"]}}],"collection":[{"href":"http:\/\/www.korhanyilmaz.com\/index.php?rest_route=\/wp\/v2\/posts"}],"about":[{"href":"http:\/\/www.korhanyilmaz.com\/index.php?rest_route=\/wp\/v2\/types\/post"}],"author":[{"embeddable":true,"href":"http:\/\/www.korhanyilmaz.com\/index.php?rest_route=\/wp\/v2\/users\/1"}],"replies":[{"embeddable":true,"href":"http:\/\/www.korhanyilmaz.com\/index.php?rest_route=%2Fwp%2Fv2%2Fcomments&post=36145"}],"version-history":[{"count":0,"href":"http:\/\/www.korhanyilmaz.com\/index.php?rest_route=\/wp\/v2\/posts\/36145\/revisions"}],"wp:attachment":[{"href":"http:\/\/www.korhanyilmaz.com\/index.php?rest_route=%2Fwp%2Fv2%2Fmedia&parent=36145"}],"wp:term":[{"taxonomy":"category","embeddable":true,"href":"http:\/\/www.korhanyilmaz.com\/index.php?rest_route=%2Fwp%2Fv2%2Fcategories&post=36145"},{"taxonomy":"post_tag","embeddable":true,"href":"http:\/\/www.korhanyilmaz.com\/index.php?rest_route=%2Fwp%2Fv2%2Ftags&post=36145"}],"curies":[{"name":"wp","href":"https:\/\/api.w.org\/{rel}","templated":true}]}}