{"id":36143,"date":"2010-03-11T15:41:16","date_gmt":"2010-03-11T13:41:16","guid":{"rendered":"http:\/\/www.korhanyilmaz.com\/?p=20408"},"modified":"2010-03-11T15:41:16","modified_gmt":"2010-03-11T13:41:16","slug":"abdullah-gul-cumhuriyetine-hosgeldiniz-2","status":"publish","type":"post","link":"http:\/\/www.korhanyilmaz.com\/?p=36143","title":{"rendered":"&#8221;Abdullah G\u00fcl Cumhuriyeti&#8217;ne&#8221; Ho\u015fgeldiniz"},"content":{"rendered":"<div id=\"attachment_20409\" style=\"width: 156px\" class=\"wp-caption alignleft\"><a href=\"http:\/\/www.korhanyilmaz.com\/wp-content\/uploads\/2010\/03\/gul.jpg\"  class=\"lightview\"><img loading=\"lazy\" decoding=\"async\" aria-describedby=\"caption-attachment-20409\" class=\"size-full wp-image-20409\" style=\"margin-left: 10px; margin-right: 10px;\" title=\"Abdullah G\u00fcl\" src=\"http:\/\/www.korhanyilmaz.com\/wp-content\/uploads\/2010\/03\/gul.jpg\" alt=\"\" width=\"146\" height=\"192\" \/><\/a><p id=\"caption-attachment-20409\" class=\"wp-caption-text\">Abdullah G\u00fcl<\/p><\/div>\n<p style=\"text-align: justify;\">Abdullah G\u00fcl bug\u00fcn Isparta&#8217;dayd\u0131. Valilik ve Belediye ziyaretlerinin ard\u0131ndan S\u00fcleyman Demirel \u00dcniversitesi rekt\u00f6r\u00fcn\u00fc ziyaret etti. Ziyaret etti ama \u00f6ncesinde ve ziyaret s\u0131ras\u0131nda ya\u015fananlar i\u015fte Abdullah G\u00fcl rejimi dedirtti.<\/p>\n<p style=\"text-align: justify;\">T\u00fcrkiye Gen\u00e7lik Birli\u011fi y\u00f6neticisi Musttafa \u0130lhan sabah derse girmek i\u00e7in \u00fcniversiteye geldi. \u00d6nce arac\u0131n\u0131 \u00fcniversite bah\u00e7esine park etti ard\u0131ndan da kantine indi. Kantinde arabas\u0131n\u0131n \u00e7ekildi\u011fi haberini ald\u0131 ve hemen arac\u0131n\u0131n yan\u0131na gitti. \u0130lhan&#8217;\u0131n arac\u0131 polisler taraf\u0131ndan aran\u0131yordu. Bu arada polis t\u00fcm TGB \u00fcyelerinin okuldan d\u0131\u015far\u0131 \u00e7\u0131kmas\u0131n\u0131 istedi. Gerek\u00e7e \u015f\u00f6yleydi: &#8220;Cumhurba\u015fkan\u0131 okula geliyor, burdan ayr\u0131lman\u0131z gerekiyor&#8221;. <!--more--><\/p>\n<p style=\"text-align: justify;\">Polisin uyar\u0131lar\u0131n\u0131n ard\u0131ndan TGB \u00fcyeleri okulu terk ederek, \u015fehir merkezinde bir pasaja gittiler. \u00d6\u011frenciler \u015fehir merkezine gelene kadar da bir sivil ara\u00e7 onlar\u0131 takip etti. Bu kez polisler pasaj giri\u015finde \u00f6\u011frencilerin yan\u0131na gelerek &#8220;G\u00fcvenlik gerek\u00e7esiyle burada kalacaks\u0131n\u0131z&#8221; dediler.<\/p>\n<p style=\"text-align: justify;\">\u00d6\u011frenciler 3 saat boyunca pasajda bekletildi. Abdullah G\u00fcl \u00fcniversiteden \u00e7\u0131kt\u0131ktan sonra ise polis soka\u011f\u0131 terk etti.<\/p>\n<p style=\"text-align: justify;\">Emir Cumhurba\u015fkanl\u0131\u011f\u0131 Koruma M\u00fcd\u00fcrl\u00fc\u011f\u00fc&#8217;nden geliyordu. Muhabirimiz Bora T\u00fcfekli olayla ilgili Emniyet M\u00fcd\u00fcr Yard\u0131mc\u0131s\u0131n\u0131 arad\u0131. Ald\u0131\u011f\u0131 cevap \u015fu oldu:<\/p>\n<p style=\"text-align: justify;\">&#8220;Herhangi bir olumsuzluk yaratabilecek kurulu\u015flar \u00fczerinde duruluyor. Protesto eylemi yapabilecekler \u00fczerinde duruluyor&#8221;.<\/p>\n<p style=\"text-align: justify;\">Bu da Abdullah G\u00fcl rejimi. Bu rejimin \u00f6nemli unsuru gen\u00e7lerden korku. Bir de hukuk taraf\u0131 var. Eylem yok ama yapacaks\u0131n\u0131z diye \u00fcniversiteyi bo\u015faltt\u0131rma, pasajda g\u00f6zalt\u0131nda tutma var.<\/p>\n<p style=\"text-align: justify;\"><span style=\"color: #888888;\">Haber Kayna\u011f\u0131 :<a href=\"http:\/\/ulusalkanal.com.tr\/index.php?option=com_content&amp;task=view&amp;id=13667&amp;Itemid=4\" target=\"_blank\"> ulusalkanal.com.tr<\/a><\/span><\/p>\n","protected":false},"excerpt":{"rendered":"<p id=\"caption-attachment-20409\" class=\"wp-caption-text\">Abdullah G\u00fcl<\/p>\n<p style=\"text-align: justify;\">Abdullah G\u00fcl bug\u00fcn Isparta&#8217;dayd\u0131. Valilik ve Belediye ziyaretlerinin ard\u0131ndan S\u00fcleyman Demirel \u00dcniversitesi rekt\u00f6r\u00fcn\u00fc ziyaret etti. Ziyaret etti ama \u00f6ncesinde ve ziyaret s\u0131ras\u0131nda ya\u015fananlar i\u015fte Abdullah G\u00fcl rejimi dedirtti.<\/p>\n<p style=\"text-align: justify;\">T\u00fcrkiye Gen\u00e7lik Birli\u011fi y\u00f6neticisi Musttafa \u0130lhan sabah derse girmek i\u00e7in \u00fcniversiteye geldi. \u00d6nce arac\u0131n\u0131 \u00fcniversite bah\u00e7esine park etti ard\u0131ndan <\/p>\n","protected":false},"author":1,"featured_media":0,"comment_status":"open","ping_status":"closed","sticky":false,"template":"","format":"standard","meta":{"footnotes":""},"categories":[105],"tags":[],"class_list":["post-36143","post","type-post","status-publish","format-standard","hentry","category-gundem","odd"],"_links":{"self":[{"href":"http:\/\/www.korhanyilmaz.com\/index.php?rest_route=\/wp\/v2\/posts\/36143","targetHints":{"allow":["GET"]}}],"collection":[{"href":"http:\/\/www.korhanyilmaz.com\/index.php?rest_route=\/wp\/v2\/posts"}],"about":[{"href":"http:\/\/www.korhanyilmaz.com\/index.php?rest_route=\/wp\/v2\/types\/post"}],"author":[{"embeddable":true,"href":"http:\/\/www.korhanyilmaz.com\/index.php?rest_route=\/wp\/v2\/users\/1"}],"replies":[{"embeddable":true,"href":"http:\/\/www.korhanyilmaz.com\/index.php?rest_route=%2Fwp%2Fv2%2Fcomments&post=36143"}],"version-history":[{"count":0,"href":"http:\/\/www.korhanyilmaz.com\/index.php?rest_route=\/wp\/v2\/posts\/36143\/revisions"}],"wp:attachment":[{"href":"http:\/\/www.korhanyilmaz.com\/index.php?rest_route=%2Fwp%2Fv2%2Fmedia&parent=36143"}],"wp:term":[{"taxonomy":"category","embeddable":true,"href":"http:\/\/www.korhanyilmaz.com\/index.php?rest_route=%2Fwp%2Fv2%2Fcategories&post=36143"},{"taxonomy":"post_tag","embeddable":true,"href":"http:\/\/www.korhanyilmaz.com\/index.php?rest_route=%2Fwp%2Fv2%2Ftags&post=36143"}],"curies":[{"name":"wp","href":"https:\/\/api.w.org\/{rel}","templated":true}]}}