{"id":36141,"date":"2010-03-11T13:40:07","date_gmt":"2010-03-11T11:40:07","guid":{"rendered":"http:\/\/www.korhanyilmaz.com\/?p=20364"},"modified":"2010-03-11T13:40:07","modified_gmt":"2010-03-11T11:40:07","slug":"erdogan-belediyeyi-gelsin-danistay-yonetsin-2","status":"publish","type":"post","link":"http:\/\/www.korhanyilmaz.com\/?p=36141","title":{"rendered":"Erdo\u011fan: &#8220;Belediyeyi gelsin Dan\u0131\u015ftay y\u00f6netsin&#8221;"},"content":{"rendered":"<p><a href=\"http:\/\/www.korhanyilmaz.com\/wp-content\/uploads\/2010\/03\/erdogan1.jpg\"  class=\"lightview\"><img loading=\"lazy\" decoding=\"async\" class=\"aligncenter size-full wp-image-20365\" src=\"http:\/\/www.korhanyilmaz.com\/wp-content\/uploads\/2010\/03\/erdogan1.jpg\" alt=\"\" width=\"292\" height=\"213\" \/><\/a><\/p>\n<p style=\"text-align: justify;\">Ba\u015fbakan Recep Tayyip Erdo\u011fan yarg\u0131y\u0131 bu kez de, Ankara&#8217;da mahkemenin iptal etti\u011fi ula\u015f\u0131m zamm\u0131 karar\u0131 \u00fczerinden ele\u015ftirdi, &#8220;Belediyeyi gelsin Dan\u0131\u015ftay y\u00f6netsin&#8221; dedi.<!--more--><\/p>\n<p style=\"text-align: justify;\">Ankara&#8217;da sa\u011fl\u0131k tesislerinin toplu a\u00e7\u0131l\u0131\u015f t\u00f6reninde konu\u015fan Erdo\u011fan, &#8220;Dan\u0131\u015ftay karar\u0131 verirken millet ad\u0131na diyor, ama millete hesap vermiyor&#8221; dedi.<\/p>\n<p style=\"text-align: justify;\">Salondaki bir vatanda\u015f\u0131n, SSK&#8217;l\u0131lara y\u00f6nelik uygulamalardan \u015fikayet ederek &#8220;Kunta Kinte&#8221; benzetmesi yapmas\u0131 \u00fczerine Erdo\u011fan, &#8220;Yani bu \u00fclkenin ger\u00e7ekten Kunta Kinteleri vard\u0131. Ben de SSK&#8217;l\u0131yd\u0131m, ayn\u0131 \u015fekilde ben de senin gibi Kunta Kinte&#8217;ydim. Sabah\u0131n 5&#8217;inde, 6&#8217;s\u0131nda gideceksin, hastanede kuyru\u011fa gireceksin, muayene olabilirsen \u00f6p ba\u015f\u0131na koy. Ama bir de muayene oldu\u011fun zaman hemen bir kart s\u0131k\u0131\u015ft\u0131r\u0131yorlar kap\u0131da, diyorlar ki &#8216;b\u00f6yle b\u00f6yle muayenehaneye gelirsen orada daha rahat olur bu i\u015f. Bunlar\u0131 hep birlikte ya\u015fad\u0131k m\u0131? Ya\u015fad\u0131k&#8221; dedi.<\/p>\n<p style=\"text-align: justify;\">\u015eimdi, bunlar\u0131 ya\u015fatanlar\u0131n, kendilerine farl\u0131 farkl\u0131 g\u00f6steriler yapt\u0131klar\u0131n\u0131 ifade eden Ba\u015fbakan Erdo\u011fan, &#8220;(Biz bu yola, halk i\u00e7inde muteber devlet yok devlet gibi, olmaya devlet cihanda bir nefes s\u0131hhat gibi) diyerek \u00e7\u0131kt\u0131k. Devlet feda olur, feda edilir ama vatanda\u015f\u0131m\u0131z\u0131n sa\u011fl\u0131\u011f\u0131 feda edilemez. Elimizden geleni yapaca\u011f\u0131z, arda koymayaca\u011f\u0131z. Fakat t\u00fcm d\u00f6rt d\u00f6rtl\u00fck bu i\u015f ba\u015far\u0131ld\u0131 m\u0131? Hay\u0131r. D\u00f6rt d\u00f6rtl\u00fck ba\u015far\u0131lmad\u0131. \u00c7\u00fcnk\u00fc sorun insan. Ama in\u015fallah ba\u015faraca\u011f\u0131z bu i\u015fi&#8221; diye konu\u015ftu.<\/p>\n<p style=\"text-align: justify;\">Doktorlara y\u00f6nelik d\u00fczenlemelerle de vatanda\u015f\u0131n \u00f6zel muayenehaneye gitme zorunlulu\u011funu azaltt\u0131klar\u0131n\u0131, tam g\u00fcn yasas\u0131 ile bu durumunda ortadan kalkaca\u011f\u0131n\u0131 dile getiren Erdo\u011fan, ye\u015fil kart uygulamas\u0131na de\u011findi.<\/p>\n<p style=\"text-align: justify;\"><strong>Ye\u015fil Kart uygulamas\u0131:<\/strong><\/p>\n<p style=\"text-align: justify;\">Ye\u015fil Kart sahiplerinin istedikleri eczaneden ila\u00e7lar\u0131n\u0131 alabildiklerini belirten Erdo\u011fan, &#8220;Ancak, burada da b\u00fcy\u00fck bir tezgah var onu da s\u00f6yleyeyim. Yani Ye\u015fil Kart almamas\u0131 gerekenlerin de Ye\u015fil Kart ald\u0131klar\u0131n\u0131 tespit ediyoruz. Maalesef, maalesef, yani ye\u015fil kart almamas\u0131 gerekenler bile gidiyorlar ne yap\u0131p, yap\u0131p, bak\u0131yorsun bir Ye\u015fil Kart al\u0131yor, onunla ba\u015fkas\u0131n\u0131n hakk\u0131n\u0131 gasp ediyor. Burada da biz vatanda\u015flar\u0131m\u0131z\u0131ndan yard\u0131m istiyoruz. Diyoruz ki bu t\u00fcrlerini bize ihbar edin. \u00c7\u00fcnk\u00fc bu toplum birbirini kontrol edecek ki suistimaller olmas\u0131n. Bu suistimalleri ortadan kald\u0131rmam\u0131z laz\u0131m. Kalkt\u0131\u011f\u0131 anda g\u00f6receksiniz s\u0131\u00e7ramamaz \u00e7ok farkl\u0131 olacak&#8221; dedi.<\/p>\n<p style=\"text-align: justify;\"><span style=\"color: #888888;\">CNN T\u00dcRK<\/span><\/p>\n","protected":false},"excerpt":{"rendered":"<\/p>\n<p style=\"text-align: justify;\">Ba\u015fbakan Recep Tayyip Erdo\u011fan yarg\u0131y\u0131 bu kez de, Ankara&#8217;da mahkemenin iptal etti\u011fi ula\u015f\u0131m zamm\u0131 karar\u0131 \u00fczerinden ele\u015ftirdi, &#8220;Belediyeyi gelsin Dan\u0131\u015ftay y\u00f6netsin&#8221; dedi.<\/p>\n","protected":false},"author":1,"featured_media":0,"comment_status":"open","ping_status":"closed","sticky":false,"template":"","format":"standard","meta":{"footnotes":""},"categories":[105],"tags":[],"class_list":["post-36141","post","type-post","status-publish","format-standard","hentry","category-gundem","odd"],"_links":{"self":[{"href":"http:\/\/www.korhanyilmaz.com\/index.php?rest_route=\/wp\/v2\/posts\/36141","targetHints":{"allow":["GET"]}}],"collection":[{"href":"http:\/\/www.korhanyilmaz.com\/index.php?rest_route=\/wp\/v2\/posts"}],"about":[{"href":"http:\/\/www.korhanyilmaz.com\/index.php?rest_route=\/wp\/v2\/types\/post"}],"author":[{"embeddable":true,"href":"http:\/\/www.korhanyilmaz.com\/index.php?rest_route=\/wp\/v2\/users\/1"}],"replies":[{"embeddable":true,"href":"http:\/\/www.korhanyilmaz.com\/index.php?rest_route=%2Fwp%2Fv2%2Fcomments&post=36141"}],"version-history":[{"count":0,"href":"http:\/\/www.korhanyilmaz.com\/index.php?rest_route=\/wp\/v2\/posts\/36141\/revisions"}],"wp:attachment":[{"href":"http:\/\/www.korhanyilmaz.com\/index.php?rest_route=%2Fwp%2Fv2%2Fmedia&parent=36141"}],"wp:term":[{"taxonomy":"category","embeddable":true,"href":"http:\/\/www.korhanyilmaz.com\/index.php?rest_route=%2Fwp%2Fv2%2Fcategories&post=36141"},{"taxonomy":"post_tag","embeddable":true,"href":"http:\/\/www.korhanyilmaz.com\/index.php?rest_route=%2Fwp%2Fv2%2Ftags&post=36141"}],"curies":[{"name":"wp","href":"https:\/\/api.w.org\/{rel}","templated":true}]}}