{"id":36140,"date":"2010-03-11T09:31:04","date_gmt":"2010-03-11T07:31:04","guid":{"rendered":"http:\/\/www.korhanyilmaz.com\/?p=20353"},"modified":"2010-03-11T09:31:04","modified_gmt":"2010-03-11T07:31:04","slug":"karikaturun-usta-ismi-turhan-selcuku-kaybettik-2","status":"publish","type":"post","link":"http:\/\/www.korhanyilmaz.com\/?p=36140","title":{"rendered":"Karikat\u00fcr\u00fcn usta ismi Turhan Sel\u00e7uk&#8217;u kaybettik"},"content":{"rendered":"<p style=\"text-align: center;\"><a href=\"http:\/\/www.korhanyilmaz.com\/wp-content\/uploads\/2010\/03\/turhanselcuk.jpg\"  class=\"lightview\"><img loading=\"lazy\" decoding=\"async\" class=\"aligncenter size-full wp-image-20354\" src=\"http:\/\/www.korhanyilmaz.com\/wp-content\/uploads\/2010\/03\/turhanselcuk.jpg\" alt=\"\" width=\"263\" height=\"241\" \/><\/a><\/p>\n<p style=\"text-align: justify;\">Cumhuriyet gazetesi karikat\u00fcristi Turhan Sel\u00e7uk, 88 ya\u015f\u0131nda \u0130stanbul&#8217;da vefat etti.<\/p>\n<p style=\"text-align: justify;\">Ge\u00e7irdi\u011fi bir rahats\u0131zl\u0131k sonucu Ac\u0131badem Maslak Hastanesinde ameliyat olduktan sonra yo\u011fun bak\u0131ma al\u0131nan Sel\u00e7uk, gece saat 01.30 s\u0131ralar\u0131nda hayat\u0131n\u0131 kaybetti. <!--more--><\/p>\n<p style=\"text-align: justify;\">Sel\u00e7uk, \u00f6nceki g\u00fcn rahats\u0131zlanarak Ac\u0131badem Maslak Hastanesi&#8217;ne kald\u0131r\u0131lm\u0131\u015ft\u0131.<\/p>\n<p style=\"text-align: justify;\">Kar\u0131ndaki aort damar\u0131n\u0131n geni\u015flemesi (abdominal aort anevrizmas\u0131) te\u015fhisi ile tedavi alt\u0131na al\u0131nan Sel\u00e7uk&#8217;a hastanede \u00f6nceki g\u00fcn stent tak\u0131lm\u0131\u015ft\u0131.<\/p>\n<p style=\"text-align: justify;\">Ancak kanama nedeniyle tekrar ameliyata al\u0131nan Sel\u00e7uk, yo\u011fun bak\u0131mda tutuluyordu.<\/p>\n<p style=\"text-align: justify;\"><strong>Turhan Sel\u00e7uk kimdir? <\/strong><\/p>\n<p style=\"text-align: justify;\">T\u00fcrk mizah\u0131n\u0131n \u00f6nde gelen isimlerinden olan ve T\u00fcrkiye&#8217;de mizaha y\u00f6n veren karikat\u00fcristlerden biri olan Sel\u00e7uk, Mu\u011fla&#8217;n\u0131n Milas il\u00e7esinde 1922 y\u0131l\u0131nda d\u00fcnyaya geldi.<\/p>\n<p style=\"text-align: justify;\">Semih Balc\u0131o\u011flu ve Ferit \u00d6ng\u00f6ren ile beraber Karikat\u00fcrc\u00fcler Derne\u011fi&#8217;nin kurucular\u0131ndan olan Sel\u00e7uk, Akbaba, Aydede, Y\u00f6n, Devrim \u00d6rne\u011fi gibi dergilerin yan\u0131 s\u0131ra Milliyet ve Ak\u015fam gibi g\u00fcnl\u00fck gazetelerde \u00e7al\u0131\u015ft\u0131.<\/p>\n<p style=\"text-align: justify;\">\u00d6zellikle Abd\u00fclcanbaz tiplemesi \u00fcn kazanan Sel\u00e7uk&#8217;un T\u00fcrkiye ve Avrupa&#8217;da bir\u00e7ok m\u00fczede karikat\u00fcrleri sergilendi.<\/p>\n<p style=\"text-align: justify;\">Cumhuriyet gazetesinde \u00e7izen Sel\u00e7uk, gazeteci-yazar \u0130lhan Sel\u00e7uk&#8217;un da karde\u015fi.<\/p>\n<p style=\"text-align: justify;\"><a href=\"http:\/\/www.korhanyilmaz.com\/wp-content\/uploads\/2010\/03\/001.jpg\"  class=\"lightview\"><img loading=\"lazy\" decoding=\"async\" class=\"aligncenter size-full wp-image-20355\" src=\"http:\/\/www.korhanyilmaz.com\/wp-content\/uploads\/2010\/03\/001.jpg\" alt=\"\" width=\"464\" height=\"320\" \/><\/a><\/p>\n<p style=\"text-align: justify;\"><span style=\"color: #888888;\">CNN T\u00dcRK<\/span><\/p>\n<p style=\"text-align: justify;\">\n","protected":false},"excerpt":{"rendered":"<p style=\"text-align: center;\">\n<p style=\"text-align: justify;\">Cumhuriyet gazetesi karikat\u00fcristi Turhan Sel\u00e7uk, 88 ya\u015f\u0131nda \u0130stanbul&#8217;da vefat etti.<\/p>\n<p style=\"text-align: justify;\">Ge\u00e7irdi\u011fi bir rahats\u0131zl\u0131k sonucu Ac\u0131badem Maslak Hastanesinde ameliyat olduktan sonra yo\u011fun bak\u0131ma al\u0131nan Sel\u00e7uk, gece saat 01.30 s\u0131ralar\u0131nda hayat\u0131n\u0131 kaybetti. <\/p>\n","protected":false},"author":1,"featured_media":0,"comment_status":"open","ping_status":"closed","sticky":false,"template":"","format":"standard","meta":{"footnotes":""},"categories":[105],"tags":[],"class_list":["post-36140","post","type-post","status-publish","format-standard","hentry","category-gundem","odd"],"_links":{"self":[{"href":"http:\/\/www.korhanyilmaz.com\/index.php?rest_route=\/wp\/v2\/posts\/36140","targetHints":{"allow":["GET"]}}],"collection":[{"href":"http:\/\/www.korhanyilmaz.com\/index.php?rest_route=\/wp\/v2\/posts"}],"about":[{"href":"http:\/\/www.korhanyilmaz.com\/index.php?rest_route=\/wp\/v2\/types\/post"}],"author":[{"embeddable":true,"href":"http:\/\/www.korhanyilmaz.com\/index.php?rest_route=\/wp\/v2\/users\/1"}],"replies":[{"embeddable":true,"href":"http:\/\/www.korhanyilmaz.com\/index.php?rest_route=%2Fwp%2Fv2%2Fcomments&post=36140"}],"version-history":[{"count":0,"href":"http:\/\/www.korhanyilmaz.com\/index.php?rest_route=\/wp\/v2\/posts\/36140\/revisions"}],"wp:attachment":[{"href":"http:\/\/www.korhanyilmaz.com\/index.php?rest_route=%2Fwp%2Fv2%2Fmedia&parent=36140"}],"wp:term":[{"taxonomy":"category","embeddable":true,"href":"http:\/\/www.korhanyilmaz.com\/index.php?rest_route=%2Fwp%2Fv2%2Fcategories&post=36140"},{"taxonomy":"post_tag","embeddable":true,"href":"http:\/\/www.korhanyilmaz.com\/index.php?rest_route=%2Fwp%2Fv2%2Ftags&post=36140"}],"curies":[{"name":"wp","href":"https:\/\/api.w.org\/{rel}","templated":true}]}}