{"id":36136,"date":"2010-03-09T16:25:33","date_gmt":"2010-03-09T14:25:33","guid":{"rendered":"http:\/\/www.korhanyilmaz.com\/?p=20291"},"modified":"2010-03-09T16:25:33","modified_gmt":"2010-03-09T14:25:33","slug":"kilicdaroglu-genel-af-dedi-ama-baykal-2","status":"publish","type":"post","link":"http:\/\/www.korhanyilmaz.com\/?p=36136","title":{"rendered":"K\u0131l\u0131\u00e7daro\u011flu &#8216;genel af&#8217; dedi ama Baykal&#8230;"},"content":{"rendered":"<p style=\"text-align: center;\"><a href=\"http:\/\/www.korhanyilmaz.com\/wp-content\/uploads\/2010\/03\/baykal4.jpg\"  class=\"lightview\"><img loading=\"lazy\" decoding=\"async\" class=\"aligncenter size-full wp-image-20292\" src=\"http:\/\/www.korhanyilmaz.com\/wp-content\/uploads\/2010\/03\/baykal4.jpg\" alt=\"\" width=\"307\" height=\"236\" \/><\/a><\/p>\n<p style=\"text-align: justify;\">CHP Genel Ba\u015fkan\u0131 Deniz Baykal, CHP Grup Ba\u015fkanvekili Kemal K\u0131l\u0131\u00e7daro\u011flu&#8217;nun &#8216;genel af&#8217; \u00f6nerisini yanl\u0131\u015f buldu\u011funu a\u00e7\u0131klad\u0131.<\/p>\n<p style=\"text-align: justify;\">Baykal, partisinin grup toplant\u0131s\u0131ndan sonra konuya ili\u015fkin soru \u00fczerine, bu konuda CHP&#8217;nin d\u00fc\u015f\u00fcncesiyle ilgili herhangi bir teredd\u00fcte yer olmad\u0131\u011f\u0131n\u0131 ifade etti. <!--more--><\/p>\n<p style=\"text-align: justify;\">CHP olarak ter\u00f6rle m\u00fccadelenin \u00fclkenin temel \u00f6nceli\u011fi oldu\u011funu, ter\u00f6re kar\u015f\u0131 kararl\u0131l\u0131kla ve sonu\u00e7 al\u0131c\u0131 bir m\u00fccadele vermenin mutlak zorunluluk oldu\u011funu d\u00fc\u015f\u00fcnd\u00fcklerini belirten Baykal, hep bu do\u011frultuda a\u00e7\u0131klamalar yapt\u0131klar\u0131n\u0131 vurgulad\u0131.<\/p>\n<p style=\"text-align: justify;\">&#8220;T\u00fcrkiye&#8217;de ter\u00f6rle m\u00fccadeleye art\u0131k bir son verildi\u011fini, bu m\u00fccadeleyi a\u00e7anlar ilan etti\u011fi, ellerindeki silahlar\u0131n t\u00fcm\u00fcn\u00fc teslim etti\u011fi, art\u0131k ter\u00f6re tekrar ba\u015fvurulmayaca\u011f\u0131 konusunda herkesin hakl\u0131 bir g\u00fcven duyabildi\u011fi bir noktada bir toplumsal bar\u0131\u015f projesi olarak af konusunun d\u00fc\u015f\u00fcn\u00fclebilece\u011fini s\u00f6yledik, ben s\u00f6yledim. O zaman da kulland\u0131\u011f\u0131m\u0131z niteleme aft\u0131r&#8221; diyen Baykal, &#8220;\u00dclkenin \u015fartlar\u0131na, ihtiya\u00e7lar\u0131na g\u00f6re bunun kapsam\u0131, niteli\u011fi, \u00e7er\u00e7evesi elbette belirlenecektir. Ama T\u00fcrkiye&#8217;de ter\u00f6r net bir \u015fekilde g\u00fcndemden d\u00fc\u015fecek ise, ortadan kalkacak ise, o g\u00fcnleri ya\u015far isek ve bunun kal\u0131c\u0131 oldu\u011fu ortaya \u00e7\u0131kar ise, silahlar t\u00fcm\u00fcyle teslim edilir ve ter\u00f6r d\u00f6nemi reddedilir ise elbette bizim insanlar\u0131 kin, intikam ve nefret duygusu i\u00e7inde d\u00fc\u015fman gibi kabul etmemiz \u00e7ok yanl\u0131\u015ft\u0131r&#8221; dedi.<\/p>\n<p style=\"text-align: justify;\">Baykal, &#8220;Bir toplumsal bar\u0131\u015f projesine in\u015fallah o g\u00fcn geldi\u011finde T\u00fcrkiye&#8217;de ihtiya\u00e7 olur, imkan olur, bu imkan\u0131 bu ihtiyac\u0131 o zaman de\u011ferlendiririz. Ama \u015fu s\u0131rada, bak\u0131n ikinci \u015fehidi verdik son iki g\u00fcn i\u00e7inde, b\u00f6yle bir \u015feyin hi\u00e7bir ortam\u0131 yok. Bu s\u00f6zler yanl\u0131\u015f s\u00f6zler. Bunu g\u00fcndeme getirmek, ta\u015f\u0131mak ve buradan bir aray\u0131\u015fa girmek kesinlikle do\u011fru de\u011fildir. Biz ter\u00f6rle m\u00fccadelenin kararl\u0131l\u0131kla y\u00fcr\u00fct\u00fclmesi gerekti\u011fine inan\u0131yoruz. Ter\u00f6r tehdidi \u00fclkenin g\u00fcndeminden kesinlikle d\u00fc\u015ft\u00fckten sonra elbette hepimiz bir toplumsal bar\u0131\u015f anlay\u0131\u015f\u0131 i\u00e7inde gereken neyse o zaman ona hep birlikte millet\u00e7e bakar\u0131z&#8221; ifadesini kulland\u0131.<\/p>\n<p style=\"text-align: justify;\">CHP Grup Ba\u015fkanvekili Kemal K\u0131l\u0131\u00e7daro\u011flu ise, &#8220;Toplumsal bar\u0131\u015f\u0131n bir par\u00e7as\u0131 olacaksa genel affa &#8216;evet&#8217; deriz&#8221; demi\u015fti. Bu s\u00f6zlere kar\u015f\u0131l\u0131k olarak Ba\u015fbakan Recep Tayyip Erdo\u011fan da, &#8220;CHP&#8217;nin ne dedi\u011fini anlamakta zorlan\u0131yorum&#8221; demi\u015fti.<\/p>\n<p style=\"text-align: justify;\">* *<\/p>\n<p style=\"text-align: justify;\">Baykal partisinin grup toplant\u0131s\u0131nda ise g\u00fcndeme ili\u015fkin \u015fu de\u011ferlendirmelerde bulundu.<\/p>\n<p style=\"text-align: justify;\">Ermeni tasar\u0131s\u0131:<\/p>\n<p style=\"text-align: justify;\">&#8220;Ermeni tasar\u0131s\u0131 konusunda biz iyi niyetle h\u00fck\u00fcmete hep uyar\u0131larda bulunduk ama maalesef  bu noktaya gelinmi\u015ftir&#8221; diyen CHP lideri, &#8220;116 y\u0131ld\u0131r ABD Kongresi bu olaylarla ilgili olarak bizi su\u00e7luyor&#8221; dedi.<\/p>\n<p style=\"text-align: justify;\">CHP lideri, &#8220;Bu tasar\u0131 1915&#8217;teki olaylar hakk\u0131nda ABD Kongresi&#8217;nin karar almas\u0131n\u0131 de\u011fil, 1915-1923 aras\u0131nda ya\u015fananlar i\u00e7in ABD Kongresi&#8217;nin karar almas\u0131n\u0131 istiyor. Yani art\u0131k sadece Osmanl\u0131 de\u011fil, T\u00fcrkiye Cumhuriyeti ve Mustafa Kemal Atat\u00fcrk d\u00f6nemi de Ermeni iddialar\u0131n\u0131n hedefi haline getirilmek isteniyor&#8221; \u015feklinde konu\u015ftu.<\/p>\n<p style=\"text-align: justify;\">&#8220;\u015eimdi hedef, sadece Osmanl\u0131 d\u00f6nemi de\u011fil, 1923, yani T\u00fcrkiye Cumhuriyeti d\u00f6nemi, yani Mustafa Kemal Atat\u00fcrk d\u00f6nemi de Ermeni ithamlar\u0131n\u0131n hedefi haline getirilmek istenmektedir&#8221; diyen Baykal, &#8220;Tarihe y\u00f6nelik bir karalama, su\u00e7laman\u0131n \u00f6tesinde, T\u00fcrkiye&#8217;nin gelecekteki politikas\u0131n\u0131 belirlemek i\u00e7in kullan\u0131lacak bir levye, bir ara\u00e7 haline getirilmektedir&#8221; dedi.<\/p>\n<p style=\"text-align: justify;\">&#8220;Biz h\u00fck\u00fcmete Azerbaycan ile dostlu\u011fu y\u0131kacaks\u0131n\u0131z dedik. Bu protokol ile bunu y\u0131kmay\u0131n dedik. Kalk\u0131\u015ft\u0131lar&#8221; diyen CHP lideri, &#8220;\u00dcst\u00fcne \u00fcstl\u00fck Ermenistan Anayasa Mahkemesi bir karar ald\u0131, &#8220;Soyk\u0131r\u0131ma devam, T\u00fcrkiye ile s\u0131n\u0131r\u0131 da tan\u0131m\u0131yoruz. Biz sevimli g\u00f6z\u00fckt\u00fck ama peki ne oldu? Art\u0131k hi\u00e7bir anlam ta\u015f\u0131mad\u0131\u011f\u0131 ortaya \u00e7\u0131kan aldatmaca belgesi olan bu protokoller meclis g\u00fcndeminde \u00e7ekilmelidir. H\u00fck\u00fcmet olay\u0131 i\u00e7 politika zemininde kurcalamaya \u00e7al\u0131\u015f\u0131yor. Yap\u0131lmas\u0131 ka\u00e7\u0131n\u0131lmaz olan tek bir i\u015f var. O protokollerin Meclis g\u00fcndeminde \u00e7ekilmesi&#8221; dedi.<\/p>\n<p style=\"text-align: justify;\"><strong>\u0130rtica ile M\u00fccadele Eylem Plan\u0131:<\/strong><\/p>\n<p style=\"text-align: justify;\">Deniz Baykal, &#8220;\u0130rtica Eylem Plan\u0131&#8221; ile ilgili geli\u015fmeleri de\u011ferlendirirken, belgenin Genelkurmay&#8217;da haz\u0131rlan\u0131p haz\u0131rlanmad\u0131\u011f\u0131n\u0131n net bir \u015fekilde ortaya \u00e7\u0131kmas\u0131 gerekti\u011fini s\u00f6yledi.<\/p>\n<p style=\"text-align: justify;\">Baykal, bir s\u00fcre \u00f6nce Cumhurba\u015fkan\u0131 Abdullah G\u00fcl, Ba\u015fbakan Recep Tayyip Erdo\u011fan ve Genelkurmay Ba\u015fkan\u0131 Orgeneral \u0130lker Ba\u015fbu\u011f&#8217;un ger\u00e7ekle\u015ftirdi\u011fi \u00fc\u00e7l\u00fc g\u00f6r\u00fc\u015fmeden sonraki geli\u015fmeleri de\u011ferlendirdi ve g\u00f6r\u00fc\u015fmenin &#8220;gerilimin y\u00fcksek noktaya \u00e7\u0131kt\u0131\u011f\u0131 bir d\u00f6nemde&#8221; ger\u00e7ekle\u015fti\u011fini s\u00f6yledi.<\/p>\n<p style=\"text-align: justify;\">&#8220;Bulu\u015fmadan hemen sonra iki eski kuvvet komutan\u0131 ile eski Genelkurmay 2. Ba\u015fkan\u0131&#8217;n\u0131n g\u00f6zalt\u0131ndan sal\u0131verildi\u011fini&#8221; iddia eden Baykal, Genelkurmay Ba\u015fkanl\u0131\u011f\u0131&#8217;n\u0131n, &#8220;\u0130rtica Eylem Plan\u0131&#8221; iddias\u0131 konusunda &#8220;askeri savc\u0131n\u0131n incelemesi sonucunda orijinal olabilece\u011fi kanaatinin ortaya \u00e7\u0131kt\u0131\u011f\u0131n\u0131&#8221; a\u00e7\u0131klad\u0131\u011f\u0131n\u0131 hat\u0131rlatt\u0131.<\/p>\n<p style=\"text-align: justify;\">Bu kanaat do\u011frultusunda askeri savc\u0131l\u0131\u011f\u0131n\u0131n tutuklama talep etti\u011fi, ancak mahkemenin kabul etmedi\u011finin de a\u00e7\u0131klamada yer ald\u0131\u011f\u0131n\u0131 belirten Baykal, &#8220;Ama Genelkurmay resmi kanaat olarak Dursun \u00c7i\u00e7ek ile ilgili iddian\u0131n varit olabilece\u011fi inanc\u0131nda oldu\u011funu ifade etti&#8221; dedi.<\/p>\n<p style=\"text-align: justify;\">B\u00f6yle bir kanaatin, bu a\u015famada ifade edilebilmesi i\u00e7in ciddi bir ara\u015ft\u0131rman\u0131n yap\u0131ld\u0131\u011f\u0131n\u0131 s\u00f6ylemenin m\u00fcmk\u00fcn olmad\u0131\u011f\u0131n\u0131 ileri s\u00fcren Baykal, \u0131slak imzan\u0131n makine ile at\u0131l\u0131p at\u0131lmad\u0131\u011f\u0131, iddia edilen belgede \u00c7i\u00e7ek&#8217;in parmak izinin olup olmad\u0131\u011f\u0131, hangi bilgisayardan \u00e7\u0131kt\u0131\u011f\u0131 konular\u0131n\u0131n ara\u015ft\u0131r\u0131lmad\u0131\u011f\u0131n\u0131 s\u00f6yledi.<\/p>\n<p style=\"text-align: justify;\"><strong>&#8220;Olay\u0131n \u00f6n\u00fcn\u00fc arkas\u0131n\u0131 ayd\u0131nlatmak zorunday\u0131z&#8221; <\/strong><\/p>\n<p style=\"text-align: justify;\">Parmak izinin matematiksel bir kesinlikle ortaya konulabilece\u011fini belirten Baykal, &#8220;Bunu yapt\u0131k m\u0131? Yapmad\u0131k. Bunu yapmadan bir a\u00e7\u0131klama yapt\u0131k. \u0130mzan\u0131n at\u0131ld\u0131\u011f\u0131 kalemin m\u00fcrekkebinin cinsi ve ya\u015f\u0131 teknik olarak belirlenebilir. Bu ara\u015ft\u0131rma yap\u0131lmal\u0131d\u0131r&#8217; deniyor. Bunlar yap\u0131ld\u0131 m\u0131? Yap\u0131lmad\u0131. Ama mahkemeleri ikna etmeyen verilerle bu su\u00e7laman\u0131n varit olabilece\u011fi Genelkurmay&#8217;dan yap\u0131lan a\u00e7\u0131klamayla ilan edildi. \u00c7i\u00e7ek hakk\u0131nda amirlerini yan\u0131ltmak, amirlerinin bilgisi d\u0131\u015f\u0131nda, onlar\u0131 yan\u0131ltacak \u00e7al\u0131\u015fmalara yapmak su\u00e7undan bir dava a\u00e7\u0131lmak istendi\u011fi yine Genelkurmay a\u00e7\u0131klamas\u0131ndan ortaya \u00e7\u0131kt\u0131. Bu konu b\u00f6yle kolayca ge\u00e7i\u015ftirilecek bir konu de\u011fil. Bu \u00e7ok ciddi bir meseledir&#8221; dedi.<\/p>\n<p style=\"text-align: justify;\">&#8220;E\u011fer Genelkurmay&#8217;da b\u00f6yle bir belge haz\u0131rlanm\u0131\u015f ise bunun net bir \u015fekilde ortaya \u00e7\u0131kmas\u0131 laz\u0131m. Yukar\u0131daki siyasi pazarl\u0131klar do\u011frultusunda, &#8216;ald\u0131m verdim&#8217; pazarl\u0131klar\u0131yla de\u011fil, ger\u00e7ekten \u00f6yle midir, bunun ortaya \u00e7\u0131kmas\u0131 laz\u0131m. Ortaya \u00e7\u0131kmas\u0131 i\u00e7in ne gerekirse yap\u0131lmal\u0131d\u0131r. Hepimizin i\u00e7inin rahat etmesi laz\u0131m&#8221; diyen CHP lideri, &#8220;Parmak izinin bulunmas\u0131 laz\u0131md\u0131r. M\u00fcrekkebin ya\u015f\u0131 \u00e7\u0131kar\u0131lmal\u0131d\u0131r. Makine kullan\u0131ld\u0131 m\u0131, anla\u015f\u0131lmal\u0131d\u0131r. Net g\u00f6r\u00fclmelidir. G\u00f6rd\u00fckten sonra e\u011fer ger\u00e7ekten o ki\u015fi bunu haz\u0131rlam\u0131\u015fsa, o zaman olay bamba\u015fkad\u0131r. Bu \u015fekilde ge\u00e7i\u015ftiremeyiz. &#8216;Amirlerin bilgisi d\u0131\u015f\u0131nda ger\u00e7ekle\u015ftirildi&#8217; diye ge\u00e7i\u015ftirilemez, ciddi i\u015ftir o. As\u0131l o zaman girece\u011fiz ona. Nas\u0131l haz\u0131rland\u0131? Emir kumanda ile mi haz\u0131rland\u0131? Genelkurmay&#8217;\u0131n kalbinde g\u00f6rev yap\u0131yor bu arkada\u015f. B\u00f6ylesine \u00f6nemli bir yerde, b\u00f6yle bir belge haz\u0131rlanacak ve (yetkiyi tecav\u00fcz etmi\u015f, \u00f6nemli de\u011fil) deyip olay\u0131 d\u00fc\u015f\u00fcrece\u011fiz. B\u00f6yle bir \u015fey olmaz. E\u011fer orada ger\u00e7ekten bu haz\u0131rlanm\u0131\u015fsa, bunun \u00f6n\u00fcn\u00fc arkas\u0131n\u0131 ayd\u0131nlatmak zorunday\u0131z. Demokratik bir \u00fclkede kamuoyuyla b\u00f6yle oyuncakla oynar gibi oynayamazs\u0131n\u0131z. Ciddi olacaks\u0131n\u0131z. Adaletin gere\u011fi neyse yapacaks\u0131n\u0131z&#8221; diye konu\u015ftu.<\/p>\n<p style=\"text-align: justify;\">Baykal, konunun ayd\u0131nl\u0131\u011fa kavu\u015fmad\u0131\u011f\u0131n\u0131 iddia ederek, &#8220;Vahim bir olayd\u0131r. Mutlaka ayd\u0131nl\u0131\u011fa kavu\u015fturulmal\u0131d\u0131r. \u00c7i\u00e7ek o b\u00f6lgeyi haz\u0131rlad\u0131 m\u0131 haz\u0131rlamad\u0131 m\u0131? Haz\u0131rlad\u0131ysa hesab\u0131n\u0131 vermelidir. Sadece \u00c7i\u00e7ek de\u011fil, \u00c7i\u00e7ek&#8217;e bunu haz\u0131rlama f\u0131rsat\u0131n\u0131 verenler de, i\u015fbirli\u011fi yapanlar da, i\u015fbirli\u011fi yap\u0131lmas\u0131na g\u00f6z yumanlar da sonuna kadar ara\u015ft\u0131r\u0131lmal\u0131d\u0131r. Ger\u00e7ek ortaya \u00e7\u0131kar\u0131lmal\u0131d\u0131r&#8221; ifadelerini kulland\u0131.<\/p>\n<p style=\"text-align: justify;\">\u00c7ankaya K\u00f6\u015fk\u00fc&#8217;ndeki zirveden sonra, \u0130stanbul&#8217;daki tatbikat senaryosu ile ilgili Genelkurmay&#8217;\u0131n atad\u0131\u011f\u0131 bilirki\u015fi a\u00e7\u0131klamas\u0131n\u0131n ortaya \u00e7\u0131kt\u0131\u011f\u0131n\u0131, orada \u00e7ok ilgin\u00e7 ifadelerin oldu\u011funu belirten Baykal, raporda, &#8220;Kara Kuvvetleri Komutanl\u0131\u011f\u0131n\u0131n emrine ra\u011fmen alternatif harekat planlar\u0131na a\u011f\u0131rl\u0131k verildi\u011fi, aksi y\u00f6ndeki emirlerine ra\u011fmen olas\u0131l\u0131\u011f\u0131 en y\u00fcksek tehlikeli senaryo b\u00f6l\u00fcm\u00fcn\u00fcn Karar Kuvvetleri Komutanl\u0131\u011f\u0131ndan gizlendi\u011fi&#8221; ifadelerinin yer ald\u0131\u011f\u0131n\u0131 kaydetti.<\/p>\n<p style=\"text-align: justify;\"><strong>&#8220;7 y\u0131l boyunca hesap sorulmam\u0131\u015f&#8221; <\/strong><\/p>\n<p style=\"text-align: justify;\">Baykal, &#8220;Bu terminolojinin alt\u0131nda ne var dersek, yal\u0131n ger\u00e7ek \u015fudur: Yani 2003 y\u0131l\u0131nda \u0130stanbul&#8217;da 1. Ordu&#8217;nun yapt\u0131\u011f\u0131 tatbikat\u0131n emirlere, talimatlara, Kara Kuvvetleri Komutanl\u0131\u011f\u0131n\u0131n anlay\u0131\u015f\u0131na uymayan bir bi\u00e7imde icra edilmi\u015f oldu\u011fu 7 y\u0131l sonra bug\u00fcn bu dava ortaya at\u0131ld\u0131ktan sonra tespit edilmi\u015f&#8221; dedi.<\/p>\n<p style=\"text-align: justify;\">Deniz Baykal ayr\u0131ca, &#8220;7 y\u0131l \u00f6nce yap\u0131lm\u0131\u015f olan yanl\u0131\u015fl\u0131klar\u0131n ad\u0131 2010 y\u0131l\u0131nda konulmaya \u00e7al\u0131\u015f\u0131l\u0131yor. 7 y\u0131l \u00f6nce yap\u0131lm\u0131\u015f olan tatbikattaki yanl\u0131\u015fl\u0131klar, Kara Kuvvetleri ve Genelkurmay Ba\u015fkanl\u0131\u011f\u0131n\u0131n bilgisi d\u0131\u015f\u0131nda kalm\u0131\u015f, y\u0131\u011f\u0131nla generalin ve subay\u0131n kat\u0131ld\u0131\u011f\u0131 o toplant\u0131da yap\u0131lan hukuksuzluklar, yanl\u0131\u015fl\u0131klar Kara Kuvvetleri ve Genelkurmay&#8217;\u0131n bilgisi d\u0131\u015f\u0131nda cereyan etmi\u015f, 7 y\u0131l boyunca komutanl\u0131klar bundan haberdar olmam\u0131\u015f, 7 y\u0131l boyunca bu yanl\u0131\u015fl\u0131klar\u0131n hesab\u0131 kimseden sorulmam\u0131\u015f, kimseye &#8216;niye b\u00f6yle yapt\u0131n&#8217; diye soru\u015fturma yap\u0131lmam\u0131\u015f, g\u00fcn\u00fcn birinde TSK&#8217;ya kar\u015f\u0131 bir zamanlar var oldu\u011fu ifade edilen ve devam edip etmedi\u011fini bilmedi\u011fim &#8216;psikolojik harekat&#8217; ortaya \u00e7\u0131kt\u0131ktan sonra, bu konuda iddialar ortaya at\u0131ld\u0131ktan sonra fark edilmi\u015f ki \u0130stanbul&#8217;da yap\u0131lan i\u015fler me\u011fer Kara Kuvvetleri Komutanl\u0131\u011f\u0131m\u0131z\u0131n, Genelkurmay Ba\u015fkanl\u0131\u011f\u0131m\u0131z\u0131n onay\u0131 ve bilgisi d\u0131\u015f\u0131nda yap\u0131lm\u0131\u015f. Ve bunlardan dolay\u0131 da hesap sorulmam\u0131\u015f&#8221; dedi.<\/p>\n<p style=\"text-align: justify;\">CHP lideri, &#8220;\u015eimdi dava ortaya \u00e7\u0131k\u0131nca, bu ger\u00e7ek kamuoyunun bilgisine, zirveden sonra duyurulmu\u015f. \u0130yi mi? T\u00fcrkiye&#8217;den adalet manzaralar\u0131&#8230; Bunlar \u00e7ok \u00f6nemli olaylar, \u00e7ok temel olaylar. Hukuk, siyaset T\u00fcrkiye&#8217;de nas\u0131l i\u015fliyor, nerede i\u015fliyor, neye dayal\u0131 olarak i\u015fliyor, ne zaman i\u015fliyor, kim niye al\u0131n\u0131yor, niye b\u0131rak\u0131l\u0131yor, hukukla m\u0131 al\u0131n\u0131yor, siyaseten mi al\u0131n\u0131yor, hukuk g\u00f6re mi, siyasete g\u00f6re mi b\u0131rak\u0131l\u0131yor&#8230; (Siyasetle ald\u0131lar, siyasetle b\u0131rakt\u0131lar) diyorsak, peki siyasetle al\u0131n\u0131p, siyasetle b\u0131rak\u0131lmayan, bir hukuk cenderesi i\u00e7inde y\u0131llarca hesap vermek zorunda kalan o insanlara yaz\u0131k de\u011fil mi?&#8221; diye sordu.<\/p>\n<p style=\"text-align: justify;\"><a href=\"http:\/\/www.korhanyilmaz.com\/wp-content\/uploads\/2010\/03\/baykal01.jpg\"  class=\"lightview\"><img loading=\"lazy\" decoding=\"async\" class=\"aligncenter size-full wp-image-20293\" src=\"http:\/\/www.korhanyilmaz.com\/wp-content\/uploads\/2010\/03\/baykal01.jpg\" alt=\"\" width=\"464\" height=\"240\" \/><\/a><strong><\/strong><\/p>\n<p style=\"text-align: justify;\"><strong>Anayasa de\u011fi\u015fikli\u011fi:<\/strong><\/p>\n<p style=\"text-align: justify;\">Baykal, anayasa konusuna, sorumlu, al\u00e7ak g\u00f6n\u00fcll\u00fc, i\u015fbirli\u011fine a\u00e7\u0131k, yeni bir anlay\u0131\u015fla yakla\u015fmak gerekti\u011fini, &#8220;g\u00fcmr\u00fckten mal ka\u00e7\u0131r\u0131r, evin \u00f6n\u00fcnden k\u00fct\u00fck kapar gibi&#8221; anayasa de\u011fi\u015fikli\u011fi dayatmas\u0131n\u0131n do\u011fru olmad\u0131\u011f\u0131n\u0131 s\u00f6yledi. &#8220;\u0130\u015fime gelen hukuk\u00e7ulara, AKP ad\u0131na g\u00f6rev veririm, onlar\u0131n haz\u0131rl\u0131\u011f\u0131n\u0131 ABD&#8217;ye g\u00f6t\u00fcr\u00fcp, onay\u0131n\u0131 al\u0131r\u0131m, bunu yaparken de kimsenin haberi olmaz&#8221; anlay\u0131\u015f\u0131n\u0131n olamayaca\u011f\u0131n\u0131 ifade eden Baykal, &#8220;Bu memleketin anayasas\u0131, T\u00fcrkiye&#8217;de haz\u0131rlanacak, herhangi bir siyasi partinin, genel merkezlerinde, odalar\u0131nda haz\u0131rlanmayacak&#8221; dedi.<\/p>\n<p style=\"text-align: justify;\"><strong>Yarg\u0131 reformu:<\/strong><\/p>\n<p style=\"text-align: justify;\">&#8220;HSYK ve Anayasa Mahkemesini, RT\u00dcK&#8217;e benzetmelerine, kimse m\u00fcsaade edemez. RT\u00dcK olamaz. Ba\u015fbakan, &#8216;olur olur, bal gibi olur&#8217; diye bize \u015fark\u0131 s\u00f6yl\u00fcyor. Ben, Ba\u015fbakan&#8217;a, \u00d6zdemir Asaf&#8217;\u0131n bir \u015fiiriyle cevap vereyim&#8221; diyen Baykal, \u00fcnl\u00fc \u015fairin \u015fu dizelerini aktard\u0131:<\/p>\n<p style=\"text-align: justify;\"><em>\u0130nsans\u0131z adalet olmaz<\/em><\/p>\n<p style=\"text-align: justify;\"><em>Adaletsiz insan olur mu?<\/em><\/p>\n<p style=\"text-align: justify;\"><em>Olur, olmaz m\u0131?<\/em><\/p>\n<p style=\"text-align: justify;\"><em>Ama olmaz olsun&#8230;<\/em><\/p>\n<p style=\"text-align: justify;\">\n<p style=\"text-align: justify;\"><strong>Ba\u015fsavc\u0131 Cihaner ve Org. Berk&#8217;in san\u0131k oldu\u011fu dava:<\/strong><\/p>\n<p style=\"text-align: justify;\">Erzincan Ba\u015fsavc\u0131s\u0131 \u0130lhan Cihaner ve 3. Ordu Komutan\u0131 Orgeneral Sald\u0131ray Berk&#8217;in de san\u0131k oldu\u011fu davan\u0131n iddianamesini g\u00f6steren Baykal, iddianamede &#8220;Berk&#8217;in Alevi k\u00f6yleriyle \u00f6zel olarak ilgilendi\u011fi, ihtiya\u00e7lar\u0131n\u0131n giderilmesi i\u00e7in ordunun imkanlar\u0131n\u0131 kulland\u0131\u011f\u0131na&#8221; ili\u015fkin bir dosyadan al\u0131nt\u0131lara yer verildi\u011fini kaydetti.<\/p>\n<p style=\"text-align: justify;\">\u0130ddianamede, &#8220;Berk&#8217;in b\u00f6ylece mezhep ayr\u0131mc\u0131l\u0131\u011f\u0131 yaparak, \u00e7at\u0131\u015fma \u00e7\u0131karmay\u0131 ama\u00e7lad\u0131\u011f\u0131n\u0131n&#8221; belirtildi\u011fini ifade eden Baykal,  &#8220;Bu zihniyet bu anlay\u0131\u015f, Cumhuriyeti koruyacak olan Cumhuriyet savc\u0131lar\u0131n\u0131n anlay\u0131\u015f\u0131 olarak \u00f6n\u00fcm\u00fcze \u00e7\u0131k\u0131yor. Ve bu gerek\u00e7eyle bir ordu komutan\u0131n\u0131 \u015f\u00fcpheli olarak ilan edip, onun hakk\u0131nda b\u00fct\u00fcn bu su\u00e7lama kampanyas\u0131 s\u00fcrd\u00fcrebiliyorsa bunun hakka, adalete, demokrasiye, insan haklar\u0131na yararl\u0131 olabilece\u011fini d\u00fc\u015f\u00fcnmek m\u00fcmk\u00fcn m\u00fc? Yaz\u0131klar olsun, yaz\u0131klar olsun&#8230;&#8221; dedi.<\/p>\n<p style=\"text-align: justify;\">Baykal ayr\u0131ca, T\u00fcrkiye&#8217;de s\u00f6z\u00fcn bitti\u011fi noktaday\u0131z. Bunlar bug\u00fcn T\u00fcrkiye&#8217;de ya\u015fanan olaylar\u0131n ipu\u00e7lar\u0131n\u0131 bize veriyor. Bunlar\u0131 g\u00f6r\u00fcnce bileceksiniz ki bu zihniyet \u00fclkeyi y\u00f6netiyor, bu zihniyetin borusu \u00f6t\u00fcyor. T\u00fcrkiye&#8217;yi \u00f6n\u00fcm\u00fczdeki d\u00f6nemde \u00e7ok daha b\u00fcy\u00fck s\u0131k\u0131nt\u0131lara s\u00fcr\u00fcklemesi mukadder olan bu zihniyeti, bir an \u00f6nce iktidardan uzakla\u015ft\u0131rmak tek \u00e7aredir&#8221; diye konu\u015ftu.<\/p>\n<p style=\"text-align: justify;\"><strong>Elaz\u0131\u011f depremi:<\/strong><\/p>\n<p style=\"text-align: justify;\">Baykal, Elaz\u0131\u011f&#8217;da meydana gelen 6 b\u00fcy\u00fckl\u00fc\u011f\u00fcndeki depremde 51 can kayb\u0131n\u0131n ortaya \u00e7\u0131kmas\u0131n\u0131n, \u00e7ok ac\u0131 oldu\u011funu ve buradan \u00e7\u0131kart\u0131lmas\u0131 gereken ders bulundu\u011funu s\u00f6yledi.<\/p>\n<p style=\"text-align: justify;\">Baykal, &#8220;Derhal, deprem ortaya \u00e7\u0131kabilece\u011fi d\u00fc\u015f\u00fcn\u00fclen b\u00f6lgelere ve \u0130stanbul&#8217;a y\u00f6nelik deprem \u00f6ncesi al\u0131nmas\u0131 gereken \u00f6nlemleri, milli dayan\u0131\u015fma i\u00e7inde el birli\u011fiyle uygulamaya koymam\u0131z laz\u0131md\u0131r&#8221; dedi.<\/p>\n<p style=\"text-align: center;\"><a href=\"http:\/\/www.korhanyilmaz.com\/wp-content\/uploads\/2010\/03\/baykal02.jpg\"  class=\"lightview\"><img loading=\"lazy\" decoding=\"async\" class=\"aligncenter size-full wp-image-20294\" src=\"http:\/\/www.korhanyilmaz.com\/wp-content\/uploads\/2010\/03\/baykal02.jpg\" alt=\"\" width=\"464\" height=\"240\" \/><\/a><\/p>\n<p style=\"text-align: justify;\">Baykal, &#8220;Ya\u015fanan olaylar art\u0131k bize pek \u00e7ok \u015feyi g\u00f6stermi\u015ftir. Alt\u0131 b\u00fcy\u00fckl\u00fc\u011f\u00fcndeki bir depremde 51 can kayb\u0131n\u0131n ortaya \u00e7\u0131km\u0131\u015f olmas\u0131, ger\u00e7ekten \u00e7ok ac\u0131 bir olayd\u0131r. Buradan \u00e7\u0131karmam\u0131z gereken \u00e7ok ders vard\u0131r. Bunu bir siyasi \u00e7eki\u015fme konusu haline d\u00f6n\u00fc\u015ft\u00fcrmeden, T\u00fcrkiye olarak \u00fczerinde ya\u015fad\u0131\u011f\u0131m\u0131z co\u011frafyan\u0131n bu temel \u00f6zelli\u011fini hi\u00e7 bir zaman unutmadan, art\u0131k bu konularda atmam\u0131z gereken ad\u0131mlar\u0131 millet\u00e7e atmaya y\u00f6nelmemiz laz\u0131m&#8221; diye konu\u015ftu.<\/p>\n<p style=\"text-align: justify;\"><strong>Ekonomi politikas\u0131na ele\u015ftiri:<\/strong><\/p>\n<p style=\"text-align: justify;\">H\u00fck\u00fcmetin ekonomi politikas\u0131n\u0131 ele\u015ftiren Baykal, h\u00fck\u00fcmetin insan odakl\u0131 de\u011fil, kar ve rant odakl\u0131 bir ekonomi siyaseti g\u00fctt\u00fc\u011f\u00fcn\u00fc \u00f6ne s\u00fcrd\u00fc.<\/p>\n<p style=\"text-align: justify;\">Baykal,\u201cZiraat Bankas\u0131, bankac\u0131l\u0131k sekt\u00f6r\u00fc 3,5 Katrilyon kazanacak, cumhuriyet tarihinin en b\u00fcy\u00fck rekorunu k\u0131racak ama \u00e7ift\u00e7ide en peri\u015fan d\u00f6nemini ya\u015fayacak. ayn\u0131 \u015feyi di\u011fer bankalar bak\u0131m\u0131ndan bak\u0131n, sanayi y\u00fczde 6 k\u00fc\u00e7\u00fcld\u00fc, i\u015fsizlik y\u00fczde 14 artt\u0131, sanayide en b\u00fcy\u00fck i\u015fsizlik ya\u015fan\u0131yor, ekonomi daral\u0131yor ama b\u00fct\u00fcn bankalar kar ediyor. Bu neyi ortaya koyuyor? Bu AKP&#8217;nin politikas\u0131n\u0131n insan odakl\u0131 olmad\u0131\u011f\u0131n\u0131, AKP&#8217;nin politikas\u0131n\u0131n, rant, kar, temett\u00fc odakl\u0131 oldu\u011funu ortaya koyuyor. B\u00f6yle bir \u00e7arp\u0131kl\u0131k olamaz, olmamal\u0131&#8221; dedi.<\/p>\n<p style=\"text-align: justify;\">CHP lideri, &#8220;ABD&#8217;de bankalar batt\u0131, vatanda\u015f da zarar g\u00f6rd\u00fc. T\u00fcrkiye&#8217;de vatanda\u015f zarar g\u00f6rd\u00fc, bankalar kar etti. Ba\u015fbakan&#8217;da \u00e7\u0131kt\u0131, &#8216;Bu kriz bize te\u011fet ge\u00e7ti&#8217; dedi. Sen e\u011fer bankaysan, bankac\u0131lar\u0131n adam\u0131ysan sana te\u011fet ge\u00e7ti, ama sen milletin adam\u0131ysan, \u00e7ift\u00e7inin adam\u0131ysan sana te\u011fet ge\u00e7medi&#8221; \u015feklinde konu\u015ftu.<\/p>\n<p style=\"text-align: justify;\"><span style=\"color: #888888;\">CNN T\u00dcRK<\/span><\/p>\n","protected":false},"excerpt":{"rendered":"<p style=\"text-align: center;\">\n<p style=\"text-align: justify;\">CHP Genel Ba\u015fkan\u0131 Deniz Baykal, CHP Grup Ba\u015fkanvekili Kemal K\u0131l\u0131\u00e7daro\u011flu&#8217;nun &#8216;genel af&#8217; \u00f6nerisini yanl\u0131\u015f buldu\u011funu a\u00e7\u0131klad\u0131.<\/p>\n<p style=\"text-align: justify;\">Baykal, partisinin grup toplant\u0131s\u0131ndan sonra konuya ili\u015fkin soru \u00fczerine, bu konuda CHP&#8217;nin d\u00fc\u015f\u00fcncesiyle ilgili herhangi bir teredd\u00fcte yer olmad\u0131\u011f\u0131n\u0131 ifade etti. <\/p>\n","protected":false},"author":1,"featured_media":0,"comment_status":"open","ping_status":"closed","sticky":false,"template":"","format":"standard","meta":{"footnotes":""},"categories":[105],"tags":[],"class_list":["post-36136","post","type-post","status-publish","format-standard","hentry","category-gundem","odd"],"_links":{"self":[{"href":"http:\/\/www.korhanyilmaz.com\/index.php?rest_route=\/wp\/v2\/posts\/36136","targetHints":{"allow":["GET"]}}],"collection":[{"href":"http:\/\/www.korhanyilmaz.com\/index.php?rest_route=\/wp\/v2\/posts"}],"about":[{"href":"http:\/\/www.korhanyilmaz.com\/index.php?rest_route=\/wp\/v2\/types\/post"}],"author":[{"embeddable":true,"href":"http:\/\/www.korhanyilmaz.com\/index.php?rest_route=\/wp\/v2\/users\/1"}],"replies":[{"embeddable":true,"href":"http:\/\/www.korhanyilmaz.com\/index.php?rest_route=%2Fwp%2Fv2%2Fcomments&post=36136"}],"version-history":[{"count":0,"href":"http:\/\/www.korhanyilmaz.com\/index.php?rest_route=\/wp\/v2\/posts\/36136\/revisions"}],"wp:attachment":[{"href":"http:\/\/www.korhanyilmaz.com\/index.php?rest_route=%2Fwp%2Fv2%2Fmedia&parent=36136"}],"wp:term":[{"taxonomy":"category","embeddable":true,"href":"http:\/\/www.korhanyilmaz.com\/index.php?rest_route=%2Fwp%2Fv2%2Fcategories&post=36136"},{"taxonomy":"post_tag","embeddable":true,"href":"http:\/\/www.korhanyilmaz.com\/index.php?rest_route=%2Fwp%2Fv2%2Ftags&post=36136"}],"curies":[{"name":"wp","href":"https:\/\/api.w.org\/{rel}","templated":true}]}}