{"id":36041,"date":"2010-02-06T14:41:02","date_gmt":"2010-02-06T12:41:02","guid":{"rendered":"http:\/\/www.korhanyilmaz.com\/?p=18931"},"modified":"2010-02-06T14:41:02","modified_gmt":"2010-02-06T12:41:02","slug":"mhpnin-kalesinde-govde-gosterisi-2","status":"publish","type":"post","link":"http:\/\/www.korhanyilmaz.com\/?p=36041","title":{"rendered":"MHP&#8217;nin kalesinde g\u00f6vde g\u00f6sterisi"},"content":{"rendered":"<p style=\"text-align: justify;\"><a href=\"http:\/\/www.korhanyilmaz.com\/wp-content\/uploads\/2010\/02\/akp2.jpg\"  class=\"lightview\"><img loading=\"lazy\" decoding=\"async\" class=\"aligncenter size-full wp-image-18932\" src=\"http:\/\/www.korhanyilmaz.com\/wp-content\/uploads\/2010\/02\/akp2.jpg\" alt=\"\" width=\"350\" height=\"210\" \/><\/a><\/p>\n<p style=\"text-align: justify;\"><strong>Erdo\u011fan&#8217;dan Osmaniye&#8217;de g\u00f6vde g\u00f6sterisi<\/strong><\/p>\n<p style=\"text-align: justify;\">BA\u015eBAKAN Recep Tayyip Erdo\u011fan, ilkeli siyaset ve ilkeli iktidar anlay\u0131\u015f\u0131n\u0131 sonuna kadar s\u00fcrd\u00fcreceklerini belirterek, \u201cDemokratik a\u00e7\u0131l\u0131m s\u00fcrecinde durmak yok, yola devam\u201d dedi. <!--more--><\/p>\n<p style=\"text-align: justify;\">Ba\u015fbakan Erdo\u011fan, yan\u0131nda Devlet Bakan\u0131 Zafer \u00c7a\u011flayan, Ula\u015ft\u0131rma Bakan\u0131 Binali Y\u0131ld\u0131r\u0131m ve \u00c7evre ve Orman Bakan\u0131 Veysel Ero\u011flu ile birlikte Osmaniye\u2019de yapaca\u011f\u0131 toplu a\u00e7\u0131l\u0131\u015f t\u00f6reni i\u00e7in \u2018Ana\u2019 u\u00e7a\u011f\u0131 ile Adana Havaliman\u0131\u2019na geldi. Erdo\u011fan ve bakanlar\u0131, Adana Valisi \u0130lhan At\u0131\u015f, Osmaniye Valisi Celalettin Cerrah, Adana B\u00fcy\u00fck\u015fehir Belediye Ba\u015fkan\u0131 MHP\u2019li Ayta\u00e7 Durak ile yakla\u015f\u0131k 1500 ki\u015filik grup kar\u015f\u0131lad\u0131.<\/p>\n<p style=\"text-align: justify;\">Havaalan\u0131nda toplanan kabal\u0131k s\u0131k s\u0131k \u2018S\u00f6z\u00fcn\u00fc tutuyor, d\u00fcnya ona bak\u0131yor\u2019 ve \u2018D\u00fcnya lideri\u2019 sloganlar\u0131 att\u0131. Erdo\u011fan, sevgi g\u00f6sterileri aras\u0131nda ge\u00e7ti\u011fi Ba\u015fbakanl\u0131k otob\u00fcs\u00fcn\u00fcn \u00fczerinde k\u0131sa bir konu\u015fma yap\u0131p, demokratik a\u00e7\u0131l\u0131m projesine de\u011findi. Erdo\u011fan, \u015funlar\u0131 s\u00f6yledi:<\/p>\n<p style=\"text-align: justify;\">\u201cBug\u00fcn Osmaniye\u2019de tesis a\u00e7\u0131l\u0131\u015f\u0131 yapaca\u011f\u0131z. Osmaniye\u2019ye ge\u00e7erken siz Adanal\u0131 karde\u015flerimizin nezaketli kar\u015f\u0131lamas\u0131 heyecan vericiydi. Bundan dolay\u0131 te\u015fekk\u00fcr ediyorum. \u0130n\u015fallah \u00e7ok k\u0131sa zaman i\u00e7inde yine \u00e7ok b\u00fcy\u00fck a\u00e7\u0131l\u0131\u015f t\u00f6reni i\u00e7in Adana\u2019da sizlerle birlikte olaca\u011f\u0131z. Adana\u2019da milli birlik ve karde\u015flik projemizi, demokratik a\u00e7\u0131l\u0131m s\u00fcrecimizi sizlerle ayr\u0131ca ta\u00e7land\u0131raca\u011f\u0131z. \u00dclkemizde milli birli\u011fimize, karde\u015fli\u011fimize ve beraberli\u011fimize ayr\u0131 bir g\u00fc\u00e7 kataca\u011f\u0131z. Bu demokratik a\u00e7\u0131l\u0131m s\u00fcrecinde \u2018durmak yok yola devam\u2019 diyece\u011fiz. Yola \u00e7\u0131karken \u2018Ne aldatan ne de aldanan olaca\u011f\u0131z\u2019 demi\u015ftik. \u0130lkeli siyaset, ilkeli iktidar anlay\u0131\u015f\u0131n\u0131, \u00fclkemizde ya\u015fatman\u0131n m\u00fccadelesini sonuna kadar s\u00fcrd\u00fcrece\u011fiz. T\u00fcrkiye\u2019mizi in\u015fallah muas\u0131r medeniyetler seviyesinin \u00fcst\u00fcne b\u00fcy\u00fck bir m\u00fccadele ile \u00e7\u0131kar\u0131yoruz, \u00e7\u0131karmaya devam edece\u011fiz. Bundan kimsenin endi\u015fesi olmas\u0131n.\u201d<\/p>\n<p style=\"text-align: justify;\"><strong>ENGELL\u0130 KIZA KORUMA <\/strong><\/p>\n<p style=\"text-align: justify;\">Ba\u015fbakanl\u0131k otob\u00fcs\u00fc ile havaliman\u0131ndan ayr\u0131lan Erdo\u011fan, yol boyunca yakla\u015f\u0131k 20\u2019\u015fer metre arayla 3 kez durup, kald\u0131r\u0131mda bekleyen \u00e7ocuklara oyuncak da\u011f\u0131tt\u0131. Oyuncak almak isteyen b\u00fcy\u00fckler de otob\u00fcse h\u00fccum edince izdiham ya\u015fand\u0131, k\u00fc\u00e7\u00fck \u00e7ocuklar ezilme tehlikesi atlatt\u0131.<\/p>\n<p style=\"text-align: justify;\">Kabal\u0131k aras\u0131nda bulunan 35 ya\u015f\u0131ndaki Sabira Erdem adl\u0131 bir kad\u0131n, tekerlekli sandalyeye mahkum k\u0131z\u0131 9 ya\u015f\u0131ndaki \u0130lknur Erdem\u2019i otob\u00fcse getirmek istedi. Bu s\u0131rada kalabal\u0131k aras\u0131nda ezilme tehlikesi atlatt\u0131. Ba\u015fbakanl\u0131k korumalar\u0131 ile \u00c7evik Kuvvet polisi, anne ile k\u0131z\u0131n\u0131 korumak i\u00e7in \u00e7evredekilere sert m\u00fcdahalede bulanunca k\u0131sa s\u00fcreli arbede ya\u015fand\u0131. Ba\u015fbakan Erdo\u011fan, otob\u00fcse getirilen engelli k\u0131za 2 oyuncak bebek hediye etti. Korumalar anne ile k\u0131z\u0131n\u0131 daha sonra kalabal\u0131\u011f\u0131n aras\u0131ndan \u00e7\u0131kartt\u0131. Kald\u0131r\u0131m kenar\u0131na oturup a\u011flayan Sabira Erdem, \u201cE\u015fim emekli ba\u015fka bir gelirimiz yok. K\u0131z\u0131m beyin damarlar\u0131na oksijen gitmedi\u011fi i\u00e7in y\u00fcr\u00fcyemiyor, konu\u015fam\u0131yor. K\u0131z\u0131m\u0131n tedavi edilmesini istiyorum\u201d diye konu\u015ftu.<\/p>\n<p style=\"text-align: justify;\">Erdo\u011fan\u2019\u0131n gelmesinden \u00f6nce ise Ba\u015fbakanl\u0131k korumalar\u0131 havaliman\u0131na gelen \u00e7ocuklara oyuncak da\u011f\u0131tt\u0131, bu arada korumalar vatanda\u015flar\u0131n Ba\u015fbakan\u2019a iletmek istedi\u011fi notlar\u0131 da toplad\u0131.<\/p>\n<p style=\"text-align: justify;\"><strong>1 M\u0130LYAR DOLARLIK TES\u0130S <\/strong><\/p>\n<p style=\"text-align: justify;\">Erdo\u011fan, Osmaniye\u2019de Tosyal\u0131 Holding taraf\u0131ndan 1 milyar dolarl\u0131k yat\u0131r\u0131mla kurulan Osmaniye Yass\u0131 ve Yap\u0131sal \u00c7elik \u00dcretim Tesisleri\u2019nin yan\u0131 s\u0131ra, ayn\u0131 t\u00f6rende Osmaniye g\u00fcney \u00e7evre yolu, Merkez Anaokulu, Yunus Emre Anaokulu, Yunus Emre \u0130lk\u00f6\u011fretim Okulu, Kadirli M.Nuri Ar\u0131o\u011flu \u0130lk\u00f6\u011fretim Okulu, Kadirli Ko\u00e7lu \u0130lk\u00f6\u011fretim Okulu, Kadirli Vilayetler Hizmet G\u00f6t\u00fcrme Birli\u011fi 268 ki\u015filik Orta \u00d6\u011frenim K\u0131z \u00d6\u011frenci Yurdu, Atat\u00fcrk Lisesi 80. Y\u0131l Spor Salonu, Faku\u015fa\u011f\u0131 Kampus Alan\u0131 Spor Salonu, Osmaniye OSB At\u0131ksu Ar\u0131tma Tesisi, Osmaniye OSB Trafo Merkezi ve Enerji \u0130letim Hatt\u0131\u2019n\u0131n da toplu a\u00e7\u0131l\u0131\u015f\u0131n\u0131 yapacak.<\/p>\n<p style=\"text-align: justify;\"><span style=\"color: #888888;\">Kaynak : Haber1.com<\/span><\/p>\n","protected":false},"excerpt":{"rendered":"<p style=\"text-align: justify;\">\n<p style=\"text-align: justify;\">Erdo\u011fan&#8217;dan Osmaniye&#8217;de g\u00f6vde g\u00f6sterisi<\/p>\n<p style=\"text-align: justify;\">BA\u015eBAKAN Recep Tayyip Erdo\u011fan, ilkeli siyaset ve ilkeli iktidar anlay\u0131\u015f\u0131n\u0131 sonuna kadar s\u00fcrd\u00fcreceklerini belirterek, \u201cDemokratik a\u00e7\u0131l\u0131m s\u00fcrecinde durmak yok, yola devam\u201d dedi. <\/p>\n","protected":false},"author":1,"featured_media":0,"comment_status":"open","ping_status":"closed","sticky":false,"template":"","format":"standard","meta":{"footnotes":""},"categories":[105],"tags":[],"class_list":["post-36041","post","type-post","status-publish","format-standard","hentry","category-gundem","odd"],"_links":{"self":[{"href":"http:\/\/www.korhanyilmaz.com\/index.php?rest_route=\/wp\/v2\/posts\/36041","targetHints":{"allow":["GET"]}}],"collection":[{"href":"http:\/\/www.korhanyilmaz.com\/index.php?rest_route=\/wp\/v2\/posts"}],"about":[{"href":"http:\/\/www.korhanyilmaz.com\/index.php?rest_route=\/wp\/v2\/types\/post"}],"author":[{"embeddable":true,"href":"http:\/\/www.korhanyilmaz.com\/index.php?rest_route=\/wp\/v2\/users\/1"}],"replies":[{"embeddable":true,"href":"http:\/\/www.korhanyilmaz.com\/index.php?rest_route=%2Fwp%2Fv2%2Fcomments&post=36041"}],"version-history":[{"count":0,"href":"http:\/\/www.korhanyilmaz.com\/index.php?rest_route=\/wp\/v2\/posts\/36041\/revisions"}],"wp:attachment":[{"href":"http:\/\/www.korhanyilmaz.com\/index.php?rest_route=%2Fwp%2Fv2%2Fmedia&parent=36041"}],"wp:term":[{"taxonomy":"category","embeddable":true,"href":"http:\/\/www.korhanyilmaz.com\/index.php?rest_route=%2Fwp%2Fv2%2Fcategories&post=36041"},{"taxonomy":"post_tag","embeddable":true,"href":"http:\/\/www.korhanyilmaz.com\/index.php?rest_route=%2Fwp%2Fv2%2Ftags&post=36041"}],"curies":[{"name":"wp","href":"https:\/\/api.w.org\/{rel}","templated":true}]}}