{"id":36033,"date":"2010-02-04T17:09:06","date_gmt":"2010-02-04T15:09:06","guid":{"rendered":"http:\/\/www.korhanyilmaz.com\/?p=18856"},"modified":"2010-02-04T17:09:06","modified_gmt":"2010-02-04T15:09:06","slug":"bahceliden-erdoganaruzgar-eken-firtina-bicer-2","status":"publish","type":"post","link":"http:\/\/www.korhanyilmaz.com\/?p=36033","title":{"rendered":"Bah\u00e7eli&#8217;den Erdo\u011fan&#8217;a:&#8221;R\u00fczgar eken f\u0131rt\u0131na bi\u00e7er&#8221;"},"content":{"rendered":"<p><a href=\"http:\/\/www.korhanyilmaz.com\/wp-content\/uploads\/2010\/02\/bahceli2.jpg\"  class=\"lightview\"><img loading=\"lazy\" decoding=\"async\" class=\"aligncenter size-full wp-image-18857\" src=\"http:\/\/www.korhanyilmaz.com\/wp-content\/uploads\/2010\/02\/bahceli2.jpg\" alt=\"\" width=\"292\" height=\"204\" \/><\/a><\/p>\n<p style=\"text-align: justify;\">MHP Genel Ba\u015fkan\u0131 Devlet Bah\u00e7eli, Meclis&#8217;teki &#8220;peygamber&#8221; kriziyle ilgili olarak Ba\u015fbakan Erdo\u011fan ve AK Parti Meclis grubunu &#8220;siyasi terbiyeye ve hadlerini bilme&#8221;ye davet etti.<\/p>\n<p style=\"text-align: justify;\">Bah\u00e7eli, &#8220;R\u00fczgar eken mutlaka f\u0131rt\u0131na bi\u00e7ecektir. Ba\u015fbakan Erdo\u011fan sab\u0131rlar\u0131 zorlamaktan art\u0131k vazge\u00e7meli ve yakt\u0131\u011f\u0131 fitne ate\u015fine ilk \u00f6nce kendisinin d\u00fc\u015fece\u011fini iyi bilmelidir&#8221; dedi. <!--more--><\/p>\n<p style=\"text-align: justify;\">Bah\u00e7eli yaz\u0131l\u0131 a\u00e7\u0131klamas\u0131nda, AK Parti&#8217;nin \u00fclke ger\u00e7ekleri ile y\u00fczle\u015fmekten ka\u00e7\u0131namad\u0131\u011f\u0131 anlarda ya\u015fad\u0131\u011f\u0131 \u00f6fke n\u00f6betlerinin son zamanlarda s\u0131kla\u015ft\u0131\u011f\u0131n\u0131 belirtti.<\/p>\n<p style=\"text-align: justify;\">Ba\u015fbakan Erdo\u011fan&#8217;\u0131n etraf\u0131ndaki riyakar kadrolar, i\u015fbirlik\u00e7i yanda\u015flar ve \u00e7\u0131karc\u0131 medya g\u00fcc\u00fcn\u00fcn yaratt\u0131\u011f\u0131 sahte g\u00fcndem nedeniyle ger\u00e7eklerden koptu\u011funu s\u00f6yleyen Bah\u00e7eli, &#8220;B\u00fct\u00fcn gayretlerine ra\u011fmen ya\u015fanan a\u011f\u0131r tahribatla y\u00fczle\u015fme durumunda kal\u0131nd\u0131\u011f\u0131 vakit, Ba\u015fbakan ve kadrolar\u0131n\u0131n tercih etti\u011fi y\u00f6ntem ise azar, hakaret, bask\u0131, \u015fantaj ve dayatma olmaktad\u0131r&#8221; dedi.<\/p>\n<p style=\"text-align: justify;\">Meclis&#8217;te ya\u015fananlar\u0131 &#8220;vahim&#8221; olarak niteleyen Bah\u00e7eli, ya\u015fananlar\u0131n, demokrasi ad\u0131na b\u00fcy\u00fck ad\u0131mlar ataca\u011f\u0131ndan s\u00f6z edenlerin, ba\u015fka fikirlere kar\u015f\u0131 ne derece tahamm\u00fcls\u00fcz olabilece\u011fini g\u00f6sterdi\u011fini de s\u00f6yledi.<\/p>\n<p style=\"text-align: justify;\">AK Parti&#8217;yi se\u00e7im tarihi yakla\u015ft\u0131k\u00e7a bir gerilim ve istismar stratejisini uygulamaya koydu\u011funu kaydeden Bah\u00e7eli, bu stratejinin ana unsurlar\u0131n\u0131 \u015f\u00f6yle s\u0131ralad\u0131:<\/p>\n<p style=\"text-align: justify;\">&#8211; Sanal bir demokrasi taraftarl\u0131\u011f\u0131 ve kar\u015f\u0131tl\u0131\u011f\u0131<\/p>\n<p style=\"text-align: justify;\">&#8211; T\u00fcrk Silahl\u0131 Kuvvetlerine y\u00f6nelik hakl\u0131 veya haks\u0131z ithamlar<\/p>\n<p style=\"text-align: justify;\">&#8211; \u0130nan\u00e7lar ve maneviyat \u00fczerinden yap\u0131lan a\u011f\u0131r istismarlar<\/p>\n<p style=\"text-align: justify;\">&#8211; \u00d6zel hayat\u0131n\u0131 bile siyasetin malzemesi haline getirmekten utanmayan anlay\u0131\u015f.<\/p>\n<p style=\"text-align: justify;\">&#8220;Partimiz, T\u00fcrkiye B\u00fcy\u00fck Millet Meclisi&#8217;nde AKP grubuna mensup milletvekillerinin Milliyet\u00e7i Hareket Partisi grubuna y\u00f6nelik tehditkar tav\u0131rlar\u0131 ve fiziki m\u00fcdahale aray\u0131\u015flar\u0131n\u0131 \u015fiddetle reddetmekte, k\u0131namaktad\u0131r&#8221; g\u00f6r\u00fc\u015f\u00fcn\u00fc dile getiren Bah\u00e7eli, &#8220;Bu olay ak\u0131betini anlayan m\u00fcflis ve zavall\u0131 siyaset \u00e7\u00fcr\u00fcm\u00fc\u015fl\u00fc\u011f\u00fcn\u00fcn tahamm\u00fcls\u00fczl\u00fc\u011f\u00fc olarak siyasi tarihe ge\u00e7ecektir&#8221; dedi.<\/p>\n<p style=\"text-align: justify;\"><strong><em>&#8220;Ba\u015fbakan te\u015fvik etti&#8221; <\/em><\/strong><\/p>\n<p style=\"text-align: justify;\">Ya\u015fananlar\u0131 Ba\u015fbakan Recep Tayyip Erdo\u011fan&#8217;\u0131n te\u015fvik etti\u011fini savunan Bah\u00e7eli, &#8220;Milliyet\u00e7i Hareket Partisine mensup milletvekilinin s\u00f6zlerinin sayg\u0131 ile kar\u015f\u0131lanmaktan \u00e7ok uzak bir anlay\u0131\u015fla, cevap bekleyen s\u00f6zlerine \u00f6fke ile yakla\u015fan Ba\u015fbakan Erdo\u011fan ve mesai arkada\u015flar\u0131n\u0131n tam bir \u00e7arp\u0131tma ile konuyu yine bilindik istismar uzmanl\u0131klar\u0131 olan &#8216;ba\u015f\u00f6rt\u00fcs\u00fc&#8217; konusuna kadar getirmi\u015f olmalar\u0131, i\u00e7ine d\u00fc\u015ft\u00fckleri \u00e7aresizli\u011fin son belgesidir&#8221; dedi.<\/p>\n<p style=\"text-align: justify;\">Ba\u015fbakan Erdo\u011fan&#8217;\u0131n partisini ba\u015f\u00f6rt\u00fcs\u00fc kar\u015f\u0131t\u0131ym\u0131\u015f gibi g\u00f6stermesinin &#8220;utanmazl\u0131\u011f\u0131n ula\u015ft\u0131\u011f\u0131 en son nokta&#8221; oldu\u011funu s\u00f6yleyen MHP lideri, &#8220;Bir milletvekilimiz taraf\u0131ndan tart\u0131\u015fmalara konu olarak, AKP s\u0131ralar\u0131nca a\u011f\u0131r hakaretlerle ve tepkilerle ele\u015ftirilen, Ba\u015fbakan taraf\u0131ndan kabul edilmeyen, olmayaca\u011f\u0131 s\u00f6ylenen &#8216;adeta peygamber tan\u0131mlamas\u0131&#8217;na dair iddialar da belgeleriyle do\u011fru \u00e7\u0131km\u0131\u015f, tart\u0131\u015fmalar\u0131n kayna\u011f\u0131 olan AKP y\u00f6neticisi istifa etmek durumunda kalm\u0131\u015ft\u0131r&#8221; dedi.<\/p>\n<p style=\"text-align: justify;\">Bah\u00e7eli, baz\u0131 bas\u0131n-yay\u0131n organlar\u0131n\u0131 da \u00e7arp\u0131t\u0131lm\u0131\u015f haber yapmakla su\u00e7lad\u0131.<\/p>\n<p style=\"text-align: justify;\"><span style=\"color: #888888;\">CNN T\u00dcRK<\/span><\/p>\n","protected":false},"excerpt":{"rendered":"<\/p>\n<p style=\"text-align: justify;\">MHP Genel Ba\u015fkan\u0131 Devlet Bah\u00e7eli, Meclis&#8217;teki &#8220;peygamber&#8221; kriziyle ilgili olarak Ba\u015fbakan Erdo\u011fan ve AK Parti Meclis grubunu &#8220;siyasi terbiyeye ve hadlerini bilme&#8221;ye davet etti.<\/p>\n<p style=\"text-align: justify;\">Bah\u00e7eli, &#8220;R\u00fczgar eken mutlaka f\u0131rt\u0131na bi\u00e7ecektir. Ba\u015fbakan Erdo\u011fan sab\u0131rlar\u0131 zorlamaktan art\u0131k vazge\u00e7meli ve yakt\u0131\u011f\u0131 fitne ate\u015fine ilk \u00f6nce kendisinin d\u00fc\u015fece\u011fini iyi bilmelidir&#8221; dedi. <\/p>\n","protected":false},"author":1,"featured_media":0,"comment_status":"open","ping_status":"closed","sticky":false,"template":"","format":"standard","meta":{"footnotes":""},"categories":[105],"tags":[],"class_list":["post-36033","post","type-post","status-publish","format-standard","hentry","category-gundem","odd"],"_links":{"self":[{"href":"http:\/\/www.korhanyilmaz.com\/index.php?rest_route=\/wp\/v2\/posts\/36033","targetHints":{"allow":["GET"]}}],"collection":[{"href":"http:\/\/www.korhanyilmaz.com\/index.php?rest_route=\/wp\/v2\/posts"}],"about":[{"href":"http:\/\/www.korhanyilmaz.com\/index.php?rest_route=\/wp\/v2\/types\/post"}],"author":[{"embeddable":true,"href":"http:\/\/www.korhanyilmaz.com\/index.php?rest_route=\/wp\/v2\/users\/1"}],"replies":[{"embeddable":true,"href":"http:\/\/www.korhanyilmaz.com\/index.php?rest_route=%2Fwp%2Fv2%2Fcomments&post=36033"}],"version-history":[{"count":0,"href":"http:\/\/www.korhanyilmaz.com\/index.php?rest_route=\/wp\/v2\/posts\/36033\/revisions"}],"wp:attachment":[{"href":"http:\/\/www.korhanyilmaz.com\/index.php?rest_route=%2Fwp%2Fv2%2Fmedia&parent=36033"}],"wp:term":[{"taxonomy":"category","embeddable":true,"href":"http:\/\/www.korhanyilmaz.com\/index.php?rest_route=%2Fwp%2Fv2%2Fcategories&post=36033"},{"taxonomy":"post_tag","embeddable":true,"href":"http:\/\/www.korhanyilmaz.com\/index.php?rest_route=%2Fwp%2Fv2%2Ftags&post=36033"}],"curies":[{"name":"wp","href":"https:\/\/api.w.org\/{rel}","templated":true}]}}