{"id":36031,"date":"2010-02-04T16:44:55","date_gmt":"2010-02-04T14:44:55","guid":{"rendered":"http:\/\/www.korhanyilmaz.com\/?p=18849"},"modified":"2010-02-04T16:44:55","modified_gmt":"2010-02-04T14:44:55","slug":"turkucu-pinar-saga-tikko-davasi-2","status":"publish","type":"post","link":"http:\/\/www.korhanyilmaz.com\/?p=36031","title":{"rendered":"T\u00fcrk\u00fcc\u00fc P\u0131nar Sa\u011f&#8217;a T\u0130KKO davas\u0131"},"content":{"rendered":"<p style=\"text-align: center;\"><a href=\"http:\/\/www.korhanyilmaz.com\/wp-content\/uploads\/2010\/02\/p\u0131nar.jpg\"  class=\"lightview\"><img loading=\"lazy\" decoding=\"async\" class=\"aligncenter size-full wp-image-18850\" title=\"p\u0131nar\" src=\"http:\/\/www.korhanyilmaz.com\/wp-content\/uploads\/2010\/02\/p\u0131nar.jpg\" alt=\"\" width=\"315\" height=\"210\" \/><\/a><\/p>\n<p style=\"text-align: justify;\">Arif Sa\u011f&#8217;\u0131n gelini P\u0131nar Sa\u011f, yasad\u0131\u015f\u0131 T\u0130KKO&#8217;nun kurucusu \u0130brahim Kaypakkaya&#8217;y\u0131 \u00f6vmekle su\u00e7lan\u0131yor.<\/p>\n<p style=\"text-align: justify;\">T\u00dcRK halk m\u00fczi\u011fi sanat\u00e7\u0131s\u0131 Arif Sa\u011f&#8217;\u0131n gelini t\u00fcrk\u00fcc\u00fc P\u0131nar Sa\u011f hakk\u0131nda, T\u0130KKO&#8217;nun kurucusu \u0130brahim Kaypakkaya&#8217;y\u0131 \u00f6vd\u00fc\u011f\u00fc iddias\u0131yla dava a\u00e7\u0131ld\u0131. Tarkan&#8217;\u0131n bir alb\u00fcm\u00fcnde d\u00fcet yapt\u0131\u011f\u0131 P\u0131nar Sa\u011f, Tunceli&#8217;de yerel se\u00e7imlerde ba\u011f\u0131ms\u0131z bir belediye ba\u015fkan aday\u0131n\u0131n mitinginde yapt\u0131\u011f\u0131 konu\u015fma nedeniyle, 2 y\u0131l hapis cezas\u0131yla yarg\u0131lanacak. <!--more--><\/p>\n<p style=\"text-align: justify;\">Bir d\u00f6nem milletvekili olarak TBMM&#8217;de de g\u00f6rev yapan Arif Sa\u011f&#8217;\u0131n o\u011flu Tolga Sa\u011fla ile evli olan ve T\u00fcrk halk m\u00fczi\u011fi ve protest m\u00fczikle ad\u0131n\u0131 duyuran P\u0131nar Sa\u011f, ge\u00e7en y\u0131l 29 Mart yerel se\u00e7imleri \u00f6ncesinde, Tunceli Ba\u011f\u0131ms\u0131z Belediye Ba\u015fkan aday\u0131 Murat Kur&#8217;un se\u00e7im mitinginde verdi\u011fi konser aras\u0131nda yapt\u0131\u011f\u0131 konu\u015fma nedeniyle mahkemelik oldu.<\/p>\n<p style=\"text-align: justify;\">P\u0131nar Sa\u011f, baz\u0131 sol gruplar\u0131n ortak aday\u0131 olarak Tunceli belediye ba\u015fkanl\u0131\u011f\u0131na ba\u011f\u0131ms\u0131z aday olan Murat Kur&#8217;un, 25 Mart 2009&#8217;da Tunceli K\u0131\u015fla Meydan\u0131&#8217;nda d\u00fczenlenen mitinginde t\u00fcrk\u00fclerini seslendirdikten sonra k\u0131sa bir konu\u015fma yapt\u0131. P\u0131nar Sa\u011f konu\u015fmas\u0131nda, Tunceli&#8217;de 1973 y\u0131l\u0131nda g\u00fcvenlik g\u00fc\u00e7leriyle girdi\u011fi \u00e7at\u0131\u015fmada yaral\u0131 olarak yakalanan ve ard\u0131ndan Diyarbak\u0131r Cezaevi&#8217;nde g\u00f6rd\u00fc\u011f\u00fc a\u011f\u0131r i\u015fkence sonucu \u00f6ld\u00fc\u011f\u00fc iddia edilen TKP\/ML-T\u0130KKO&#8217;nun kurucusu \u0130brahim Kaypakkaya&#8217;y\u0131 \u00f6ven c\u00fcmleler kulland\u0131. Kendisinden \u00f6nce sahne alan yerel t\u00fcrk\u00fcc\u00fc Mehmet \u00d6zcan&#8217;\u0131n da benzer konu\u015fma yapmas\u0131 \u00fczerine, Tunceli Emniyet M\u00fcd\u00fcrl\u00fc\u011f\u00fc miting alan\u0131nda \u00e7ekti\u011fi g\u00f6r\u00fcnt\u00fcleri, Tunceli Cumhuriyet Ba\u015fsavc\u0131l\u0131\u011f\u0131&#8217;na ileterek su\u00e7 duyurusunda bulundu.<\/p>\n<p style=\"text-align: justify;\"><strong><em>`SU\u00c7 VE SU\u00c7LUYU \u00d6VME&#8217; <\/em><\/strong><\/p>\n<p style=\"text-align: justify;\">Emniyetin ba\u015fvurusunu inceleyen savc\u0131l\u0131k, P\u0131nar Sa\u011f hakk\u0131nda soru\u015fturma ba\u015flatarak, `Fa\u015fist iktidara kar\u015f\u0131 her zaman dik durmu\u015f Kaypakkaya&#8217;n\u0131n yolda\u015flar\u0131na&#8217; s\u00f6zleriyle ilgili hakk\u0131nda dava a\u00e7t\u0131. P\u0131nar Sa\u011f ve Mehmet \u00d6zcan hakk\u0131nda haz\u0131rlanan iddianamede, `ter\u00f6r \u00f6rg\u00fct\u00fcn\u00fcn kurucusu ve y\u00f6neticisi \u0130brahim Kaypakkaya&#8217;y\u0131 \u00f6vd\u00fckleri&#8217; iddias\u0131yla TCK&#8217;n\u0131n 215&#8217;inci maddesinde yer alan `su\u00e7 ve su\u00e7luyu \u00f6vme&#8217; su\u00e7undan 2 y\u0131l hapis cezas\u0131yla cezaland\u0131r\u0131lmalar\u0131 istendi.<\/p>\n<p style=\"text-align: justify;\"><strong><em>SA\u011e: SANAT\u00c7I DUYARLILI\u011eINI D\u0130LE GET\u0130RD\u0130M <\/em><\/strong><\/p>\n<p style=\"text-align: justify;\">Davan\u0131n soru\u015fturma a\u015famas\u0131nda \u015ei\u015fli Cumhuriyet Ba\u015fsavc\u0131l\u0131\u011f\u0131&#8217;na talimatla ifade veren P\u0131nar Sa\u011f, ba\u011f\u0131ms\u0131z adaya destek vermek i\u00e7in Tunceli&#8217;ye gitti\u011fini ve mitingde t\u00fcrk\u00fc s\u00f6yledi\u011fini anlatt\u0131. T\u00fcrk\u00fcden sonra bir konu\u015fma yapt\u0131\u011f\u0131n\u0131 ve halk\u0131n s\u0131k\u0131nt\u0131lar\u0131n\u0131 dile getirdi\u011fini belirten P\u0131nar Sa\u011f, &#8220;Bar\u0131\u015f ve karde\u015fli\u011fin \u00f6neminden bahsettim. Hi\u00e7bir \u015fekilde su\u00e7u ve su\u00e7luyu \u00f6vmek gibi bir niyetim olmam\u0131\u015ft\u0131r. Sanat\u00e7\u0131 duyarl\u0131l\u0131\u011f\u0131n\u0131 dile getirdim&#8221; dedi.<\/p>\n<p style=\"text-align: justify;\"><strong><em>MAYIS AYINDA HAK\u0130M KAR\u015eISINDA <\/em><\/strong><\/p>\n<p style=\"text-align: justify;\">Arif Sa\u011f&#8217;\u0131n gelini ve Tarkan&#8217;\u0131n 2003 y\u0131l\u0131nda bir alb\u00fcm\u00fcnde yer alan `Hoyda Yarim&#8217; adl\u0131 t\u00fcrk\u00fcye d\u00fcet yapt\u0131\u011f\u0131 P\u0131nar Sa\u011f&#8217;\u0131n yarg\u0131lanmas\u0131na, \u00f6n\u00fcm\u00fczdeki May\u0131s ay\u0131nda Tunceli Sulh Ceza Mahkemesi&#8217;nde ba\u015flanacak.(dha)<\/p>\n<p style=\"text-align: justify;\"><span style=\"color: #888888;\">Kaynak : Haber1.com<\/span><\/p>\n","protected":false},"excerpt":{"rendered":"<p style=\"text-align: center;\">\n<p style=\"text-align: justify;\">Arif Sa\u011f&#8217;\u0131n gelini P\u0131nar Sa\u011f, yasad\u0131\u015f\u0131 T\u0130KKO&#8217;nun kurucusu \u0130brahim Kaypakkaya&#8217;y\u0131 \u00f6vmekle su\u00e7lan\u0131yor.<\/p>\n<p style=\"text-align: justify;\">T\u00dcRK halk m\u00fczi\u011fi sanat\u00e7\u0131s\u0131 Arif Sa\u011f&#8217;\u0131n gelini t\u00fcrk\u00fcc\u00fc P\u0131nar Sa\u011f hakk\u0131nda, T\u0130KKO&#8217;nun kurucusu \u0130brahim Kaypakkaya&#8217;y\u0131 \u00f6vd\u00fc\u011f\u00fc iddias\u0131yla dava a\u00e7\u0131ld\u0131. Tarkan&#8217;\u0131n bir alb\u00fcm\u00fcnde d\u00fcet yapt\u0131\u011f\u0131 P\u0131nar Sa\u011f, Tunceli&#8217;de yerel se\u00e7imlerde ba\u011f\u0131ms\u0131z bir belediye ba\u015fkan aday\u0131n\u0131n mitinginde yapt\u0131\u011f\u0131 <\/p>\n","protected":false},"author":1,"featured_media":0,"comment_status":"open","ping_status":"closed","sticky":false,"template":"","format":"standard","meta":{"footnotes":""},"categories":[105],"tags":[],"class_list":["post-36031","post","type-post","status-publish","format-standard","hentry","category-gundem","odd"],"_links":{"self":[{"href":"http:\/\/www.korhanyilmaz.com\/index.php?rest_route=\/wp\/v2\/posts\/36031","targetHints":{"allow":["GET"]}}],"collection":[{"href":"http:\/\/www.korhanyilmaz.com\/index.php?rest_route=\/wp\/v2\/posts"}],"about":[{"href":"http:\/\/www.korhanyilmaz.com\/index.php?rest_route=\/wp\/v2\/types\/post"}],"author":[{"embeddable":true,"href":"http:\/\/www.korhanyilmaz.com\/index.php?rest_route=\/wp\/v2\/users\/1"}],"replies":[{"embeddable":true,"href":"http:\/\/www.korhanyilmaz.com\/index.php?rest_route=%2Fwp%2Fv2%2Fcomments&post=36031"}],"version-history":[{"count":0,"href":"http:\/\/www.korhanyilmaz.com\/index.php?rest_route=\/wp\/v2\/posts\/36031\/revisions"}],"wp:attachment":[{"href":"http:\/\/www.korhanyilmaz.com\/index.php?rest_route=%2Fwp%2Fv2%2Fmedia&parent=36031"}],"wp:term":[{"taxonomy":"category","embeddable":true,"href":"http:\/\/www.korhanyilmaz.com\/index.php?rest_route=%2Fwp%2Fv2%2Fcategories&post=36031"},{"taxonomy":"post_tag","embeddable":true,"href":"http:\/\/www.korhanyilmaz.com\/index.php?rest_route=%2Fwp%2Fv2%2Ftags&post=36031"}],"curies":[{"name":"wp","href":"https:\/\/api.w.org\/{rel}","templated":true}]}}