{"id":36016,"date":"2010-01-31T13:17:49","date_gmt":"2010-01-31T11:17:49","guid":{"rendered":"http:\/\/www.korhanyilmaz.com\/?p=18712"},"modified":"2010-01-31T13:17:49","modified_gmt":"2010-01-31T11:17:49","slug":"ocalandan-yol-haritasi-talimati-2","status":"publish","type":"post","link":"http:\/\/www.korhanyilmaz.com\/?p=36016","title":{"rendered":"\u00d6calan&#8217;dan yol haritas\u0131 talimat\u0131"},"content":{"rendered":"<p style=\"text-align: center;\"><a href=\"http:\/\/www.korhanyilmaz.com\/wp-content\/uploads\/2010\/02\/ocalan.jpg\"  class=\"lightview\"><img loading=\"lazy\" decoding=\"async\" class=\"aligncenter size-full wp-image-18713\" src=\"http:\/\/www.korhanyilmaz.com\/wp-content\/uploads\/2010\/02\/ocalan.jpg\" alt=\"\" width=\"350\" height=\"210\" \/><\/a><\/p>\n<p style=\"text-align: justify;\"><strong><em>&#8221;PKK&#8217;dan uzak durun&#8221; <\/em><\/strong><\/p>\n<p style=\"text-align: justify;\">\u0130mral\u0131\u2019da tutuklu bulanan Abdullah \u00d6calan, BDP\u2019ye ola\u011fan\u00fcst\u00fc kongresi \u00f6ncesi avukatlar\u0131 arac\u0131l\u0131\u011f\u0131yla uyar\u0131 ve telkinlerde bulundu. \u00d6calan\u2019n\u0131n avukatlar\u0131 ile ger\u00e7ekle\u015ftirdi\u011fi haftal\u0131k ola\u011fan g\u00f6r\u00fc\u015fmesinin notlar\u0131 d\u00fcn F\u0131rat Haber Ajans\u0131\u2019nda yay\u0131mland\u0131. <!--more--><\/p>\n<p style=\"text-align: justify;\">\u00d6calan, BDP y\u00f6netimine \u015fu mesajlar\u0131 iletti:<\/p>\n<p style=\"text-align: justify;\"><strong><em>D\u0130KKAT BDP KAPATILMASIN: <\/em><\/strong>BDP\u2019ye de\u011fi\u015fik \u00e7evrelerin kat\u0131lmas\u0131n\u0131 \u00f6nemli buluyorum. 1 \u015eubat\u2019taki Kongre\u2019den sonra bu \u00e7at\u0131 partisi benzeri \u00e7al\u0131\u015fmalara h\u0131z verilebilir. Bu \u00e7al\u0131\u015fmalar \u00f6nemlidir. Daha \u00f6nce bir \u00e7ok parti kapat\u0131ld\u0131. Bu yenisi olmamal\u0131d\u0131r. Uyarm\u0131\u015ft\u0131m, \u00f6nerilerimi de yapm\u0131\u015ft\u0131m, tekrar ediyorum ve uyar\u0131yorum; ayn\u0131 hatalara d\u00fc\u015fmemek \u00f6nemlidir. \u2019PKK\u2019n\u0131n s\u00f6zc\u00fcs\u00fc olmak\u2019falan deyip partiyi kapat\u0131yorlar.<\/p>\n<p style=\"text-align: justify;\"><strong><em>PKK AYRIMI \u0130Y\u0130 KOYUN: <\/em><\/strong>PKK yasa d\u0131\u015f\u0131 silahl\u0131 bir \u00f6rg\u00fctt\u00fcr. PKK der ki \u2019ben devletle sorunlar\u0131m\u0131 silahla \u00e7\u00f6z\u00fcyorum\u2019. PKK\u2019n\u0131n kendi g\u00fcc\u00fc, olu\u015fumu, daha a\u011f\u0131rl\u0131kl\u0131 olarak da\u011fda ve k\u0131rsalda bir yap\u0131lanmas\u0131 var. Ama Bar\u0131\u015f ve Demokrasi Partisi der ki \u201cBiz sorunlar\u0131m\u0131z\u0131 Meclis arac\u0131l\u0131\u011f\u0131yla yasal zeminlerde tart\u0131\u015fmak ve \u00e7\u00f6zmek istiyoruz\u201d. Bu ayr\u0131m\u0131 iyi koymak gerekir. PKK\u2019n\u0131n s\u00f6zc\u00fcl\u00fc\u011f\u00fc s\u00f6z konusu de\u011fildir. Kald\u0131 ki PKK kendi s\u00f6z\u00fcn\u00fc s\u00f6yleyebilir.<\/p>\n<p style=\"text-align: justify;\"><strong><em>BDP ARABULUCU OLAB\u0130L\u0130R:<\/em><\/strong> E\u011fer s\u00fcre\u00e7 geli\u015firse ve taraflar\u0131n tart\u0131\u015fma noktas\u0131nda bir arac\u0131ya ihtiya\u00e7 olursa ve gerekli g\u00f6r\u00fcl\u00fcrse BDP bu arac\u0131l\u0131\u011f\u0131 \u00fcstlenebilir. Ancak \u015fimdiden bu bi\u00e7imiyle kimsenin s\u00f6zc\u00fcs\u00fc de\u011fildirler. Bu \u2019PKK ter\u00f6rist bir \u00f6rg\u00fctt\u00fcr\u2019tart\u0131\u015fmas\u0131na da gerek yok. PKK\u2019y\u0131 ter\u00f6rist ilan etmek BDP\u2019nin g\u00f6revi ya da i\u015fi de\u011fildir. Bu konuda laf\u0131 evirip k\u0131v\u0131rmaya, doland\u0131rmaya gerek yok, \u2019PKK\u2019yi ter\u00f6rist ilan etmek benim i\u015fim de\u011fil\u2019denilebilmelidir.<\/p>\n<p style=\"text-align: justify;\"><strong><em>KAPATMAYA NE GEREK VAR: <\/em><\/strong>PKK\u2019n\u0131n devletle olan sorununu silahla \u00e7\u00f6zmeyi tercih eden yasa d\u0131\u015f\u0131 bir \u00f6rg\u00fct oldu\u011funu herkes bilir. Sonu\u00e7ta PKK ile BDP aras\u0131nda bir ba\u011f olmas\u0131 m\u00fcmk\u00fcn de\u011fil. Bar\u0131\u015f ve Demokrasi Partisinin \u00f6rg\u00fctlenmesi de bu \u00e7er\u00e7evede d\u00fc\u015f\u00fcn\u00fclmelidir. Daha \u00f6nceki partiler biraz bu sebeple kapat\u0131ld\u0131. Yeni parti bu hususlarda dikkatli olmal\u0131d\u0131r. Parti a\u00e7\u0131p kapatmakla nereye var\u0131lacak? Sonu\u00e7ta bunu k\u0131rmak gerekiyor.<\/p>\n<p style=\"text-align: justify;\"><strong><em>Demirta\u015f, pazartesi genel ba\u015fkan olacak <\/em><\/strong><\/p>\n<p style=\"text-align: justify;\">DTP\u2019nin kapat\u0131lmas\u0131n\u0131n ard\u0131ndan, \u201cT\u00fcrkiye partisi\u201d olma hedefiyle yola \u00e7\u0131kan BDP, 1 \u015eubat Pazartesi g\u00fcn\u00fc ger\u00e7ekle\u015ftirece\u011fi ola\u011fan\u00fcst\u00fc kongresinde yeni y\u00f6netimini belirleyecek. BDP yetkili kurullar\u0131 kongrede partinin \u0131l\u0131ml\u0131 isimlerinden say\u0131lan Diyarbak\u0131r Milletvekili Selahattin Demirta\u015f\u2019\u0131n genel ba\u015fkan; Diyarbak\u0131r Milletvekili G\u00fcltan K\u0131\u015fanak\u2019\u0131n da e\u015f ba\u015fkan olmas\u0131n\u0131 benimsedi. \u201cEtnik siyasetten uzakla\u015fmay\u0131\u201d hedeflen BDP y\u00f6netimi, bu hedefte ilk ad\u0131m\u0131 MHP lideri Bah\u00e7eli ile BBP lideri Yal\u00e7\u0131n Top\u00e7u\u2019yu da kongrelerine davet ederek att\u0131. Erdo\u011fan ve Baykal ile faaliyet g\u00f6steren t\u00fcm siyasi parti liderleri de davetliler aras\u0131nda. BDP, Talabani ile Barzani\u2019yi kongrelere davet etme gelene\u011fini s\u00fcrd\u00fcrd\u00fc. ABD ve AB \u00fcyesi \u00fclkelerin b\u00fcy\u00fckel\u00e7ilerine de davetiye g\u00f6nderildi.<\/p>\n<p style=\"text-align: justify;\">BDP\u2019deki de\u011fi\u015fim PM\u2019de de kendini g\u00f6sterecek. Kapat\u0131lan DTP\u2019nin 4 Ekim\u2019de yapt\u0131\u011f\u0131 kongrede PM\u2019ye 52. H\u00fck\u00fcmette Devlet Bakan\u0131 olan Adnan Ekmen ile CHP eski Milletvekili Esat Canan, DTP PM\u2019ye se\u00e7ilmi\u015flerdi. DTP\u2019nin d\u0131\u015fa a\u00e7\u0131lma politikas\u0131 \u00e7er\u00e7evesinde yazar Faik Bulut, Prof. B\u00fcr\u015fa Ersanl\u0131, SDP eski Genel Ba\u015fkan\u0131 Filiz Ko\u00e7ali, tiyatro sanat\u00e7\u0131s\u0131 Ye\u015fim Dormen de DTP PM\u2019de g\u00f6rev alm\u0131\u015flard\u0131.<\/p>\n<p style=\"text-align: justify;\"><strong><em>\u00c7ar\u015faf liste <\/em><\/strong><\/p>\n<p style=\"text-align: justify;\">Kongreye \u00e7ar\u015faf liste ile gidilecek. PM\u2019ye ge\u00e7en kongrede giren isimlerden Ekmen, Canan, Bulut, Er\u015fanl\u0131, Ko\u00e7ali ve Dormen bu g\u00f6revlerini s\u00fcrd\u00fcrecekler. Bu isimlere ek olarak yazar Ay\u015feg\u00fcl Devecio\u011flu, aktivist Y\u00fcksel Mutlu, Dicle \u00dcniversitesi \u00d6\u011fretim \u00dcyesi Do\u00e7b.Dr.Ahmet Y\u0131ld\u0131r\u0131m, \u0130HD y\u00f6neticilerinden Mehdi Perin\u00e7ek, Ayhan Bilgen de PM\u2019ye giren isimler aras\u0131nda yer ald\u0131.<\/p>\n<p style=\"text-align: justify;\"><span style=\"color: #888888;\">Kaynak : Haber1.com<\/span><\/p>\n","protected":false},"excerpt":{"rendered":"<p style=\"text-align: center;\">\n<p style=\"text-align: justify;\">&#8221;PKK&#8217;dan uzak durun&#8221; <\/p>\n<p style=\"text-align: justify;\">\u0130mral\u0131\u2019da tutuklu bulanan Abdullah \u00d6calan, BDP\u2019ye ola\u011fan\u00fcst\u00fc kongresi \u00f6ncesi avukatlar\u0131 arac\u0131l\u0131\u011f\u0131yla uyar\u0131 ve telkinlerde bulundu. \u00d6calan\u2019n\u0131n avukatlar\u0131 ile ger\u00e7ekle\u015ftirdi\u011fi haftal\u0131k ola\u011fan g\u00f6r\u00fc\u015fmesinin notlar\u0131 d\u00fcn F\u0131rat Haber Ajans\u0131\u2019nda yay\u0131mland\u0131. <\/p>\n","protected":false},"author":1,"featured_media":0,"comment_status":"open","ping_status":"closed","sticky":false,"template":"","format":"standard","meta":{"footnotes":""},"categories":[105],"tags":[],"class_list":["post-36016","post","type-post","status-publish","format-standard","hentry","category-gundem","odd"],"_links":{"self":[{"href":"http:\/\/www.korhanyilmaz.com\/index.php?rest_route=\/wp\/v2\/posts\/36016","targetHints":{"allow":["GET"]}}],"collection":[{"href":"http:\/\/www.korhanyilmaz.com\/index.php?rest_route=\/wp\/v2\/posts"}],"about":[{"href":"http:\/\/www.korhanyilmaz.com\/index.php?rest_route=\/wp\/v2\/types\/post"}],"author":[{"embeddable":true,"href":"http:\/\/www.korhanyilmaz.com\/index.php?rest_route=\/wp\/v2\/users\/1"}],"replies":[{"embeddable":true,"href":"http:\/\/www.korhanyilmaz.com\/index.php?rest_route=%2Fwp%2Fv2%2Fcomments&post=36016"}],"version-history":[{"count":0,"href":"http:\/\/www.korhanyilmaz.com\/index.php?rest_route=\/wp\/v2\/posts\/36016\/revisions"}],"wp:attachment":[{"href":"http:\/\/www.korhanyilmaz.com\/index.php?rest_route=%2Fwp%2Fv2%2Fmedia&parent=36016"}],"wp:term":[{"taxonomy":"category","embeddable":true,"href":"http:\/\/www.korhanyilmaz.com\/index.php?rest_route=%2Fwp%2Fv2%2Fcategories&post=36016"},{"taxonomy":"post_tag","embeddable":true,"href":"http:\/\/www.korhanyilmaz.com\/index.php?rest_route=%2Fwp%2Fv2%2Ftags&post=36016"}],"curies":[{"name":"wp","href":"https:\/\/api.w.org\/{rel}","templated":true}]}}