{"id":36015,"date":"2010-01-31T17:53:19","date_gmt":"2010-01-31T15:53:19","guid":{"rendered":"http:\/\/www.korhanyilmaz.com\/?p=18704"},"modified":"2010-01-31T17:53:19","modified_gmt":"2010-01-31T15:53:19","slug":"erdogandan-onemli-aciklamalar-2","status":"publish","type":"post","link":"http:\/\/www.korhanyilmaz.com\/?p=36015","title":{"rendered":"Erdo\u011fan&#8217;dan \u00f6nemli a\u00e7\u0131klamalar"},"content":{"rendered":"<p style=\"text-align: center;\"><a href=\"http:\/\/www.korhanyilmaz.com\/wp-content\/uploads\/2010\/02\/erdogan7.jpg\"  class=\"lightview\"><img loading=\"lazy\" decoding=\"async\" class=\"aligncenter size-full wp-image-18705\" src=\"http:\/\/www.korhanyilmaz.com\/wp-content\/uploads\/2010\/02\/erdogan7.jpg\" alt=\"\" width=\"350\" height=\"210\" \/><\/a><\/p>\n<p style=\"text-align: justify;\">Ba\u015fbakan Tayyip Erdo\u011fan, TRT-1&#8217;de yay\u0131mlanan bir program\u0131na kat\u0131larak, gazetecilerin sorular\u0131n\u0131 yan\u0131tlad\u0131.<\/p>\n<p style=\"text-align: justify;\">Ba\u015fbakan Erdo\u011fan erken se\u00e7im iddialar\u0131na da de\u011findi\u011fi programda ilgin\u00e7 bir a\u00e7\u0131klama yapt\u0131 ve \u201c2011 se\u00e7im y\u0131l\u0131d\u0131r. Se\u00e7imin tarihi de Temmuz ay\u0131n\u0131n mevsim ko\u015fullar\u0131 sebebiyle belki biraz \u00f6ncesine al\u0131nabilir. Onun d\u0131\u015f\u0131nda bir \u015fey asla d\u00fc\u015f\u00fcn\u00fclemez\u201d dedi. <!--more--><\/p>\n<p style=\"text-align: justify;\">\u201cHarekat ve darbe planlar\u0131n\u0131n gerek\u00e7esi olarak i\u00e7 tehdit tan\u0131m\u0131 veya buna ba\u011fl\u0131 EMASYA protokol\u00fc gibi \u015feyler s\u00f6ylendi. Mevcut Milli G\u00fcvenlik Strateji Belgesi yakla\u015f\u0131m\u0131 bunlar\u0131 onaylayan bir tarzda m\u0131d\u0131r?\u201d sorusu \u00fczerine Erdo\u011fan, mevcut olan\u0131n bunun i\u00e7in gerek\u00e7e olu\u015fturup olu\u015fturmamas\u0131n\u0131n \u00e7ok \u00f6nemli olmad\u0131\u011f\u0131n\u0131 s\u00f6yledi.<\/p>\n<p style=\"text-align: justify;\">Erdo\u011fan, \u201c\u00c7\u0131karmam\u0131z gerekenleri tamamen \u00e7\u0131kart\u0131r\u0131z ve buna g\u00f6re de ad\u0131mlar\u0131m\u0131z\u0131 atar\u0131z. Aslolan \u015fudur; milli birlik ve karde\u015flik projesiyle ilgili ve demokratik a\u00e7\u0131l\u0131m s\u00fcreciyle ilgili olarak sorun alanlar\u0131n\u0131 buralardan \u00e7\u0131karmak istiyoruz. Sorun alanlar\u0131n\u0131n burada kalmamas\u0131 gerekir. Bunlar \u00fczerinde \u015fu anda ekiplerimiz \u00e7al\u0131\u015f\u0131yor. Ona g\u00f6re de bu g\u00f6r\u00fc\u015fmeyi yapaca\u011f\u0131m\u0131z toplant\u0131da, bunlar\u0131 ileri s\u00fcrece\u011fiz ve ad\u0131mlar\u0131n\u0131 ataca\u011f\u0131z.\u201d<\/p>\n<p style=\"text-align: justify;\">Ba\u015fbakan Erdo\u011fan, EMASYA&#8217;n\u0131n da bunlardan birisi oldu\u011funu belirterek, bunun \u00fczerinde \u00e7al\u0131\u015fmalar\u0131n s\u00fcrd\u00fc\u011f\u00fcn\u00fc s\u00f6yledi.<\/p>\n<p style=\"text-align: justify;\">Erdo\u011fan, \u015f\u00f6yle konu\u015ftu:<\/p>\n<p style=\"text-align: justify;\">\u201cBakan\u0131m\u0131z\u0131n da ifade etti\u011fi \u015fekliyle EMASYA Protokol\u00fc&#8217;n\u00fc g\u00fcndemimizden \u00e7\u0131karaca\u011f\u0131z. EMASYA Protokol\u00fc diye bir \u015fey olamaz, olmayacak. Bunun ad\u0131m\u0131n\u0131 at\u0131yoruz, ataca\u011f\u0131z. \u015eu anda arkada\u015flar haz\u0131rl\u0131klar\u0131n\u0131 yap\u0131yorlar ve bu i\u015fi bitirece\u011fiz. Zaten bu bir protokol, kanun filan de\u011fil. Kanun, Genelkurmay, \u0130\u00e7i\u015fleri burada m\u00fc\u015fterek bir \u00e7al\u0131\u015fma yapar. Yasal d\u00fczenleme gerekiyorsa, yasal d\u00fczenleme de yapaca\u011f\u0131z. Protokol\u00fc ortadan kald\u0131raca\u011f\u0131z, bunun ad\u0131m\u0131n\u0131 ataca\u011f\u0131z. Bununla ilgili koordinat\u00f6r bakan\u0131m\u0131z \u00e7al\u0131\u015fmalar\u0131n\u0131 y\u00fcr\u00fct\u00fcyor. K\u0131sa zamanda bu i\u015fi bitirece\u011fiz.\u201d<\/p>\n<p style=\"text-align: justify;\"><strong><em>EMASYA PROTOKOL\u00dc <\/em><\/strong><\/p>\n<p style=\"text-align: justify;\">1997 y\u0131l\u0131nda Genelkurmay Ba\u015fkanl\u0131\u011f\u0131 ile \u0130\u00e7i\u015fleri Bakanl\u0131\u011f\u0131 aras\u0131nda imzalanan protokol, askere Vali izni olmadan, kendisi gerek g\u00f6rd\u00fc\u011f\u00fc durumlarda toplumsal olaylara el koyma yetkisi veriyor.<\/p>\n<p style=\"text-align: justify;\"><strong><em>NE ZAMAN UYGULANDI <\/em><\/strong><\/p>\n<p style=\"text-align: justify;\">20 Kas\u0131m 2003\u2019te \u0130stanbul\u2019da Beyo\u011flu\u2019ndaki \u0130ngiliz Konsoloslu\u011fu ve Levent\u2019teki HSBC Bankas\u0131 bombalamalar\u0131n\u0131n ard\u0131ndan EMASYA protokol\u00fc devreye sokulmak istendi.<\/p>\n<p style=\"text-align: justify;\">Patlamalardan sonra askeri birliklerden herhangi bir talep olmamas\u0131na ra\u011fmen Taksim ve Levent\u2019e askeri birlikler sevk edilmi\u015fti.<\/p>\n<p style=\"text-align: justify;\"><strong><em>B\u0130Z\u0130 TEKEL \u0130\u015e\u00c7\u0130LER\u0130 \u0130KT\u0130DAR YAPMADI <\/em><\/strong><\/p>\n<p style=\"text-align: justify;\">T\u00fct\u00fcn deposu bu durumda olan yerler.<\/p>\n<p style=\"text-align: justify;\">Art\u0131k bunlar\u0131n bir i\u015flevi kalmad\u0131. Yan\u0131lm\u0131yorsam 2 veya 3 ilde kalanlar\u0131 bitirmek i\u00e7in bir organizasyon s\u00f6z konusu.<\/p>\n<p style=\"text-align: justify;\">Toplama bak\u0131ld\u0131\u011f\u0131nda 8500 civar\u0131nda Tekel i\u015f\u00e7isi g\u00f6r\u00fcn\u00fcyor.<\/p>\n<p style=\"text-align: justify;\">Yar\u0131n itibar\u0131yla ihbar ve k\u0131dem tazminatlar\u0131 bankaya yat\u0131yor.<\/p>\n<p style=\"text-align: justify;\">2004\u2019te bir 4C konusunu g\u00fcndeme getirdik. Sendikalar o tarihte bize \u00e7ok te\u015fekk\u00fcr etti.<\/p>\n<p style=\"text-align: justify;\">O tarihten beri g\u00fcndemde o zamanlar kimsenin sesi \u00e7\u0131km\u0131yordu.<\/p>\n<p style=\"text-align: justify;\">\u0130yi niyet g\u00f6stergesi olarak bunlar\u0131 da 4C\u2019ye alal\u0131m dedik.<\/p>\n<p style=\"text-align: justify;\">\u0130hbar k\u0131dem tazminat\u0131 art\u0131 4C\u2019deki \u00e7al\u0131\u015fma s\u00fcreci.<\/p>\n<p style=\"text-align: justify;\">Bu ad\u0131mlar at\u0131l\u0131rken 4C\u2019ye bir isyan ba\u015flad\u0131. Bu uygulama ba\u015flarken bizi alk\u0131\u015flayanlar \u015fimdi \u201c4C\u2019yi istemez\u00fck\u201d diyorlar.<\/p>\n<p style=\"text-align: justify;\">Kendilerine son g\u00f6r\u00fc\u015fmede dedik ki biz ihbar ve k\u0131dem tazminatlar\u0131n\u0131 veriyoruz.<\/p>\n<p style=\"text-align: justify;\"><strong><em>BAKANLARA FIR\u00c7A ATMA HABER\u0130 YALAN <\/em><\/strong><\/p>\n<p style=\"text-align: justify;\">G\u00fcya ben 4C\u2019yi bilmedi\u011fimi s\u00f6yleyip bakanlar\u0131ma f\u0131r\u00e7a atm\u0131\u015f\u0131m.<\/p>\n<p style=\"text-align: justify;\">Ben bakanlar\u0131ma sadece \u015funu dedim: K\u0131dem tazminat\u0131na gerek duymadan devam edilebilir mi. Ara\u015ft\u0131r\u0131m. Onu s\u00f6yledim.<\/p>\n<p style=\"text-align: justify;\">Sendika ba\u015fkan\u0131na da birka\u00e7 g\u00fcn \u00e7al\u0131\u015fal\u0131m dedim.<\/p>\n<p style=\"text-align: justify;\">4C\u2019nin i\u00e7eri\u011finde bir de\u011fi\u015fikli\u011fe gidebilirsek bunu yap\u0131n ad\u0131mlar\u0131 ona g\u00f6re atal\u0131m dedim.<\/p>\n<p style=\"text-align: justify;\"><strong><em>HUKUKSUZLU\u011eA G\u00d6Z YUMUYORUZ <\/em><\/strong><\/p>\n<p style=\"text-align: justify;\">Bizi Tekel i\u015f\u00e7isi iktidar yapmad\u0131. Bizi Millet iktidar yapt\u0131.<\/p>\n<p style=\"text-align: justify;\">Onlar da milletin ferdidir. Onlara sayg\u0131m vard\u0131r. Ama hukuk i\u00e7inde.<\/p>\n<p style=\"text-align: justify;\">\u015eu anda biz hukuksuzlu\u011fa g\u00f6z yumuyoruz. Orada ya\u015fanan hukuksuz bir durumdur. Demokrasi ad\u0131na buna biraz da ha katlanal\u0131m dedik.<\/p>\n<p style=\"text-align: justify;\">Ger\u00e7ekten k\u0131dem tazminat\u0131n\u0131n devam\u0131na y\u00f6nelik bir imkan varsa bunu yapaca\u011f\u0131z. Ama yoksa o zaman paralar\u0131n\u0131 alm\u0131\u015f olacaklar ve yeni bir s\u00fcreci, ba\u015flataca\u011f\u0131z.<\/p>\n<p style=\"text-align: justify;\"><strong><em>ERKEN SE\u00c7\u0130M YOK <\/em><\/strong><\/p>\n<p style=\"text-align: justify;\">T\u00fcm d\u00fcnyay\u0131 etkileyen bir k\u00fcresel kriz s\u00f6z konusu. Biz de bu krizden etkilendik. Ama di\u011fer b\u00fcy\u00fck \u00fclkelere bak\u0131ld\u0131\u011f\u0131nda T\u00fcrkiye bu krizi hafif atlatm\u0131\u015ft\u0131r diyebiliriz.<\/p>\n<p style=\"text-align: justify;\">K\u00fcresel sermaye yat\u0131r\u0131m i\u00e7in bana gelip diyor ki \u201cErken se\u00e7im var m\u0131?\u201d<\/p>\n<p style=\"text-align: justify;\">Ben de diyorum ki hay\u0131r kesinlikle \u00f6yle bir \u015fey yok. Se\u00e7imleri art\u0131k zaman\u0131nda yapaca\u011f\u0131z.<\/p>\n<p style=\"text-align: justify;\"><span style=\"color: #888888;\">Kaynak : Haber1.com<\/span><\/p>\n","protected":false},"excerpt":{"rendered":"<p style=\"text-align: center;\">\n<p style=\"text-align: justify;\">Ba\u015fbakan Tayyip Erdo\u011fan, TRT-1&#8217;de yay\u0131mlanan bir program\u0131na kat\u0131larak, gazetecilerin sorular\u0131n\u0131 yan\u0131tlad\u0131.<\/p>\n<p style=\"text-align: justify;\">Ba\u015fbakan Erdo\u011fan erken se\u00e7im iddialar\u0131na da de\u011findi\u011fi programda ilgin\u00e7 bir a\u00e7\u0131klama yapt\u0131 ve \u201c2011 se\u00e7im y\u0131l\u0131d\u0131r. Se\u00e7imin tarihi de Temmuz ay\u0131n\u0131n mevsim ko\u015fullar\u0131 sebebiyle belki biraz \u00f6ncesine al\u0131nabilir. Onun d\u0131\u015f\u0131nda bir \u015fey asla d\u00fc\u015f\u00fcn\u00fclemez\u201d dedi. <\/p>\n","protected":false},"author":1,"featured_media":0,"comment_status":"open","ping_status":"closed","sticky":false,"template":"","format":"standard","meta":{"footnotes":""},"categories":[105],"tags":[],"class_list":["post-36015","post","type-post","status-publish","format-standard","hentry","category-gundem","odd"],"_links":{"self":[{"href":"http:\/\/www.korhanyilmaz.com\/index.php?rest_route=\/wp\/v2\/posts\/36015","targetHints":{"allow":["GET"]}}],"collection":[{"href":"http:\/\/www.korhanyilmaz.com\/index.php?rest_route=\/wp\/v2\/posts"}],"about":[{"href":"http:\/\/www.korhanyilmaz.com\/index.php?rest_route=\/wp\/v2\/types\/post"}],"author":[{"embeddable":true,"href":"http:\/\/www.korhanyilmaz.com\/index.php?rest_route=\/wp\/v2\/users\/1"}],"replies":[{"embeddable":true,"href":"http:\/\/www.korhanyilmaz.com\/index.php?rest_route=%2Fwp%2Fv2%2Fcomments&post=36015"}],"version-history":[{"count":0,"href":"http:\/\/www.korhanyilmaz.com\/index.php?rest_route=\/wp\/v2\/posts\/36015\/revisions"}],"wp:attachment":[{"href":"http:\/\/www.korhanyilmaz.com\/index.php?rest_route=%2Fwp%2Fv2%2Fmedia&parent=36015"}],"wp:term":[{"taxonomy":"category","embeddable":true,"href":"http:\/\/www.korhanyilmaz.com\/index.php?rest_route=%2Fwp%2Fv2%2Fcategories&post=36015"},{"taxonomy":"post_tag","embeddable":true,"href":"http:\/\/www.korhanyilmaz.com\/index.php?rest_route=%2Fwp%2Fv2%2Ftags&post=36015"}],"curies":[{"name":"wp","href":"https:\/\/api.w.org\/{rel}","templated":true}]}}