{"id":36012,"date":"2010-01-31T12:15:45","date_gmt":"2010-01-31T10:15:45","guid":{"rendered":"http:\/\/www.korhanyilmaz.com\/?p=18685"},"modified":"2010-01-31T12:15:45","modified_gmt":"2010-01-31T10:15:45","slug":"arincin-iddialari-asilsiz-cikti-2","status":"publish","type":"post","link":"http:\/\/www.korhanyilmaz.com\/?p=36012","title":{"rendered":"Ar\u0131n\u00e7&#8217;\u0131n iddialar\u0131 as\u0131ls\u0131z \u00e7\u0131kt\u0131"},"content":{"rendered":"<p style=\"text-align: center;\"><a href=\"http:\/\/www.korhanyilmaz.com\/wp-content\/uploads\/2010\/01\/deniz.jpg\"  class=\"lightview\"><img loading=\"lazy\" decoding=\"async\" class=\"aligncenter size-full wp-image-18686\" src=\"http:\/\/www.korhanyilmaz.com\/wp-content\/uploads\/2010\/01\/deniz.jpg\" alt=\"\" width=\"281\" height=\"209\" \/><\/a><\/p>\n<p style=\"text-align: justify;\">MHP Genel Ba\u015fkan Yard\u0131mc\u0131s\u0131 Deniz B\u00f6l\u00fckba\u015f\u0131, Ba\u015fbakan Yard\u0131mc\u0131s\u0131 ve Devlet Bakan\u0131 B\u00fclent Ar\u0131n\u00e7&#8217;\u0131n 15 g\u00fcn \u00f6ncesine kadar her g\u00fcn televizyonlarda oldu\u011funu &#8220;Beni \u00f6ld\u00fcrmek istiyorlar, suikast&#8221; dedi\u011fini \u00f6ne s\u00fcrerken, &#8220;En gizli yerler de arand\u0131 bir \u015fey \u00e7\u0131kmad\u0131. Say\u0131n Ar\u0131n\u00e7&#8217;\u0131 g\u00f6reniniz var m\u0131? Kendisi `Bu suikast iddialar\u0131n\u0131 ciddiye almayanlar ahmakt\u0131r&#8217; diyordu. \u015eimdi bunlar\u0131n ciddi olmad\u0131\u011f\u0131 ortaya \u00e7\u0131kt\u0131. Ahmak diye kime dememiz laz\u0131m&#8221; dedi. <!--more--><\/p>\n<p style=\"text-align: justify;\">MHP Genel Ba\u015fkan Yard\u0131mc\u0131s\u0131 Deniz B\u00f6l\u00fckba\u015f\u0131, K\u00fclt\u00fcr M\u00fcd\u00fcrl\u00fc\u011f\u00fc Salonu&#8217;nda d\u00fczenlenen `\u00c7\u00f6z\u00fclen \u00dclke T\u00fcrkiye ve Tavr\u0131m\u0131z&#8217; konulu konferansa kat\u0131lmak \u00fczere Erzurum Milletvekili Zeki Ertugay ile birlikte Erzincan&#8217;a geldi. Konferansta T\u00fcrkiye manzaras\u0131na bak\u0131ld\u0131\u011f\u0131nda 3 temel sorun oldu\u011funu anlatan MHP&#8217;li Deniz B\u00f6l\u00fckba\u015f\u0131, \u015f\u00f6yle dedi:<\/p>\n<p style=\"text-align: justify;\">&#8220;Bunlardan birincisi T\u00fcrkiye giderek yoksulla\u015fmakta, fakirle\u015fmektedir. \u0130\u015fsizlik giderek \u00e7ok geni\u015f taban kazanmaktad\u0131r. \u0130kincisi T\u00fcrkiye soyulmaktad\u0131r. Vurgun, soygun ve yolsuzluk d\u00fczeni organize bir su\u00e7 \u00e7etesi halinde. T\u00fcrkiye&#8217;nin her y\u00f6netim kademesinde y\u00f6netim bi\u00e7imi halinde ortaya \u00e7\u0131km\u0131\u015ft\u0131r. \u00dc\u00e7\u00fcnc\u00fc temel sorun, T\u00fcrkiye b\u00f6l\u00fcnmek istenmektedir. T\u00fcrkiye cephelere ayr\u0131nmak, etnik ayr\u0131\u015fma s\u00fcrecine tabi tutularak \u00e7at\u0131\u015ft\u0131r\u0131lmak ve b\u00f6l\u00fcnmek istenmektedir.&#8221;<\/p>\n<p style=\"text-align: justify;\">AK Parti kadrolar\u0131n\u0131n T\u00fcrk milletine verdi\u011fi s\u00f6zlerin hi\u00e7 birini yerine getiremedi\u011fini ve s\u00f6ylediklerinin hepsinin yalan oldu\u011funun anla\u015f\u0131ld\u0131\u011f\u0131n\u0131n iddia eden B\u00f6l\u00fckba\u015f\u0131, \u015f\u00f6yle devam etti:<\/p>\n<p style=\"text-align: justify;\">&#8220;Art\u0131k dini duygular\u0131 temiz beklentileri istismar edemeyeceklerini bildikleri i\u00e7in \u015fimdi T\u00fcrk milletinin merhamet ve ac\u0131ma duygular\u0131na s\u0131\u011f\u0131nmak i\u00e7in yollar aramaktad\u0131r. Say\u0131n Ba\u015fbakan T\u00fcrk halk\u0131 inim inlerken, Erzincanl\u0131 \u00e7ift\u00e7i `\u0130cra takibinden nas\u0131l kurtulurum?&#8217; diye peri\u015fanken her g\u00fcn ortaya \u00e7\u0131k\u0131yor; `Efendim beni devirmek istiyorlar, ben sizin hayr\u0131n\u0131za i\u015fler yapmak istiyorum ama Anayasa Mahkemesi \u00f6n\u00fcme engel koyuyor. Say\u0131\u015ftay \u015funu \u00e7\u0131kart\u0131yor, Yarg\u0131tay bunu \u00e7\u0131kart\u0131yor&#8217; diyor. \u0130\u015fte kozmik oda m\u0131d\u0131r, nedir dendi o tart\u0131\u015fmalarla hem g\u00fcndemi de\u011fi\u015ftiriyor hem de sizin ac\u0131ma ve merhamet duygular\u0131n\u0131zla acaba kendine `Son bir kez yer bulabilir miyim?&#8217; diye orta oyunu sergiliyor. Varsa demokrasiye d\u0131\u015far\u0131dan bir m\u00fcdahale yarg\u0131 buradad\u0131r. Sonuna kadar gider ve bunu ortaya \u00e7\u0131kar\u0131r. Ama her g\u00fcn bir darbe senaryosuyla ortaya \u00e7\u0131k\u0131yorsun, bunlar\u0131n \u00e7o\u011funun fos oldu\u011fu hemen anla\u015f\u0131l\u0131yor.&#8221;<\/p>\n<p style=\"text-align: justify;\"><span style=\"color: #888888;\">Kaynak : Haber1.com<\/span><\/p>\n","protected":false},"excerpt":{"rendered":"<p style=\"text-align: center;\">\n<p style=\"text-align: justify;\">MHP Genel Ba\u015fkan Yard\u0131mc\u0131s\u0131 Deniz B\u00f6l\u00fckba\u015f\u0131, Ba\u015fbakan Yard\u0131mc\u0131s\u0131 ve Devlet Bakan\u0131 B\u00fclent Ar\u0131n\u00e7&#8217;\u0131n 15 g\u00fcn \u00f6ncesine kadar her g\u00fcn televizyonlarda oldu\u011funu &#8220;Beni \u00f6ld\u00fcrmek istiyorlar, suikast&#8221; dedi\u011fini \u00f6ne s\u00fcrerken, &#8220;En gizli yerler de arand\u0131 bir \u015fey \u00e7\u0131kmad\u0131. Say\u0131n Ar\u0131n\u00e7&#8217;\u0131 g\u00f6reniniz var m\u0131? Kendisi `Bu suikast iddialar\u0131n\u0131 ciddiye almayanlar ahmakt\u0131r&#8217; diyordu. \u015eimdi <\/p>\n","protected":false},"author":1,"featured_media":0,"comment_status":"open","ping_status":"closed","sticky":false,"template":"","format":"standard","meta":{"footnotes":""},"categories":[105],"tags":[],"class_list":["post-36012","post","type-post","status-publish","format-standard","hentry","category-gundem","odd"],"_links":{"self":[{"href":"http:\/\/www.korhanyilmaz.com\/index.php?rest_route=\/wp\/v2\/posts\/36012","targetHints":{"allow":["GET"]}}],"collection":[{"href":"http:\/\/www.korhanyilmaz.com\/index.php?rest_route=\/wp\/v2\/posts"}],"about":[{"href":"http:\/\/www.korhanyilmaz.com\/index.php?rest_route=\/wp\/v2\/types\/post"}],"author":[{"embeddable":true,"href":"http:\/\/www.korhanyilmaz.com\/index.php?rest_route=\/wp\/v2\/users\/1"}],"replies":[{"embeddable":true,"href":"http:\/\/www.korhanyilmaz.com\/index.php?rest_route=%2Fwp%2Fv2%2Fcomments&post=36012"}],"version-history":[{"count":0,"href":"http:\/\/www.korhanyilmaz.com\/index.php?rest_route=\/wp\/v2\/posts\/36012\/revisions"}],"wp:attachment":[{"href":"http:\/\/www.korhanyilmaz.com\/index.php?rest_route=%2Fwp%2Fv2%2Fmedia&parent=36012"}],"wp:term":[{"taxonomy":"category","embeddable":true,"href":"http:\/\/www.korhanyilmaz.com\/index.php?rest_route=%2Fwp%2Fv2%2Fcategories&post=36012"},{"taxonomy":"post_tag","embeddable":true,"href":"http:\/\/www.korhanyilmaz.com\/index.php?rest_route=%2Fwp%2Fv2%2Ftags&post=36012"}],"curies":[{"name":"wp","href":"https:\/\/api.w.org\/{rel}","templated":true}]}}