{"id":36011,"date":"2010-01-30T19:55:36","date_gmt":"2010-01-30T17:55:36","guid":{"rendered":"http:\/\/www.korhanyilmaz.com\/?p=18682"},"modified":"2010-01-30T19:55:36","modified_gmt":"2010-01-30T17:55:36","slug":"12-eylulun-gizli-belgeleri-yayinlandi-2","status":"publish","type":"post","link":"http:\/\/www.korhanyilmaz.com\/?p=36011","title":{"rendered":"12 Eyl\u00fcl&#8217;\u00fcn gizli belgeleri yay\u0131nland\u0131"},"content":{"rendered":"<p style=\"text-align: center;\"><a href=\"http:\/\/www.korhanyilmaz.com\/wp-content\/uploads\/2010\/01\/12eylul.jpg\"  class=\"lightview\"><img loading=\"lazy\" decoding=\"async\" class=\"aligncenter size-full wp-image-18683\" src=\"http:\/\/www.korhanyilmaz.com\/wp-content\/uploads\/2010\/01\/12eylul.jpg\" alt=\"\" width=\"350\" height=\"210\" \/><\/a><\/p>\n<p style=\"text-align: justify;\">Bu kez yap\u0131lmas\u0131 planlanan de\u011fil yap\u0131lm\u0131\u015f bir darbenin belgeleri yay\u0131nland\u0131. \u0130\u015fte ilk kez yay\u0131nlanan 12 Eyl\u00fcl darbe plan\u0131 belgeleri&#8230;<\/p>\n<p style=\"text-align: justify;\">Taraf bu kez yap\u0131lmas\u0131 planlanan de\u011fil, yap\u0131lm\u0131\u015f darbenin planlar\u0131n\u0131 yay\u0131nlad\u0131. 12 Eyl\u00fcl&#8217;\u00fcn \u00fcnl\u00fc generali Bedrettin Demirel&#8217;in Devleti Kurtarma Plan\u0131 (Dev-Kurt) ad\u0131n\u0131 verdi\u011fi planlar ilk kez yay\u0131nland\u0131. <!--more--><\/p>\n<p style=\"text-align: justify;\">Balyoz Plan\u0131 ve 12 Eyl\u00fcl&#8217;\u00fcn Bayrak Harek\u00e2t Plan\u0131 ayn\u0131 ismin imzas\u0131n\u0131 ta\u015f\u0131yor. 12 Eyl\u00fcl&#8217;\u00fcn \u00fcnl\u00fc generali Bedrettin Demirel Genelkurmay&#8217;da her zaman bir tane bulunan o planlar\u0131n ortak ad\u0131n\u0131 vermi\u015f: Dev-Kurt (Devleti Kurtarma Plan\u0131)<\/p>\n<p style=\"text-align: justify;\">Taraf gazetesi, o dosyadan \u00e7\u0131kan belgelerdeki bilgileri yaz\u0131 dizisi halinde bug\u00fcn yay\u0131nlamaya ba\u015flad\u0131.<\/p>\n<p style=\"text-align: justify;\"><strong><em>\u0130\u015eTE DOSYADA YER ALAN BELGELERDEN BAZI BA\u015eLIKLAR <\/em><\/strong><\/p>\n<p style=\"text-align: justify;\">-D\u00f6nemin t\u00fcm 1. Ordu ve istanbul S\u0131k\u0131y\u00f6netim Talimattar\u0131, S\u0131k\u0131y\u00f6netim Komutanl\u0131\u011f\u0131 bildiri ve yaz\u0131\u015fmalar\u0131<\/p>\n<p style=\"text-align: justify;\">-12 Eyl\u00fcl ve sonras\u0131nda meydana gelen olaylarla ilgili bug\u00fcne kadar hi\u00e7 yay\u0131mlanmam\u0131\u015f \u00e7ok \u00f6nemli istatistikler<\/p>\n<p style=\"text-align: justify;\">-D\u00f6nemin t\u00fcm sol ve sa\u011f \u00f6rg\u00fctlerinin nas\u0131l yak\u0131ndan izlendi\u011fini g\u00f6steren raporlar.<\/p>\n<p style=\"text-align: justify;\">-Y\u0131lmaz G\u00fcney ve Cem Karaca &#8216;nm da aralannda oldu\u011fu 12 Eyl\u00fcl&#8217;\u00fcn sak\u0131ncal\u0131 isimleri hakk\u0131nda al\u0131nan \u00f6zel kararlann da aras\u0131nda oldu\u011fu y\u00fczlerce sayfa sararm\u0131\u015f belge.<\/p>\n<p style=\"text-align: justify;\"><span style=\"color: #888888;\">(Kaynak: Taraf Gazetesi)<\/span><\/p>\n","protected":false},"excerpt":{"rendered":"<p style=\"text-align: center;\">\n<p style=\"text-align: justify;\">Bu kez yap\u0131lmas\u0131 planlanan de\u011fil yap\u0131lm\u0131\u015f bir darbenin belgeleri yay\u0131nland\u0131. \u0130\u015fte ilk kez yay\u0131nlanan 12 Eyl\u00fcl darbe plan\u0131 belgeleri&#8230;<\/p>\n<p style=\"text-align: justify;\">Taraf bu kez yap\u0131lmas\u0131 planlanan de\u011fil, yap\u0131lm\u0131\u015f darbenin planlar\u0131n\u0131 yay\u0131nlad\u0131. 12 Eyl\u00fcl&#8217;\u00fcn \u00fcnl\u00fc generali Bedrettin Demirel&#8217;in Devleti Kurtarma Plan\u0131 (Dev-Kurt) ad\u0131n\u0131 verdi\u011fi planlar ilk kez yay\u0131nland\u0131. <\/p>\n","protected":false},"author":1,"featured_media":0,"comment_status":"open","ping_status":"closed","sticky":false,"template":"","format":"standard","meta":{"footnotes":""},"categories":[105],"tags":[],"class_list":["post-36011","post","type-post","status-publish","format-standard","hentry","category-gundem","odd"],"_links":{"self":[{"href":"http:\/\/www.korhanyilmaz.com\/index.php?rest_route=\/wp\/v2\/posts\/36011","targetHints":{"allow":["GET"]}}],"collection":[{"href":"http:\/\/www.korhanyilmaz.com\/index.php?rest_route=\/wp\/v2\/posts"}],"about":[{"href":"http:\/\/www.korhanyilmaz.com\/index.php?rest_route=\/wp\/v2\/types\/post"}],"author":[{"embeddable":true,"href":"http:\/\/www.korhanyilmaz.com\/index.php?rest_route=\/wp\/v2\/users\/1"}],"replies":[{"embeddable":true,"href":"http:\/\/www.korhanyilmaz.com\/index.php?rest_route=%2Fwp%2Fv2%2Fcomments&post=36011"}],"version-history":[{"count":0,"href":"http:\/\/www.korhanyilmaz.com\/index.php?rest_route=\/wp\/v2\/posts\/36011\/revisions"}],"wp:attachment":[{"href":"http:\/\/www.korhanyilmaz.com\/index.php?rest_route=%2Fwp%2Fv2%2Fmedia&parent=36011"}],"wp:term":[{"taxonomy":"category","embeddable":true,"href":"http:\/\/www.korhanyilmaz.com\/index.php?rest_route=%2Fwp%2Fv2%2Fcategories&post=36011"},{"taxonomy":"post_tag","embeddable":true,"href":"http:\/\/www.korhanyilmaz.com\/index.php?rest_route=%2Fwp%2Fv2%2Ftags&post=36011"}],"curies":[{"name":"wp","href":"https:\/\/api.w.org\/{rel}","templated":true}]}}