{"id":36010,"date":"2010-01-31T09:06:48","date_gmt":"2010-01-31T07:06:48","guid":{"rendered":"http:\/\/www.korhanyilmaz.com\/?p=18679"},"modified":"2010-01-31T09:06:48","modified_gmt":"2010-01-31T07:06:48","slug":"erdogandan-israil-ve-sarkozyye-yaylim-atesi-2","status":"publish","type":"post","link":"http:\/\/www.korhanyilmaz.com\/?p=36010","title":{"rendered":"Erdo\u011fan&#8217;dan \u0130srail ve Sarkozy&#8217;ye yayl\u0131m ate\u015fi"},"content":{"rendered":"<p style=\"text-align: center;\"><a href=\"http:\/\/www.korhanyilmaz.com\/wp-content\/uploads\/2010\/01\/erdogan8.jpg\"  class=\"lightview\"><img loading=\"lazy\" decoding=\"async\" class=\"aligncenter size-full wp-image-18680\" src=\"http:\/\/www.korhanyilmaz.com\/wp-content\/uploads\/2010\/01\/erdogan8.jpg\" alt=\"\" width=\"350\" height=\"210\" \/><\/a><\/p>\n<p style=\"text-align: justify;\">Ba\u015fbakan Recep Tayyip, T\u00fcrk\u00e7e yay\u0131na ba\u015flayan Euronews&#8217;e konu\u015ftu. Erdo\u011fan buradaki konu\u015fmas\u0131nda \u0130sraii ve Fransa Cumhurba\u015fkan\u0131 Sarkozy&#8217;i ele\u015ftirdi.<\/p>\n<p style=\"text-align: justify;\">Ba\u015fbakan Erdo\u011fan, &#8220;\u0130srail-T\u00fcrkiye ili\u015fkilerinin gelece\u011fini nas\u0131l g\u00f6r\u00fcyorsunuz ve gelinen noktada T\u00fcrkiye&#8217;nin b\u00f6lgede, \u0130srail ile Arap \u00fclkeleri ve \u0130srail-Suriye aras\u0131nda ara buluculuk rol\u00fc oynayabilece\u011fini d\u00fc\u015f\u00fcnebiliyor musunuz?&#8221; sorusuna kar\u015f\u0131l\u0131k, &#8220;T\u00fcrkiye gibi bir dostunu kaybetmesi, san\u0131yorum \u0130srail i\u00e7in gelecekte onlar\u0131n d\u00fc\u015f\u00fcnmesi gereken bir konu olacakt\u0131r&#8221; dedi. <!--more--><\/p>\n<p style=\"text-align: justify;\"><strong><em>\u0130S\u0130M A\u00c7IKLAMAYA MECBUR MUSUN<\/em><\/strong><\/p>\n<p style=\"text-align: justify;\">&#8220;B\u00fcy\u00fckel\u00e7imize kar\u015f\u0131 tak\u0131n\u0131lan tavr\u0131n uluslararas\u0131 diplomaside yeri yoktur. Biz, \u0130srail-Suriye ili\u015fkilerinde elimizden geleni yapt\u0131k&#8221; diyen Erdo\u011fan, &#8220;Bak\u0131yorsunuz \u015fimdi Say\u0131n Binyamin Netanyahu kalk\u0131yor diyor ki, &#8216;Ben Erdo\u011fan&#8217;a g\u00fcvenmiyorum. Sarkozy&#8217;ye g\u00fcveniyorum&#8217;. B\u00f6yle bir isim a\u00e7\u0131klamaya mecbur musunuz? \u0130\u015fte bu da bir diplomasi a\u00e7\u0131\u011f\u0131&#8230; \u00c7\u00fcnk\u00fc bunu siz s\u00f6yledi\u011finiz zaman, o zaman, yani sen bana g\u00fcvenmedi\u011fine g\u00f6re ben sana nas\u0131l g\u00fcvenece\u011fim? \u015eu anda \u0130srail ile aram\u0131zda \u00e7ok ciddi anla\u015fmalar var. G\u00fcvensizlik \u00fczerine bu anla\u015fmalar\u0131n y\u00fcr\u00fct\u00fclmesi m\u00fcmk\u00fcn olur mu? Bir d\u00fcnya devleti olarak \u0130srail kendini g\u00f6r\u00fcyorsa, kom\u015fular\u0131yla olan m\u00fcnasebetlerini bir g\u00f6zden ge\u00e7irmesi gerekir diye d\u00fc\u015f\u00fcn\u00fcyorum&#8221; dedi.<\/p>\n<p style=\"text-align: justify;\">Erdo\u011fan, &#8220;\u0130srail D\u0131\u015fi\u015fleri Bakan\u0131 sizi iki \u00fclke aras\u0131nda tansiyonu y\u00fckseltmekle, esas\u0131nda antisemitizm ile su\u00e7lad\u0131. Siz geriye d\u00f6n\u00fcp bakt\u0131\u011f\u0131n\u0131zda kendi tutumunuzu nas\u0131l de\u011ferlendiriyorsunuz? Acaba &#8216;konuyu daha diplomatik ele alabilir miyim&#8217; diye d\u00fc\u015f\u00fcnd\u00fcn\u00fcz m\u00fc?&#8221; sorusu \u00fczerine, &#8220;Ben ger\u00e7e\u011fi s\u00f6yl\u00fcyorum ve ger\u00e7e\u011fi s\u00f6ylemeye de devam edece\u011fim&#8221; yan\u0131t\u0131n\u0131 verdi.<\/p>\n<p style=\"text-align: justify;\">Erdo\u011fan, &#8220;T\u00fcrkiye, y\u00fczy\u0131llara dayanan bir ge\u00e7mi\u015fi olan bir devlet. B\u00f6yle bir devletle konu\u015furken, oturup kalkarken dikkat edeceksin. Kalk\u0131p da savunmas\u0131z insanlar ac\u0131mas\u0131zca \u00f6ld\u00fcr\u00fcl\u00fcrse, bunlar fosfor bombalar\u0131yla vurulursa, alt yap\u0131, \u00fcst yap\u0131, her yer y\u0131k\u0131l\u0131rsa, adeta bir a\u00e7\u0131k hava hapishanesine insanlar mahkum edilirse, biz bunu \u0130nsan Haklar\u0131 Evrensel Beyannamesi ile insan haklar\u0131 ile ba\u011fda\u015ft\u0131ramay\u0131z ve buna seyirci kalamay\u0131z&#8221; diye konu\u015ftu.<\/p>\n<p style=\"text-align: justify;\"><strong><em>SARKOZY AKLA GELMEZ \u015eEYLER \u0130LER\u0130 S\u00dcR\u00dcYOR <\/em><\/strong><\/p>\n<p style=\"text-align: justify;\">Erdo\u011fan, &#8220;AB \u00fcyelerinin bir k\u0131sm\u0131 ne yaz\u0131k ki d\u00fcr\u00fcst davranm\u0131yor. S\u0131k\u0131nt\u0131 burada. Bunun ni\u00e7in s\u00f6yl\u00fcyorum? Avrupa Birli\u011fi m\u00fcktesebat\u0131 i\u00e7erisinde olmayan uygulamalarla T\u00fcrkiye&#8217;yi k\u00f6\u015feye s\u0131k\u0131\u015ft\u0131rmaya \u00e7al\u0131\u015f\u0131yorlar. Bu, \u00e7ok yanl\u0131\u015f bir \u015fey. \u015eunu bilmemiz laz\u0131m, bizler liderler olarak gelip ge\u00e7iciyiz, ama halklar kal\u0131c\u0131d\u0131r. Bir liderin farkl\u0131 bir \u00fclke i\u00e7in olumsuz yakla\u015f\u0131m\u0131 o \u00fclke halk\u0131n\u0131n o lider sebebiyle o \u00fclkeye bak\u0131\u015f\u0131n\u0131 de\u011fi\u015ftirir&#8221; dedi.<\/p>\n<p style=\"text-align: justify;\">&#8220;Sarkozy&#8217;den mi bahsediyorsunuz?&#8221; sorusu \u00fczerine de Erdo\u011fan, &#8220;Say\u0131n Sarkozy, akla gelmez veyahut akl\u0131n kabul etmeyece\u011fi \u015feyler ileri s\u00fcr\u00fcyor. Biz ne yaparlarsa yaps\u0131nlar, hangi engeli koyarlarsa koysunlar, \u00e7al\u0131\u015fmalar\u0131m\u0131z\u0131 s\u00fcrd\u00fcrece\u011fiz. Sab\u0131rla s\u00fcrd\u00fcrece\u011fiz. Ama tabii bunun da bir sonu var. Ta ki AB, b\u00fct\u00fcn \u00fcyeler &#8216;Biz T\u00fcrkiye&#8217;yi alm\u0131yoruz&#8217; diyene kadar&#8230; Bunu demeleri laz\u0131m&#8221; kar\u015f\u0131l\u0131\u011f\u0131n\u0131 verdi.<\/p>\n<p style=\"text-align: justify;\">&#8220;Baz\u0131 Avrupa \u00fclkelerinin liderlerinin bu olumsuz tav\u0131rlar\u0131nda dini ve k\u00fclt\u00fcrel farkl\u0131l\u0131klar\u0131n rol oynad\u0131\u011f\u0131n\u0131 d\u00fc\u015f\u00fcn\u00fcyor musunuz?&#8221; sorusuna kar\u015f\u0131l\u0131k Erdo\u011fan, &#8220;AB bir Hristiyan kul\u00fcb\u00fc olmamal\u0131d\u0131r. AB, mesela bir islamofobya kampanyas\u0131n\u0131n i\u00e7erisinde yer almamal\u0131d\u0131r. Yer alan bir \u00fclke varsa uyar\u0131lmad\u0131r, ikaz edilmelidir. Mesela T\u00fcrkiye Cumhuriyeti&#8217;nin Ba\u015fbakan\u0131 olarak a\u00e7\u0131k y\u00fcreklilikle antisemitizmi lanetlemi\u015f ve onu bir insanl\u0131k su\u00e7u olarak g\u00f6rm\u00fc\u015f bir liderim. Ama islamofobya konusunda da hassas\u0131m. \u00c7\u00fcnk\u00fc ben bir M\u00fcsl\u00fcman\u0131m ve hi\u00e7bir zaman kalk\u0131p da \u0130slam kar\u015f\u0131tl\u0131\u011f\u0131na tahamm\u00fcl edemem. Bunun tabii bir M\u00fcsl\u00fcman olarak da savunmas\u0131n\u0131 sonuna kadar yapar\u0131m. Hi\u00e7bir zaman ter\u00f6rle \u0130slam&#8217;\u0131 yan yana getiremez. Kimsenin buna c\u00fcret etmesine ben bir M\u00fcsl\u00fcman olarak, T\u00fcrkiye Cumhuriyeti Ba\u015fbakan\u0131 olarak &#8216;evet&#8217; diyemem&#8221; dedi.<\/p>\n<p style=\"text-align: justify;\"><strong><em>BA\u015eBAKAN ADNAN POLAT \u0130LE G\u00d6R\u00dc\u015eT\u00dc <\/em><\/strong><\/p>\n<p style=\"text-align: justify;\">Ba\u015fbakan Tayyip Erdo\u011fan Euronews&#8217;teki yay\u0131ndan sonra, Galatasaray Spor Kul\u00fcb\u00fc Ba\u015fkan\u0131 Adnan Polat ve Avrupa Konseyi Parlamenter Meclisi (AKPM) Ba\u015fkanl\u0131\u011f\u0131na se\u00e7ilen Ak Parti Antalya Milletvekili Mevl\u00fct \u00c7avu\u015fo\u011flu ile g\u00f6r\u00fc\u015ft\u00fc.<\/p>\n<p style=\"text-align: justify;\">Ba\u015fbakanl\u0131\u011f\u0131n Dolmabah\u00e7e&#8217;de bulunan ofisine gelen Adnan Polat, Erdo\u011fan ile yakla\u015f\u0131k yar\u0131m saat g\u00f6r\u00fc\u015ft\u00fc. G\u00f6r\u00fc\u015fmede Galatasaray&#8217;\u0131n yap\u0131m\u0131 devam eden Seyrantepe&#8217;deki stad\u0131n\u0131n ele al\u0131nd\u0131\u011f\u0131 ileri s\u00fcr\u00fcld\u00fc.<\/p>\n<p style=\"text-align: justify;\"><span style=\"color: #888888;\">Haber Kayna\u011f\u0131 : Haber1.com<\/span><\/p>\n","protected":false},"excerpt":{"rendered":"<p style=\"text-align: center;\">\n<p style=\"text-align: justify;\">Ba\u015fbakan Recep Tayyip, T\u00fcrk\u00e7e yay\u0131na ba\u015flayan Euronews&#8217;e konu\u015ftu. Erdo\u011fan buradaki konu\u015fmas\u0131nda \u0130sraii ve Fransa Cumhurba\u015fkan\u0131 Sarkozy&#8217;i ele\u015ftirdi.<\/p>\n<p style=\"text-align: justify;\">Ba\u015fbakan Erdo\u011fan, &#8220;\u0130srail-T\u00fcrkiye ili\u015fkilerinin gelece\u011fini nas\u0131l g\u00f6r\u00fcyorsunuz ve gelinen noktada T\u00fcrkiye&#8217;nin b\u00f6lgede, \u0130srail ile Arap \u00fclkeleri ve \u0130srail-Suriye aras\u0131nda ara buluculuk rol\u00fc oynayabilece\u011fini d\u00fc\u015f\u00fcnebiliyor musunuz?&#8221; sorusuna kar\u015f\u0131l\u0131k, &#8220;T\u00fcrkiye gibi bir dostunu <\/p>\n","protected":false},"author":1,"featured_media":0,"comment_status":"open","ping_status":"closed","sticky":false,"template":"","format":"standard","meta":{"footnotes":""},"categories":[105],"tags":[],"class_list":["post-36010","post","type-post","status-publish","format-standard","hentry","category-gundem","odd"],"_links":{"self":[{"href":"http:\/\/www.korhanyilmaz.com\/index.php?rest_route=\/wp\/v2\/posts\/36010","targetHints":{"allow":["GET"]}}],"collection":[{"href":"http:\/\/www.korhanyilmaz.com\/index.php?rest_route=\/wp\/v2\/posts"}],"about":[{"href":"http:\/\/www.korhanyilmaz.com\/index.php?rest_route=\/wp\/v2\/types\/post"}],"author":[{"embeddable":true,"href":"http:\/\/www.korhanyilmaz.com\/index.php?rest_route=\/wp\/v2\/users\/1"}],"replies":[{"embeddable":true,"href":"http:\/\/www.korhanyilmaz.com\/index.php?rest_route=%2Fwp%2Fv2%2Fcomments&post=36010"}],"version-history":[{"count":0,"href":"http:\/\/www.korhanyilmaz.com\/index.php?rest_route=\/wp\/v2\/posts\/36010\/revisions"}],"wp:attachment":[{"href":"http:\/\/www.korhanyilmaz.com\/index.php?rest_route=%2Fwp%2Fv2%2Fmedia&parent=36010"}],"wp:term":[{"taxonomy":"category","embeddable":true,"href":"http:\/\/www.korhanyilmaz.com\/index.php?rest_route=%2Fwp%2Fv2%2Fcategories&post=36010"},{"taxonomy":"post_tag","embeddable":true,"href":"http:\/\/www.korhanyilmaz.com\/index.php?rest_route=%2Fwp%2Fv2%2Ftags&post=36010"}],"curies":[{"name":"wp","href":"https:\/\/api.w.org\/{rel}","templated":true}]}}