{"id":36008,"date":"2010-01-30T18:20:40","date_gmt":"2010-01-30T16:20:40","guid":{"rendered":"http:\/\/www.korhanyilmaz.com\/?p=18668"},"modified":"2010-01-30T18:20:40","modified_gmt":"2010-01-30T16:20:40","slug":"secim-2010-kasimda-2","status":"publish","type":"post","link":"http:\/\/www.korhanyilmaz.com\/?p=36008","title":{"rendered":"&#8216;Se\u00e7im 2010 Kas\u0131m&#8217;da!&#8217;"},"content":{"rendered":"<p style=\"text-align: center;\"><a href=\"http:\/\/www.korhanyilmaz.com\/wp-content\/uploads\/2010\/01\/secim.jpg\"  class=\"lightview\"><img loading=\"lazy\" decoding=\"async\" class=\"aligncenter size-full wp-image-18669\" src=\"http:\/\/www.korhanyilmaz.com\/wp-content\/uploads\/2010\/01\/secim.jpg\" alt=\"\" width=\"350\" height=\"210\" \/><\/a><\/p>\n<p style=\"text-align: justify;\">MHP Genel Ba\u015fkan Yard\u0131mc\u0131s\u0131 Metin \u00c7obano\u011flu, bu y\u0131l kas\u0131m ay\u0131nda erken genel se\u00e7im yap\u0131laca\u011f\u0131 kanaatinde olduklar\u0131n\u0131 s\u00f6yledi.<\/p>\n<p style=\"text-align: justify;\">\u00c7obano\u011flu, MHP Manisa milletvekilleri Mustafa En\u00f6z ve Erkan Ak\u00e7ay ile Manisa K\u00fclt\u00fcr Sitesi&#8217;nde d\u00fczenledi\u011fi bas\u0131n toplant\u0131s\u0131nda, T\u00fcrkiye&#8217;nin i\u00e7inde bulundu\u011fu \u015fartlar\u0131n erken bir genel se\u00e7imi zaruri k\u0131ld\u0131\u011f\u0131n\u0131 ileri s\u00fcrd\u00fc. <!--more--><\/p>\n<p style=\"text-align: justify;\">\u0130ktidar partisinin se\u00e7imlerin zaman\u0131nda yap\u0131laca\u011f\u0131n\u0131 \u0131srarla belirtmesine ra\u011fmen ko\u015fullar\u0131n bunun tam aksi y\u00f6nde oldu\u011funu savunan \u00c7obano\u011flu, \u201cBiz MHP olarak 2010 y\u0131l\u0131 Kas\u0131m ay\u0131nda genel se\u00e7imlerin yap\u0131laca\u011f\u0131 kanaatindeyiz\u201d dedi.<\/p>\n<p style=\"text-align: justify;\">Genel ba\u015fkanlar\u0131 Devlet Bah\u00e7eli&#8217;nin, bu tarihi esas alarak, te\u015fkilata \u201cse\u00e7im start\u0131n\u0131\u201d verdi\u011fini anlatan \u00c7obano\u011flu, vatanda\u015flardan oy verme g\u00fcn\u00fc geldi\u011finde mutlaka i\u00e7inde bulunduklar\u0131 \u015fartlar\u0131 mant\u0131k s\u00fczgecinden ge\u00e7irerek tercih yapmalar\u0131n\u0131 istedi.<\/p>\n<p style=\"text-align: justify;\"><em><strong>\u00c7obano\u011flu, \u015f\u00f6yle konu\u015ftu: <\/strong><\/em><\/p>\n<div id=\"attachment_18670\" style=\"width: 197px\" class=\"wp-caption alignleft\"><a title=\"MHP Genel Ba\u015fkan Yard\u0131mc\u0131s\u0131 Metin \u00c7obano\u011flu\" href=\"http:\/\/www.korhanyilmaz.com\/wp-content\/uploads\/2010\/01\/cobanoglu.jpg\"  class=\"lightview\"><img loading=\"lazy\" decoding=\"async\" aria-describedby=\"caption-attachment-18670\" class=\"size-full wp-image-18670  \" style=\"margin-left: 10px; margin-right: 10px;\" title=\"MHP Genel Ba\u015fkan Yard\u0131mc\u0131s\u0131 Metin \u00c7obano\u011flu\" src=\"http:\/\/www.korhanyilmaz.com\/wp-content\/uploads\/2010\/01\/cobanoglu.jpg\" alt=\"\" width=\"187\" height=\"187\" \/><\/a><p id=\"caption-attachment-18670\" class=\"wp-caption-text\">MHP Genel Ba\u015fkan Yard\u0131mc\u0131s\u0131 Metin \u00c7obano\u011flu<\/p><\/div>\n<p style=\"text-align: justify;\">\u201c\u0130ktidar ne derse desin i\u015f\u00e7imiz, memurumuz, \u00e7ift\u00e7imiz, esnaf\u0131m\u0131z, emeklimiz, i\u015f adam\u0131m\u0131z bir 2002 \u015fartlar\u0131n\u0131, refah\u0131n\u0131, gelirlerini ve bir de 2010 y\u0131l\u0131 i\u00e7erisindeki \u015fartlar\u0131n\u0131 g\u00f6zden ge\u00e7irsin. \u0130ddial\u0131 bir \u015fekilde s\u00f6yl\u00fcyorum, bu \u00fclkede ya\u015fayan insanlar\u0131n \u00e7ok b\u00fcy\u00fck bir b\u00f6l\u00fcm\u00fc maalesef kar\u0131nlar\u0131n\u0131 doyuramaz, i\u015flerini yapamaz hale getirilmi\u015f, devletin, belediyelerin ve kaymakaml\u0131klar\u0131n, valiliklerin yard\u0131mlar\u0131yla hayatlar\u0131n\u0131 idame ettirir hale d\u00fc\u015f\u00fcr\u00fclm\u00fc\u015ft\u00fcr.<\/p>\n<p style=\"text-align: justify;\">MHP olarak biz T\u00fcrkiye&#8217;yi tek ba\u015f\u0131na idare etmeye talibiz. Manisa&#8217;da da bunun \u00e7ok \u00f6nemli verilerini al\u0131yoruz. Kimden al\u0131yoruz, vatanda\u015flar\u0131m\u0131zdan al\u0131yoruz. Allah&#8217;\u0131n izniyle ilk yap\u0131lacak genel se\u00e7imlerde \u00f6yle g\u00f6r\u00fcyorum ki, Manisa&#8217;n\u0131n 10 milletvekilinin \u00e7ok b\u00fcy\u00fck bir b\u00f6l\u00fcm\u00fc MHP&#8217;li olacak. Vatanda\u015f\u0131m\u0131z art\u0131k b\u0131km\u0131\u015f, suni g\u00fcndemlerle u\u011fra\u015fmak istemiyor, ger\u00e7ek problemlerine \u00e7\u00f6z\u00fcm ar\u0131yor. Bu \u00e7\u00f6z\u00fcm\u00fc \u00fcretecek tek parti, tek siyasi hareket MHP&#8217;dir.\u201d<\/p>\n<p style=\"text-align: justify;\">\u00c7obano\u011flu, bas\u0131n toplant\u0131s\u0131n\u0131n ard\u0131ndan MHP&#8217;ye ge\u00e7en Saruhanl\u0131 il\u00e7esine ba\u011fl\u0131 \u0130shak\u00e7elebi Beldesi Belediye Ba\u015fkan\u0131 Hakan Ulak ve 6 belediye meclis \u00fcyesine rozetlerini takt\u0131.<\/p>\n<p style=\"text-align: justify;\"><span style=\"color: #888888;\">Haber Kayna\u011f\u0131 : Haber1.com<\/span><\/p>\n","protected":false},"excerpt":{"rendered":"<p style=\"text-align: center;\">\n<p style=\"text-align: justify;\">MHP Genel Ba\u015fkan Yard\u0131mc\u0131s\u0131 Metin \u00c7obano\u011flu, bu y\u0131l kas\u0131m ay\u0131nda erken genel se\u00e7im yap\u0131laca\u011f\u0131 kanaatinde olduklar\u0131n\u0131 s\u00f6yledi.<\/p>\n<p style=\"text-align: justify;\">\u00c7obano\u011flu, MHP Manisa milletvekilleri Mustafa En\u00f6z ve Erkan Ak\u00e7ay ile Manisa K\u00fclt\u00fcr Sitesi&#8217;nde d\u00fczenledi\u011fi bas\u0131n toplant\u0131s\u0131nda, T\u00fcrkiye&#8217;nin i\u00e7inde bulundu\u011fu \u015fartlar\u0131n erken bir genel se\u00e7imi zaruri k\u0131ld\u0131\u011f\u0131n\u0131 ileri s\u00fcrd\u00fc. <\/p>\n","protected":false},"author":1,"featured_media":0,"comment_status":"open","ping_status":"closed","sticky":false,"template":"","format":"standard","meta":{"footnotes":""},"categories":[105],"tags":[],"class_list":["post-36008","post","type-post","status-publish","format-standard","hentry","category-gundem","odd"],"_links":{"self":[{"href":"http:\/\/www.korhanyilmaz.com\/index.php?rest_route=\/wp\/v2\/posts\/36008","targetHints":{"allow":["GET"]}}],"collection":[{"href":"http:\/\/www.korhanyilmaz.com\/index.php?rest_route=\/wp\/v2\/posts"}],"about":[{"href":"http:\/\/www.korhanyilmaz.com\/index.php?rest_route=\/wp\/v2\/types\/post"}],"author":[{"embeddable":true,"href":"http:\/\/www.korhanyilmaz.com\/index.php?rest_route=\/wp\/v2\/users\/1"}],"replies":[{"embeddable":true,"href":"http:\/\/www.korhanyilmaz.com\/index.php?rest_route=%2Fwp%2Fv2%2Fcomments&post=36008"}],"version-history":[{"count":0,"href":"http:\/\/www.korhanyilmaz.com\/index.php?rest_route=\/wp\/v2\/posts\/36008\/revisions"}],"wp:attachment":[{"href":"http:\/\/www.korhanyilmaz.com\/index.php?rest_route=%2Fwp%2Fv2%2Fmedia&parent=36008"}],"wp:term":[{"taxonomy":"category","embeddable":true,"href":"http:\/\/www.korhanyilmaz.com\/index.php?rest_route=%2Fwp%2Fv2%2Fcategories&post=36008"},{"taxonomy":"post_tag","embeddable":true,"href":"http:\/\/www.korhanyilmaz.com\/index.php?rest_route=%2Fwp%2Fv2%2Ftags&post=36008"}],"curies":[{"name":"wp","href":"https:\/\/api.w.org\/{rel}","templated":true}]}}