{"id":36006,"date":"2010-01-30T23:27:26","date_gmt":"2010-01-30T21:27:26","guid":{"rendered":"http:\/\/www.korhanyilmaz.com\/?p=18654"},"modified":"2010-01-30T23:27:26","modified_gmt":"2010-01-30T21:27:26","slug":"bu-iste-bir-capanoglu-var-2","status":"publish","type":"post","link":"http:\/\/www.korhanyilmaz.com\/?p=36006","title":{"rendered":"&#8220;Bu i\u015fte bir \u00e7apano\u011flu var&#8221;"},"content":{"rendered":"<p style=\"text-align: center;\"><a href=\"http:\/\/www.korhanyilmaz.com\/wp-content\/uploads\/2010\/01\/capanoglu.jpg\"  class=\"lightview\"><img loading=\"lazy\" decoding=\"async\" class=\"aligncenter size-full wp-image-18655\" src=\"http:\/\/www.korhanyilmaz.com\/wp-content\/uploads\/2010\/01\/capanoglu.jpg\" alt=\"\" width=\"350\" height=\"210\" \/><\/a><\/p>\n<p style=\"text-align: justify;\">Deniz Feneri yolsuzlu\u011funu ilk ihbar eden ki\u015fi olan Abdurrahim Vural\u2019\u0131n, 1.5 milyon euro paras\u0131 gasp edildi.<\/p>\n<p style=\"text-align: justify;\">Deniz Feneri davas\u0131n\u0131 ilk g\u00fcnden bu yana izleyen CHP MYK \u00fcyesi Ali K\u0131l\u0131\u00e7 \u2018\u2019Olay ku\u015fkulu, alt\u0131nda bir \u00e7apano\u011flu var\u2019\u2019 dedi.<\/p>\n<p style=\"text-align: justify;\">Deniz Feneri e.V yolsuzlu\u011funu ilk ihbar eden ki\u015fi olan Almanya \u0130slam Cemaati Ba\u015fkan\u0131 Abdurrahim Vural\u2019\u0131n, i\u00e7inde 1.5 milyon euro para bulunan \u00e7antas\u0131 gasp edildi. Deniz Feneri davas\u0131n\u0131 ilk g\u00fcnden bu yana izleyen CHP MYK \u00fcyesi Ali K\u0131l\u0131\u00e7 gasp olay\u0131n\u0131 ku\u015fkulu buldu\u011funu a\u00e7\u0131klad\u0131 ve \u2018\u2019Bu i\u015fin alt\u0131nda bir \u00e7apano\u011flu var\u2019\u2019 dedi. <!--more--><\/p>\n<p style=\"text-align: justify;\">K\u0131l\u0131\u00e7, GAZETEPORT\u2019a yapt\u0131\u011f\u0131 a\u00e7\u0131klamada, olay\u0131 inand\u0131r\u0131c\u0131 bulmad\u0131\u011f\u0131n\u0131 s\u00f6yledi ve \u201cKara para aklama operasyonu olabilir. Bu \u00f6rnek bile, cemaat i\u00e7inde paralar\u0131n nas\u0131l el de\u011fi\u015ftirdi\u011fini ortaya koymaktad\u0131r\u201d dedi. Jet-Pa ve Kombassan \u00f6rnekleri vererek benzer olaylar\u0131n ya\u015fand\u0131\u011f\u0131n\u0131 anlatan K\u0131l\u0131\u00e7, \u015f\u00f6yle devam etti:<\/p>\n<p style=\"text-align: justify;\">\u201cParan\u0131n Alman h\u00fck\u00fcmeti taraf\u0131ndan M\u00fcsl\u00fcmanlar\u0131n topluma entegre \u00e7al\u0131\u015fmalar\u0131nda kullan\u0131lmak \u00fczere verildi\u011fi iddia ediliyor. Bu kadar y\u00fcksek miktardaki paray\u0131 h\u00fck\u00fcmet vermez. Verse bile Almanya\u2019da dernekler yasas\u0131 bellidir. Bir proje varsa, para a\u015famal\u0131 olarak verilir. Proje s\u00fcresince faturalar ibraz edildikten sonra \u00f6deme yap\u0131l\u0131r. Almanya\u2019da devlet, g\u00f6\u00e7men k\u00f6kenli \u00f6rg\u00fctlere \u00f6zellikle bu kadar y\u00fcksek miktarda para \u00f6demez. \u00d6deseler bile bavul i\u00e7inde teslim etmez. Baknadan 10 bin euro \u00e7ekildi\u011fi zaman bile pe\u015fine d\u00fc\u015ferler. Bu olayda farkl\u0131 bir tezgah var\u201d<\/p>\n<p style=\"text-align: justify;\"><strong><em>Kayna\u011f\u0131n\u0131 A\u00e7\u0131klamad\u0131&#8230;<\/em><\/strong><\/p>\n<p style=\"text-align: justify;\">Vural, ge\u00e7en hafta bir \u00e7al\u0131\u015fan\u0131na i\u00e7inde 1.5 milyon euro bulunan \u00e7anta verdi\u011fini ve Deutsche Bank\u2019a yat\u0131rmas\u0131n\u0131 istedi\u011fini, ancak bankan\u0131n kasa olmad\u0131\u011f\u0131 gerek\u00e7esiyle paray\u0131 teslim almad\u0131\u011f\u0131 ileri s\u00fcrm\u00fc\u015ft\u00fc. Kuryenin bankadan \u00e7\u0131k\u0131p \u2018\u0130slam Cemaati\u2019 merkezine gelirken sald\u0131r\u0131ya u\u011frad\u0131\u011f\u0131 ve gen\u00e7 bir ki\u015finin para dolu \u00e7anta ile ka\u00e7t\u0131\u011f\u0131 belirtilmi\u015fti. Vural\u2019\u0131n Avukat\u0131, paran\u0131n kayna\u011f\u0131 ve hangi ama\u00e7la kullan\u0131laca\u011f\u0131 konusunda \u201cPolisin soru\u015fturmas\u0131n\u0131 tehlikeye atmamak i\u00e7in\u201d bir a\u00e7\u0131klama yapmad\u0131. Vural da daha \u00f6nce Milli G\u00f6r\u00fc\u015f b\u00fcnyesindeki yolsuzluklar nedeniyle tutuklanm\u0131\u015ft\u0131.<\/p>\n<p style=\"text-align: justify;\"><strong><em>\u0130lk \u0130hbar\u0131 Yapan Ki\u015fi <\/em><\/strong><\/p>\n<p style=\"text-align: justify;\">Deniz Feneri e.V. soru\u015fturmas\u0131n\u0131 y\u00fcr\u00fcten Alman Mali Polis Ba\u015fkomiseri Alexander B\u00f6hm, mahkemede, Den\u0130z Feneri ile ilgili ilk \u015fikayeti 8 Ocak 2006\u2019da Milli G\u00f6r\u00fc\u015f\u2019\u00fcn eski hukuk dan\u0131\u015fman\u0131 Abdurrahman Vural\u2019\u0131n yapt\u0131\u011f\u0131n\u0131 a\u00e7\u0131klam\u0131\u015ft\u0131. Vural\u2019\u0131n g\u00f6nderdi\u011fi mektupta, milyonlarca euro ba\u011f\u0131\u015f\u0131n ka\u00e7\u0131r\u0131ld\u0131\u011f\u0131 ve para aktar\u0131m\u0131n\u0131n illegal oldu\u011fu, \u015firketlerin muhasebesinde manipulasyon yapt\u0131\u011f\u0131, bu paralar\u0131n politik ama\u00e7larla \u0130slami holdingler ve AKP\u2019nin finansman\u0131nda kullan\u0131ld\u0131\u011f\u0131 belirtilmi\u015fti.<\/p>\n<p style=\"text-align: justify;\"><span style=\"color: #888888;\">Haber Kayna\u011f\u0131 : Haber1.com<\/span><\/p>\n","protected":false},"excerpt":{"rendered":"<p style=\"text-align: center;\">\n<p style=\"text-align: justify;\">Deniz Feneri yolsuzlu\u011funu ilk ihbar eden ki\u015fi olan Abdurrahim Vural\u2019\u0131n, 1.5 milyon euro paras\u0131 gasp edildi.<\/p>\n<p style=\"text-align: justify;\">Deniz Feneri davas\u0131n\u0131 ilk g\u00fcnden bu yana izleyen CHP MYK \u00fcyesi Ali K\u0131l\u0131\u00e7 \u2018\u2019Olay ku\u015fkulu, alt\u0131nda bir \u00e7apano\u011flu var\u2019\u2019 dedi.<\/p>\n<p style=\"text-align: justify;\">Deniz Feneri e.V yolsuzlu\u011funu ilk ihbar eden ki\u015fi olan Almanya <\/p>\n","protected":false},"author":1,"featured_media":0,"comment_status":"open","ping_status":"closed","sticky":false,"template":"","format":"standard","meta":{"footnotes":""},"categories":[105],"tags":[],"class_list":["post-36006","post","type-post","status-publish","format-standard","hentry","category-gundem","odd"],"_links":{"self":[{"href":"http:\/\/www.korhanyilmaz.com\/index.php?rest_route=\/wp\/v2\/posts\/36006","targetHints":{"allow":["GET"]}}],"collection":[{"href":"http:\/\/www.korhanyilmaz.com\/index.php?rest_route=\/wp\/v2\/posts"}],"about":[{"href":"http:\/\/www.korhanyilmaz.com\/index.php?rest_route=\/wp\/v2\/types\/post"}],"author":[{"embeddable":true,"href":"http:\/\/www.korhanyilmaz.com\/index.php?rest_route=\/wp\/v2\/users\/1"}],"replies":[{"embeddable":true,"href":"http:\/\/www.korhanyilmaz.com\/index.php?rest_route=%2Fwp%2Fv2%2Fcomments&post=36006"}],"version-history":[{"count":0,"href":"http:\/\/www.korhanyilmaz.com\/index.php?rest_route=\/wp\/v2\/posts\/36006\/revisions"}],"wp:attachment":[{"href":"http:\/\/www.korhanyilmaz.com\/index.php?rest_route=%2Fwp%2Fv2%2Fmedia&parent=36006"}],"wp:term":[{"taxonomy":"category","embeddable":true,"href":"http:\/\/www.korhanyilmaz.com\/index.php?rest_route=%2Fwp%2Fv2%2Fcategories&post=36006"},{"taxonomy":"post_tag","embeddable":true,"href":"http:\/\/www.korhanyilmaz.com\/index.php?rest_route=%2Fwp%2Fv2%2Ftags&post=36006"}],"curies":[{"name":"wp","href":"https:\/\/api.w.org\/{rel}","templated":true}]}}