{"id":36005,"date":"2010-01-31T00:24:44","date_gmt":"2010-01-30T22:24:44","guid":{"rendered":"http:\/\/www.korhanyilmaz.com\/?p=18649"},"modified":"2010-01-31T00:24:44","modified_gmt":"2010-01-30T22:24:44","slug":"turkiyede-sol-yok-2","status":"publish","type":"post","link":"http:\/\/www.korhanyilmaz.com\/?p=36005","title":{"rendered":"&#8220;T\u00fcrkiye&#8217;de sol yok&#8221;"},"content":{"rendered":"<p style=\"text-align: center;\"><a href=\"http:\/\/www.korhanyilmaz.com\/wp-content\/uploads\/2010\/01\/kemal.jpg\"  class=\"lightview\"><img loading=\"lazy\" decoding=\"async\" class=\"aligncenter size-full wp-image-18650\" src=\"http:\/\/www.korhanyilmaz.com\/wp-content\/uploads\/2010\/01\/kemal.jpg\" alt=\"\" width=\"274\" height=\"205\" \/><\/a><\/p>\n<p style=\"text-align: justify;\">CHP Grup Ba\u015fkanvekili Kemal K\u0131l\u0131\u00e7daro\u011flu, &#8221;Muhalefet Ne Kadar Etkin&#8221; konulu s\u00f6yle\u015fide yapt\u0131\u011f\u0131 konu\u015fmada \u00f6nemli de\u011ferlendirmelerde bulundu. Konu\u015fmas\u0131nda, muhalefetten, iktidara, sendikalardan, siyasi partilere ve se\u00e7menlere kadar \u00e7ok \u00f6nemli ele\u015ftirilerde bulunan K\u0131l\u0131\u00e7daro\u011flu, &#8220;T\u00fcrkiye&#8217;de sol yok, sa\u011f\u0131m\u0131z g\u00fc\u00e7l\u00fc bu y\u00fczden sa\u011fa do\u011fru gidiyoruz&#8221; dedi.<!--more--><\/p>\n<p style=\"text-align: justify;\">CHP Grup Ba\u015fkanvekili Kemal K\u0131l\u0131\u00e7daro\u011flu, ODT\u00dc Mezunlar Derne\u011fi Sivil Toplum Komitesi&#8217;nce d\u00fczenlenen &#8221;Muhalefet Ne Kadar Etkin&#8221; konulu s\u00f6yle\u015fiye kat\u0131larak, ODT\u00dc mezunlar\u0131n\u0131n sorular\u0131n\u0131 yan\u0131tlad\u0131.<\/p>\n<p style=\"text-align: justify;\">&#8221;CHP&#8217;nin son yerel se\u00e7imlerde \u0130stanbul&#8217;dan ald\u0131\u011f\u0131 oy oran\u0131 ile T\u00fcrkiye genelinden ald\u0131\u011f\u0131 oy oranlar\u0131nda Kemal K\u0131l\u0131\u00e7daro\u011flu fakt\u00f6r\u00fcn\u00fcn ne oldu\u011funun ve ba\u015far\u0131n\u0131n \u00f6l\u00e7\u00fct\u00fcn\u00fcn&#8221; sorulmas\u0131 \u00fczerine K\u0131l\u0131\u00e7daro\u011flu, bir siyasi parti i\u00e7in ba\u015far\u0131n\u0131n tek \u00f6l\u00e7\u00fct\u00fcn\u00fcn &#8221;iktidara gelmek&#8221; oldu\u011funu s\u00f6yledi.<\/p>\n<p style=\"text-align: justify;\">Oy oran\u0131n\u0131n artabilece\u011fini fakat iktidar olunamam\u0131\u015fsa bunun bir ba\u015far\u0131 kabul edilemeyece\u011fini savunan K\u0131l\u0131\u00e7daro\u011flu, CHP&#8217;nin halk nezdinde ba\u015far\u0131s\u0131z g\u00f6r\u00fcnmesinin sebebinin de &#8221;yap\u0131lan muhalefetin halka ula\u015ft\u0131r\u0131lamamas\u0131&#8221; oldu\u011funu kaydetti.<\/p>\n<p style=\"text-align: justify;\">CHP&#8217;nin etkin bir muhalefet sergiledi\u011fini, bir \u00e7ok yasan\u0131n CHP&#8217;nin a\u00e7t\u0131\u011f\u0131 davalar nedeniyle Anayasa Mahkemesince iptal edildi\u011fini ifade eden K\u0131l\u0131\u00e7daro\u011flu, &#8221;Bizim muhalefetimiz AKP&#8217;yi o kadar y\u0131ld\u0131rd\u0131 ki AKP yasalar\u0131n arkas\u0131ndan dolanmaya ba\u015flad\u0131&#8221; dedi.<\/p>\n<p style=\"text-align: justify;\">&#8221;Muhalefeti toplumsal destekle g\u00f6t\u00fcrmek laz\u0131m. Toplumsal deste\u011fi olmayan muhalefetin kolu, kanad\u0131 k\u0131r\u0131k demektir&#8221; diyen K\u0131l\u0131\u00e7daro\u011flu, son d\u00f6nemlerde sendikalar\u0131n da toplumsal \u00e7\u0131karlar\u0131 g\u00f6z ard\u0131 etti\u011fini savundu.<\/p>\n<p style=\"text-align: justify;\"><strong><em>&#8221;Sendikalara &#8216;sendika a\u011falar\u0131&#8217; egemen&#8221;<\/em><\/strong><\/p>\n<p style=\"text-align: justify;\">Sendikalara &#8221;sendika a\u011falar\u0131&#8221;n\u0131n egemen oldu\u011funu \u00f6ne s\u00fcren K\u0131l\u0131\u00e7daro\u011flu, CHP&#8217;nin iktidara gelmesi halinde sendikalar\u0131 daha saydam bir hale getirece\u011fini, hesap veremeyen bir ki\u015finin sendikac\u0131 olamayaca\u011f\u0131n\u0131, sendikalar\u0131n net ve ahlakl\u0131 tutum sergilemesi gerekti\u011fini dile getirdi.<\/p>\n<p style=\"text-align: justify;\">AKP&#8217;nin toplumun sesine kulaklar\u0131n\u0131 t\u0131kad\u0131\u011f\u0131n\u0131, Tekel i\u015f\u00e7ilerinin feryad\u0131n\u0131 duymad\u0131\u011f\u0131n\u0131 savunan K\u0131l\u0131\u00e7daro\u011flu, \u015f\u00f6yle konu\u015ftu:<\/p>\n<p style=\"text-align: justify;\">&#8221;Tekel i\u015f\u00e7ileri asl\u0131nda yeni bir hak talep etmiyor, mevcut haklar\u0131n\u0131n s\u00fcrmesini istiyor. Bu arada, Tekel i\u015f\u00e7isi, solun eme\u011fin yan\u0131nda oldu\u011funu, s\u0131n\u0131f bilincinin ne oldu\u011funu, onlar\u0131 s\u00f6m\u00fcren bir iktidar\u0131n kendilerini nereye ta\u015f\u0131d\u0131\u011f\u0131n\u0131 \u00f6\u011frendi.<\/p>\n<p style=\"text-align: justify;\">Sol da soka\u011f\u0131 g\u00f6remedi. Oturduk s\u0131cak evlerimizde gazete okuduk. Ankara&#8217;da sosyolojik u\u00e7urumlar var. Ankara&#8217;n\u0131n \u00f6b\u00fcr taraf\u0131na gidelim dedik mi? Alt\u0131nda\u011f&#8217;da bir aileye misafir olduk mu, onlar\u0131 misafir ettik mi? Onlar bunu yap\u0131yor, biz yapm\u0131yoruz. Rahata al\u0131\u015ft\u0131k, tatillere gidiyoruz.&#8221;<\/p>\n<p style=\"text-align: justify;\">K\u0131l\u0131\u00e7daro\u011flu, sivil toplum kurulu\u015flar\u0131n\u0131n ve ayd\u0131nlar\u0131n oy kayg\u0131s\u0131 ya\u015famadan halk\u0131 e\u011fitebilece\u011fine i\u015faret ederek, T\u00fcrkiye&#8217;de siyasetin ve politikac\u0131lar\u0131n halka g\u00fcven vermedi\u011fini, bu y\u00fczden de halk\u0131n siyaset\u00e7iden bir e\u011fitim almas\u0131n\u0131n zor oldu\u011funu kaydetti.<\/p>\n<p style=\"text-align: justify;\">Parlamentoda her \u015feye muhalefet etmediklerini, toplumun yarar\u0131na olacak yasal d\u00fczenlemelere CHP&#8217;nin de destek verdi\u011fini anlatan K\u0131l\u0131\u00e7daro\u011flu, &#8221;\u0130\u015fimiz \u00e7ok zor, \u00f6yle bir iktidar var ki &#8216;demokrasi, karde\u015flik, hukuk, hukukun \u00fcst\u00fcnl\u00fc\u011f\u00fc&#8217; diyor ama yapt\u0131\u011f\u0131 ile s\u00f6yledikleri farkl\u0131&#8221; diye konu\u015ftu.<\/p>\n<p style=\"text-align: justify;\">Muhalefet olarak halka umut vermek zorunda olduklar\u0131n\u0131 dile getiren K\u0131l\u0131\u00e7daro\u011flu, &#8221;umut vaad etmeyen siyasi partilerin iktidara gelemeyece\u011fini, ele\u015ftiri \u00fczerine kurulmu\u015f bir sistemin sonu\u00e7 vermeyece\u011fini, halk\u0131 mutsuz edece\u011fini&#8221; s\u00f6yledi.<\/p>\n<p style=\"text-align: justify;\">K\u0131l\u0131\u00e7daro\u011flu, iktidara geldiklerinde ilk i\u015f olarak &#8221;medyay\u0131 d\u00fczelteceklerini&#8221; belirterek, &#8221;besleme ve yanda\u015f bas\u0131na&#8221; son vereceklerini, medya patronlar\u0131n\u0131n devlet ihalelerine girmesini engelleyeceklerini ve bas\u0131n sekt\u00f6r\u00fcnde sendikala\u015fmay\u0131 sa\u011flayacaklar\u0131n\u0131 anlatt\u0131.<\/p>\n<p style=\"text-align: justify;\"><em><strong>&#8216;Sol yok, sa\u011f\u0131m\u0131z g\u00fc\u00e7l\u00fc, sa\u011fa do\u011fru gidiyoruz&#8221;<\/strong><\/em><\/p>\n<p style=\"text-align: justify;\">Kemal K\u0131l\u0131\u00e7daro\u011flu, bir siyasi partinin gen\u00e7 kadrolar\u0131 olmazsa gelece\u011finin de olmayaca\u011f\u0131n\u0131 ifade ederek, &#8221;Siyasal partinin \u00fcyeleri militanla\u015fmal\u0131, militan gibi \u00e7al\u0131\u015fmal\u0131. Militanla\u015fma da gen\u00e7likle yakalan\u0131r&#8221; diye konu\u015ftu.<\/p>\n<p style=\"text-align: justify;\">T\u00fcrkiye&#8217;de &#8221;sol sorunu&#8221; oldu\u011funu \u00f6ne s\u00fcren K\u0131l\u0131\u00e7daro\u011flu, solun halktan ve sendikalardan koptu\u011funu, bu durumun bir an \u00f6nce sonland\u0131r\u0131lmas\u0131 i\u00e7in \u00e7al\u0131\u015fmalar yap\u0131lmas\u0131 gerekti\u011fini s\u00f6yledi.<\/p>\n<p style=\"text-align: justify;\">K\u0131l\u0131\u00e7daro\u011flu, &#8221;T\u00fcrkiye&#8217;de CHP d\u0131\u015f\u0131ndaki sol \u00f6ld\u00fc. Sol yok, sa\u011f\u0131m\u0131z g\u00fc\u00e7l\u00fc bu y\u00fczden sa\u011fa do\u011fru gidiyoruz. \u00c7\u00fcnk\u00fc oy alaca\u011f\u0131z, kimden alaca\u011f\u0131z&#8221; diye konu\u015ftu.<\/p>\n<p style=\"text-align: justify;\">CHP&#8217;nin gelecek ilk kurultay\u0131nda t\u00fcz\u00fck de\u011fi\u015fikli\u011fi yapaca\u011f\u0131n\u0131 ve CHP&#8217;nin bu de\u011fi\u015fiklikle g\u00fc\u00e7 kazanaca\u011f\u0131n\u0131 ifade eden K\u0131l\u0131\u00e7daro\u011flu&#8217;nun bu s\u00f6z\u00fc salonda bir s\u00fcre alk\u0131\u015fland\u0131.<\/p>\n<p style=\"text-align: justify;\">Siyaset\u00e7inin halka hesap vermesinin onurlu bir davran\u0131\u015f oldu\u011funu ve CHP&#8217;nin iktidara gelmesi halinde &#8221;Siyasi Ahlak Yasas\u0131&#8221;n\u0131 \u00e7\u0131karaca\u011f\u0131n\u0131 s\u00f6yleyen K\u0131l\u0131\u00e7daro\u011flu, &#8221;Siyasi Ahlak Yasas\u0131&#8217;n\u0131 mutlaka \u00e7\u0131karaca\u011f\u0131z. Naylon faturac\u0131dan maliye bakan\u0131, Ali Dibocu&#8217;dan adalet bakan\u0131, kalpazandan da ba\u015fbakan \u00e7\u0131kmas\u0131n diye&#8230;&#8221; dedi.<\/p>\n<p style=\"text-align: justify;\"><strong><em>&#8220;\u0130nsan utan\u0131r, s\u0131k\u0131l\u0131r biraz&#8221;<\/em><\/strong><\/p>\n<p style=\"text-align: justify;\">K\u0131l\u0131\u00e7daro\u011flu, TMMOB Ziraat M\u00fchendisleri Odas\u0131 taraf\u0131ndan \u00c7ankaya Belediyesi \u00c7a\u011fda\u015f Sanatlar Merkezi&#8217;nde d\u00fczenlenen &#8221;Hukuk Devleti ve Demokrasi&#8221; konulu panelde yapt\u0131\u011f\u0131 konu\u015fmada, demokrasilerde toplumlar\u0131n ahlak kurallar\u0131na duyarl\u0131 olmas\u0131 gerekti\u011fini s\u00f6yledi.<\/p>\n<p style=\"text-align: justify;\">K\u0131l\u0131\u00e7daro\u011flu, medyan\u0131n yap\u0131s\u0131 konusunda da T\u00fcrkiye&#8217;de baz\u0131 sorunlar ya\u015fand\u0131\u011f\u0131n\u0131 ifade ederek, hi\u00e7bir medya patronunun do\u011frudan veya dolayl\u0131 olarak kamu ihalelerine girmemesi gerekti\u011fini belirtti. Kemal K\u0131l\u0131\u00e7daro\u011flu, medya \u00e7al\u0131\u015fanlar\u0131n\u0131n da \u00f6rg\u00fctl\u00fc ve sendikal\u0131 olmas\u0131 gerekti\u011fini vurgulayarak, ba\u011f\u0131ms\u0131z bir medyan\u0131n ancak sendikal haklar\u0131n artmas\u0131yla m\u00fcmk\u00fcn olabilece\u011fini s\u00f6yledi.<\/p>\n<p style=\"text-align: justify;\">Baz\u0131 sendikalarda adeta &#8221;a\u011fal\u0131k sisteminin&#8221; bulundu\u011funu savunan K\u0131l\u0131\u00e7daro\u011flu, &#8221;Tekel i\u015f\u00e7ilerinin ziyaretine gitmeyen T\u00fcrk-\u0130\u015f&#8217;in sendika a\u011falar\u0131 var. \u0130nsan utan\u0131r, s\u0131k\u0131l\u0131r biraz. Bu karda k\u0131\u015fta hak m\u00fccadelesi veren ki\u015filere biraz sahip \u00e7\u0131kar. Sendikac\u0131s\u0131n. Bunlardan hesap sormak bizim boynumuzun borcu&#8221; diye konu\u015ftu. K\u0131l\u0131\u00e7daro\u011flu, sendika a\u011fal\u0131\u011f\u0131n\u0131 da t\u00fcm sendikalar\u0131n hesaplar\u0131n\u0131 \u00e7al\u0131\u015fanlara a\u00e7\u0131k hale getirerek bitireceklerini kaydetti.<\/p>\n<p style=\"text-align: justify;\">Yarg\u0131tay Onursal Cumhuriyet Ba\u015fsavc\u0131s\u0131 Sabih Kanado\u011flu da, adaletin ancak hukuk devletinin ge\u00e7erli oldu\u011fu rejimlerde m\u00fcmk\u00fcn olabilece\u011fini belirterek, &#8221;T\u00fcrkiye, adaletin egemen oldu\u011fu bir \u00fclke de\u011fildir. \u00c7\u00fcnk\u00fc yarg\u0131s\u0131 ba\u011f\u0131ms\u0131z de\u011fildir&#8221; g\u00f6r\u00fc\u015f\u00fcn\u00fc savundu.<\/p>\n<p style=\"text-align: justify;\">T\u00fcrkiye&#8217;de adalet reformunun mutlak bi\u00e7imde gerekli oldu\u011funu vurgulayan Kanado\u011flu, ancak bu reformun hukuk\u00e7ular\u0131n ve sivil toplum \u00f6rg\u00fctlerinin g\u00f6r\u00fc\u015f\u00fc al\u0131narak yap\u0131lmas\u0131 gerekti\u011fini kaydetti.<\/p>\n<p style=\"text-align: justify;\">Ziraat M\u00fchendisleri Odas\u0131 Genel Ba\u015fkan\u0131 Dr. G\u00f6khan G\u00fcnayd\u0131n da, d\u00fcnyada temsili demokrasinin kriz i\u00e7erisinde oldu\u011funu, demokrasinin sadece oy kullanmaktan ibaret bir rejim olad\u0131\u011f\u0131n\u0131 s\u00f6yledi.<\/p>\n<p style=\"text-align: justify;\">Demokratik rejimin sa\u011fl\u0131kl\u0131 y\u00fcr\u00fcmesi i\u00e7in o rejime uygun bir insan tipinin varl\u0131\u011f\u0131na ihtiya\u00e7 duyuldu\u011funu dile getiren G\u00fcnayd\u0131n, bu \u00e7er\u00e7evede vatanda\u015flara nitelikli ve bilin\u00e7li e\u011fitim verilmesi gerekti\u011fini kaydetti. Se\u00e7imlerde oylar\u0131n bireysel vicdan ve tercihlerle de\u011fil, baz\u0131 odaklar taraf\u0131ndan y\u00f6nlendirildi\u011fini ileri s\u00fcren G\u00fcnayd\u0131n, bu sebeple T\u00fcrkiye&#8217;de demokrasiden s\u00f6z edilemeyece\u011fini iddia etti.<\/p>\n<p style=\"text-align: justify;\"><span style=\"color: #888888;\">Cumhuriyet<\/span><\/p>\n","protected":false},"excerpt":{"rendered":"<p style=\"text-align: center;\">\n<p style=\"text-align: justify;\">CHP Grup Ba\u015fkanvekili Kemal K\u0131l\u0131\u00e7daro\u011flu, &#8221;Muhalefet Ne Kadar Etkin&#8221; konulu s\u00f6yle\u015fide yapt\u0131\u011f\u0131 konu\u015fmada \u00f6nemli de\u011ferlendirmelerde bulundu. Konu\u015fmas\u0131nda, muhalefetten, iktidara, sendikalardan, siyasi partilere ve se\u00e7menlere kadar \u00e7ok \u00f6nemli ele\u015ftirilerde bulunan K\u0131l\u0131\u00e7daro\u011flu, &#8220;T\u00fcrkiye&#8217;de sol yok, sa\u011f\u0131m\u0131z g\u00fc\u00e7l\u00fc bu y\u00fczden sa\u011fa do\u011fru gidiyoruz&#8221; dedi.<\/p>\n","protected":false},"author":1,"featured_media":0,"comment_status":"open","ping_status":"closed","sticky":false,"template":"","format":"standard","meta":{"footnotes":""},"categories":[105],"tags":[],"class_list":["post-36005","post","type-post","status-publish","format-standard","hentry","category-gundem","odd"],"_links":{"self":[{"href":"http:\/\/www.korhanyilmaz.com\/index.php?rest_route=\/wp\/v2\/posts\/36005","targetHints":{"allow":["GET"]}}],"collection":[{"href":"http:\/\/www.korhanyilmaz.com\/index.php?rest_route=\/wp\/v2\/posts"}],"about":[{"href":"http:\/\/www.korhanyilmaz.com\/index.php?rest_route=\/wp\/v2\/types\/post"}],"author":[{"embeddable":true,"href":"http:\/\/www.korhanyilmaz.com\/index.php?rest_route=\/wp\/v2\/users\/1"}],"replies":[{"embeddable":true,"href":"http:\/\/www.korhanyilmaz.com\/index.php?rest_route=%2Fwp%2Fv2%2Fcomments&post=36005"}],"version-history":[{"count":0,"href":"http:\/\/www.korhanyilmaz.com\/index.php?rest_route=\/wp\/v2\/posts\/36005\/revisions"}],"wp:attachment":[{"href":"http:\/\/www.korhanyilmaz.com\/index.php?rest_route=%2Fwp%2Fv2%2Fmedia&parent=36005"}],"wp:term":[{"taxonomy":"category","embeddable":true,"href":"http:\/\/www.korhanyilmaz.com\/index.php?rest_route=%2Fwp%2Fv2%2Fcategories&post=36005"},{"taxonomy":"post_tag","embeddable":true,"href":"http:\/\/www.korhanyilmaz.com\/index.php?rest_route=%2Fwp%2Fv2%2Ftags&post=36005"}],"curies":[{"name":"wp","href":"https:\/\/api.w.org\/{rel}","templated":true}]}}