{"id":36000,"date":"2010-01-27T15:15:03","date_gmt":"2010-01-27T13:15:03","guid":{"rendered":"http:\/\/www.korhanyilmaz.com\/?p=18536"},"modified":"2010-01-27T15:15:03","modified_gmt":"2010-01-27T13:15:03","slug":"bakan-erginden-ergenekon-yorumu-2","status":"publish","type":"post","link":"http:\/\/www.korhanyilmaz.com\/?p=36000","title":{"rendered":"Bakan Ergin&#8217;den Ergenekon yorumu"},"content":{"rendered":"<p style=\"text-align: center;\"><a href=\"http:\/\/www.korhanyilmaz.com\/wp-content\/uploads\/2010\/01\/sadullah.jpg\"  class=\"lightview\"><img loading=\"lazy\" decoding=\"async\" class=\"aligncenter size-full wp-image-18537\" src=\"http:\/\/www.korhanyilmaz.com\/wp-content\/uploads\/2010\/01\/sadullah.jpg\" alt=\"\" width=\"350\" height=\"210\" \/><\/a><\/p>\n<p style=\"text-align: justify;\">Ergenekon hakim ve savc\u0131lar\u0131n\u0131n birlikte yemek yemesi normal<\/p>\n<p style=\"text-align: justify;\">Adalet Bakan\u0131 Sadullah Ergin, Ergenekon soru\u015fturmas\u0131n\u0131 y\u00fcr\u00fcten emniyet mensuplar\u0131, savc\u0131 ve davay\u0131 g\u00f6ren hakimlerin bas\u0131na yans\u0131yan iftar yeme\u011fiyle ilgili \u201cKalabal\u0131k bir ortamda herkesin g\u00f6z\u00fc \u00f6n\u00fcnde birlikte yemek yemeleri ve sohbet etmeleri son derece normal bir durum\u201d dedi. <!--more--><\/p>\n<p style=\"text-align: justify;\">Bakan Ergin, CHP Mersin Milletvekili Ali R\u0131za \u00d6zt\u00fcrk\u2019\u00fcn, Ergenekon savc\u0131 ve hakimleri ile emniyet mensuplar\u0131n\u0131n 2008 y\u0131l\u0131nda iftar yeme\u011finde bir araya gelmesiyle ilgili soru \u00f6nergesini \u0130stanbul Cumhuriyet Ba\u015fsavc\u0131l\u0131\u011f\u0131n\u0131n bilgi notuyla yan\u0131tlad\u0131. 2008 y\u0131l\u0131 Eyl\u00fcl ay\u0131 i\u00e7inde \u0130stanbul Emniyet M\u00fcd\u00fcrl\u00fc\u011f\u00fc taraf\u0131ndan \u0130stanbul Cumhuriyet Ba\u015fsavc\u0131l\u0131\u011f\u0131n\u0131n Ceza Muhakemesi Kanununun 250\u2019nci maddesiyle \u2018yetkili\u2019 b\u00f6l\u00fcm\u00fcnde g\u00f6revli hakimler ve cumhuriyet savc\u0131lar\u0131n\u0131n davet edildi\u011fi bir iftar yeme\u011fi tertip edildi\u011fini ve bu yeme\u011fe isteyen hakim ve cumhuriyet savc\u0131lar\u0131n\u0131n kat\u0131ld\u0131\u011f\u0131n\u0131 kaydeden Bakan Ergin, \u015funlar\u0131 s\u00f6yledi:<\/p>\n<p style=\"text-align: justify;\">\u201c\u00d6zellikle Devlet G\u00fcvenlik Mahkemelerinin ve bu mahkemelerin kapat\u0131lmas\u0131ndan sonra Ceza Muhakemesi Kanununun 250\u2019nci maddesiyle \u2018Yetkili\u2019 b\u00f6l\u00fcm\u00fcn\u00fcn g\u00f6revine giren su\u00e7larda soru\u015fturma g\u00f6revi ifa eden \u0130stanbul Emniyet M\u00fcd\u00fcrl\u00fc\u011f\u00fc ilgili \u015fubelerinin y\u0131llardan beri, bu g\u00f6rev ili\u015fkisi sebebiyle, d\u00fczenledikleri iftar yemeklerine an\u0131lan mahkemelerde g\u00f6rev yapan hakim ve cumhuriyet savc\u0131lar\u0131n\u0131 davet ettikleri, gelenek haline gelen bu davetlerin ba\u015fka adliyeler ve ba\u015fka kurumlar i\u00e7in de ge\u00e7erli oldu\u011fu; gelenek haline gelen bu iftar yeme\u011fi davetlerinin yan\u0131 s\u0131ra tayini \u00e7\u0131kan hakim ve cumhuriyet savc\u0131lar\u0131 i\u00e7in de veda yemekleri tertip edildi\u011finin herkes taraf\u0131ndan bilindi\u011fi bildirilmi\u015ftir.\u201d<\/p>\n<p style=\"text-align: justify;\"><strong><em>Be\u015feri M\u00fcnasebet<\/em><\/strong><\/p>\n<p style=\"text-align: justify;\">Bakan Ergin, iftar yeme\u011fine kimlerin kat\u0131ld\u0131\u011f\u0131n\u0131n yeme\u011fi d\u00fczenleyenler taraf\u0131ndan bilindi\u011fini ancak yemekte hakim ve cumhuriyet savc\u0131lar\u0131 ile emniyet mensuplar\u0131 d\u0131\u015f\u0131nda ba\u015fkalar\u0131n\u0131n bulunmad\u0131\u011f\u0131n\u0131 ifade etti. \u0130ftar yeme\u011finin bedeliyle ilgili bir soruya, \u201cS\u00f6zkonusu iftar yeme\u011fi bedelinin daveti veren kurumun kendi uygulamas\u0131 \u00e7er\u00e7evesinde kar\u015f\u0131lad\u0131\u011f\u0131ndan nas\u0131l \u00f6dendi\u011finin ba\u015fsavc\u0131l\u0131k taraf\u0131ndan bilinemeyece\u011fi\u201d yan\u0131t\u0131n\u0131 veren Bakan Ergin \u015funlar\u0131 s\u00f6yledi:<\/p>\n<p style=\"text-align: justify;\">\u201c\u0130ftar yeme\u011fi veya benzeri \u015fekilde be\u015feri m\u00fcnasebetlerden dolay\u0131 verilen yemeklere zaman zaman cumhuriyet ba\u015fsavc\u0131s\u0131 ve il emniyet m\u00fcd\u00fcr\u00fcn\u00fcn de kat\u0131lm\u0131\u015f olabilece\u011fi, ayn\u0131 \u015fekilde, emniyet m\u00fcd\u00fcrl\u00fcklerince veya ba\u015fka kurumlarca verilen iftar yemeklerine, muhtelif adliyelere ait yarg\u0131 mensuplar\u0131n\u0131n da kat\u0131labildi\u011fi, hakim ve cumhuriyet savc\u0131lar\u0131 i\u00e7in iftar yeme\u011fi verilmesiyle ilgili resmi bir kay\u0131t olmamakla birlikte, y\u0131llard\u0131r bu uygulaman\u0131n devam etti\u011finin herkes taraf\u0131ndan bilindi\u011fi, bu durumun gizli bir uygulama olmad\u0131\u011f\u0131 gibi bir team\u00fcl ve gelenek haline geldi\u011fi, bu sebeple herg\u00fcn birlikte \u00e7al\u0131\u015fan yarg\u0131 mensuplar\u0131 ile emniyet g\u00f6revlilerinin, herkesin g\u00f6z\u00fc \u00f6n\u00fcnde topluca yemek yemelerinin arkas\u0131nda ba\u015fka bir sebep olamayaca\u011f\u0131 ve sak\u0131nca bulunmad\u0131\u011f\u0131 bildirilmi\u015ftir. Ayr\u0131ca hakim ve cumhuriyet savc\u0131lar\u0131n\u0131n ayn\u0131 adliye binas\u0131 i\u00e7erisinde yan yana odalarda g\u00f6rev yapt\u0131klar\u0131, adliye binalar\u0131n\u0131n \u00e7o\u011funda bulunan ayn\u0131 yemekhanede ve ayn\u0131 masada yemek yedikleri, ayn\u0131 servisle gidip geldikleri, ayn\u0131 lojmanlarda kom\u015fu olarak oturduklar\u0131, hakim ve cumhuriyet savc\u0131lar\u0131n\u0131n kalabal\u0131k bir ortamda herkesin g\u00f6z\u00fc \u00f6n\u00fcnde birlikte yemek yemeleri ve sohbet etmelerinin son derece normal bir durum oldu\u011fu bildirilmi\u015ftir.\u201c<\/p>\n<p style=\"text-align: justify;\"><span style=\"color: #888888;\">Haber1.com<\/span><\/p>\n","protected":false},"excerpt":{"rendered":"<p style=\"text-align: center;\">\n<p style=\"text-align: justify;\">Ergenekon hakim ve savc\u0131lar\u0131n\u0131n birlikte yemek yemesi normal<\/p>\n<p style=\"text-align: justify;\">Adalet Bakan\u0131 Sadullah Ergin, Ergenekon soru\u015fturmas\u0131n\u0131 y\u00fcr\u00fcten emniyet mensuplar\u0131, savc\u0131 ve davay\u0131 g\u00f6ren hakimlerin bas\u0131na yans\u0131yan iftar yeme\u011fiyle ilgili \u201cKalabal\u0131k bir ortamda herkesin g\u00f6z\u00fc \u00f6n\u00fcnde birlikte yemek yemeleri ve sohbet etmeleri son derece normal bir durum\u201d dedi. <\/p>\n","protected":false},"author":1,"featured_media":0,"comment_status":"open","ping_status":"closed","sticky":false,"template":"","format":"standard","meta":{"footnotes":""},"categories":[105],"tags":[],"class_list":["post-36000","post","type-post","status-publish","format-standard","hentry","category-gundem","odd"],"_links":{"self":[{"href":"http:\/\/www.korhanyilmaz.com\/index.php?rest_route=\/wp\/v2\/posts\/36000","targetHints":{"allow":["GET"]}}],"collection":[{"href":"http:\/\/www.korhanyilmaz.com\/index.php?rest_route=\/wp\/v2\/posts"}],"about":[{"href":"http:\/\/www.korhanyilmaz.com\/index.php?rest_route=\/wp\/v2\/types\/post"}],"author":[{"embeddable":true,"href":"http:\/\/www.korhanyilmaz.com\/index.php?rest_route=\/wp\/v2\/users\/1"}],"replies":[{"embeddable":true,"href":"http:\/\/www.korhanyilmaz.com\/index.php?rest_route=%2Fwp%2Fv2%2Fcomments&post=36000"}],"version-history":[{"count":0,"href":"http:\/\/www.korhanyilmaz.com\/index.php?rest_route=\/wp\/v2\/posts\/36000\/revisions"}],"wp:attachment":[{"href":"http:\/\/www.korhanyilmaz.com\/index.php?rest_route=%2Fwp%2Fv2%2Fmedia&parent=36000"}],"wp:term":[{"taxonomy":"category","embeddable":true,"href":"http:\/\/www.korhanyilmaz.com\/index.php?rest_route=%2Fwp%2Fv2%2Fcategories&post=36000"},{"taxonomy":"post_tag","embeddable":true,"href":"http:\/\/www.korhanyilmaz.com\/index.php?rest_route=%2Fwp%2Fv2%2Ftags&post=36000"}],"curies":[{"name":"wp","href":"https:\/\/api.w.org\/{rel}","templated":true}]}}