{"id":35989,"date":"2010-01-24T16:09:18","date_gmt":"2010-01-24T14:09:18","guid":{"rendered":"http:\/\/www.korhanyilmaz.com\/?p=18357"},"modified":"2010-01-24T16:09:18","modified_gmt":"2010-01-24T14:09:18","slug":"baska-planlar-da-var-imasi-2","status":"publish","type":"post","link":"http:\/\/www.korhanyilmaz.com\/?p=35989","title":{"rendered":"&#8220;Ba\u015fka planlar da var&#8221; imas\u0131"},"content":{"rendered":"<p style=\"text-align: center;\"><a href=\"http:\/\/www.korhanyilmaz.com\/wp-content\/uploads\/2010\/01\/erdgan.jpg\"  class=\"lightview\"><img loading=\"lazy\" decoding=\"async\" class=\"aligncenter size-full wp-image-18358\" src=\"http:\/\/www.korhanyilmaz.com\/wp-content\/uploads\/2010\/01\/erdgan.jpg\" alt=\"\" width=\"329\" height=\"210\" \/><\/a><\/p>\n<p style=\"text-align: justify;\">Ba\u015fbakan Erdo\u011fan: Bu i\u015f art\u0131k gizli kap\u0131lar ard\u0131nda kalm\u0131yor.<\/p>\n<p style=\"text-align: justify;\">Son g\u00fcnlerdeki darbe iddialar\u0131na de\u011finen Ba\u015fbakan Erdo\u011fan, \u201cBu i\u015f art\u0131k gizli kap\u0131lar ard\u0131nda kalm\u0131yor. Bundan sonra kimbilir neler \u00e7\u0131kacak\u201d dedi. Erdo\u011fan, \u201cdemokrasiyi i\u00e7ine sindiremeyenlere\u201d de \u201cAK Parti\u2019yi hazmetmek zorundas\u0131n\u0131z\u201d diye y\u00fcklendi. <!--more--><\/p>\n<p style=\"text-align: justify;\">Ba\u015fbakan Erdo\u011fan Sakarya\u2019da yapt\u0131\u011f\u0131 bir dizi a\u00e7\u0131l\u0131\u015f s\u0131ras\u0131nda halka hitap etti. Erdo\u011fan konu\u015fmas\u0131nda son g\u00fcnlerdeki darbe, sivil dikta tart\u0131\u015fmalar\u0131na de\u011findi ve yine medyan\u0131n h\u00fck\u00fcmetin yapt\u0131\u011f\u0131 iyi i\u015fleri g\u00f6stermemekle su\u00e7lad\u0131:<\/p>\n<p style=\"text-align: justify;\">TAV\u0130Z VERMEYECE\u011e\u0130Z: Kim ne yaparsa yaps\u0131n, hangi senaryoyu haz\u0131rlarsa haz\u0131rlas\u0131n, bu \u00fclkenin gelece\u011fini karartmak i\u00e7in hangi hukuk d\u0131\u015f\u0131 olu\u015fumun i\u00e7inde olursa olsun bunlara prim vermeyecek, bunlara taviz vermeyecek, bunlar kar\u015f\u0131s\u0131nda boynumuzu asla ve asla b\u00fckmeyece\u011fiz. \u00c7\u00fcnk\u00fc milletin emaneti kutsald\u0131r. O emanete uzananlara aziz milletimiz o y\u00fcce iradesiyle y\u00fcce ferasetiyle y\u00fcce dirayetiyle gereken cevab\u0131 her zaman verdi, verir, bundan sonra da verecektir.<\/p>\n<p style=\"text-align: justify;\">TUZA\u011eA D\u00dc\u015eMEY\u0130N: Oynanan oyunlar\u0131 l\u00fctfen iyi g\u00f6r\u00fcn, \u00fcretilen senaryolar\u0131 l\u00fctfen iyi anlay\u0131n. K\u0131\u015fk\u0131rtmalara, tuzaklara gelmeyin. Karamsarl\u0131k, k\u00f6t\u00fcmserlik pompalayan odaklar\u0131n tuza\u011f\u0131na d\u00fc\u015fmeyin. T\u00fcrkiye\u2019yi zay\u0131flatmak isteyenlerin, T\u00fcrkiye\u2019yi kutlu yolculu\u011fundan, refahtan, huzurdan, istikrardan al\u0131koymak isteyenlerin provokasyonlar\u0131na asla ve asla boyun e\u011fmeyin. Sa\u011fduyuyla, so\u011fukkanl\u0131l\u0131kla, birlik ve beraberlik, karde\u015flik i\u00e7inde t\u00fcm engelleri a\u015far\u0131z. Tarihte bunu defalarca yapt\u0131k, yine yapar\u0131z, yine ba\u015faraca\u011f\u0131z ve T\u00fcrkiye\u2019yi d\u00fcnyada hak etti\u011fi konuma yine ta\u015f\u0131yaca\u011f\u0131z.<\/p>\n<p style=\"text-align: justify;\">AYNI TEZGAHLAR: Bizden \u00f6nceki baz\u0131 liderlere kurulan tezgahlar bize kurulmak isteniyor. Bayat demiyorlar, \u00e7\u00fcr\u00fcm\u00fc\u015f, kokmu\u015f demiyorlar. \u0130nsan biraz yenilik\u00e7i, reformcu olur. \u00c7a\u011f\u0131, d\u00fcnyay\u0131 takip eder. Birka\u00e7 tane bak\u0131yorsunuz k\u00f6\u015fe yazar\u0131 var. Bir araya geliyorlar, ondan sonra kendilerine g\u00f6re bir komplo teorisi&#8230; Nedir? \u2019Sivil dikta\u2019, \u2019sivil fa\u015fizm\u2019, \u2019tek parti iktidar\u0131\u2019, \u2019tek parti fa\u015fizmi\u2019gibi b\u00f6yle sa\u00e7ma sapan baz\u0131 \u015feyler uyduruyorlar. Arkada da vagonlar var onlar da onlar\u0131n pe\u015fine tak\u0131l\u0131veriyor beraberce \u00fclkede halk\u0131n iradesine gem vurmak istiyorlar. Onlara sesleniyorum: Siz k\u00f6\u015fenizde egemen olabilirsiniz ama benim milletime egemen olamazs\u0131n\u0131z. \u015eunu bilesiniz ki e\u011fer benim milletim tek ba\u015f\u0131na bir iktidar yetkisi veriyorsa ona kimsenin de g\u00f6lge d\u00fc\u015f\u00fcrmeye hakk\u0131 yoktur.<\/p>\n<p style=\"text-align: justify;\">HAZIMSIZLIK: Son zamanlarda baz\u0131 gazetelerde g\u00f6r\u00fcyorsunuz. \u015eurada, burada ortaya \u00e7\u0131kan son geli\u015fmeler&#8230; Ne t\u00fcr oyunlar oynand\u0131\u011f\u0131n\u0131 g\u00f6r\u00fcyorsunuz. Ne t\u00fcr haz\u0131ms\u0131zl\u0131klar oldu\u011funu g\u00f6r\u00fcyorsunuz. AK Parti\u2019yi be\u011fenmiyormu\u015f. Be\u011fenmeyebilirsin ama AK Parti\u2019yi hazmetmek zorundas\u0131n. Demokrasi bu, ileri demokrasi bu. Farkl\u0131 aray\u0131\u015flar i\u00e7erisinde olamazs\u0131n e\u011fer demokrasiye inan\u0131yorsan. Ama demokrasiye inanm\u0131yorsan o zaman adam gibi \u00e7\u0131kars\u0131n \u2019Benim demokrasi diye bir derdim yok\u2019. Eee o zaman&#8230;<\/p>\n<p style=\"text-align: justify;\">HEPS\u0130 ORTAYA \u00c7IKIYOR: Neden yanas\u0131n onu a\u00e7\u0131klars\u0131n. Darbeden yana m\u0131s\u0131n? \u00c7\u0131kars\u0131n onu a\u00e7\u0131klars\u0131n. \u00c7\u0131k adam gibi a\u00e7\u0131kla. Gizli kap\u0131lar arkas\u0131nda bu i\u015f art\u0131k kalm\u0131yor. Bir g\u00fcn bunlar\u0131n hepsi ortaya \u00e7\u0131k\u0131yor. Art\u0131k yok b\u00f6yle bir \u015fey filan. \u00c7\u0131k\u0131yor, \u00e7\u0131k\u0131yor. Bundan sonra kim bilir neler \u00e7\u0131kacak?<\/p>\n<p style=\"text-align: justify;\">\u0130NADINA DEMOKRAS\u0130: Onlar kaos \u00fcretecekler biz inad\u0131na istikrar diyece\u011fiz. Onlar k\u00f6t\u00fcmserlik, karamsarl\u0131k \u00fcretecekler biz inad\u0131na umut diyece\u011fiz. Onlar ihanet, h\u0131yanet diyecek biz inad\u0131na milli birlik, beraberlik diyece\u011fiz. Biz karde\u015flik diyece\u011fiz, g\u00f6n\u00fcl k\u00f6pr\u00fcleri kuraca\u011f\u0131z. Onlar milletin egemenli\u011fini gasp etmek i\u00e7in senaryolar \u00fcretecek biz inad\u0131na inad\u0131na demokrasi, huzur, \u00f6zg\u00fcrl\u00fck diyece\u011fiz, b\u00fcy\u00fck T\u00fcrkiye diyece\u011fiz. Bizim fark\u0131m\u0131z bu.<\/p>\n<p style=\"text-align: justify;\"><strong><em>\u2018D\u00fcnk\u00fc a\u00e7\u0131l\u0131\u015f\u0131 sadece be\u015f kanal yay\u0131nlad\u0131\u2019 <\/em><\/strong><\/p>\n<p style=\"text-align: justify;\">Gazeteciler yine Ba\u015fbakan Erdo\u011fan\u2019\u0131n ele\u015ftiri oklar\u0131na hedef oldu. Ba\u015fbakan d\u00fcnk\u00fc konu\u015fmas\u0131nda medya i\u00e7in \u015funlar\u0131 s\u00f6yledi:<\/p>\n<p style=\"text-align: justify;\">EL\u0130NE D\u0130L\u0130NE DURSUN: Baz\u0131 k\u00f6\u015fe yazarlar\u0131na dikkat ediyorum, 30 y\u0131l \u00f6nce at\u0131lan man\u015fetlerin ayn\u0131s\u0131 bug\u00fcn yeniden at\u0131l\u0131yor. Buras\u0131 \u00e7ok ilgin\u00e7. Merhum Menderes\u2019e, merhum \u00d6zal\u2019a yapt\u0131klar\u0131n\u0131n ayn\u0131s\u0131n\u0131 bug\u00fcn bir kere daha yap\u0131yorlar. Tayyip Erdo\u011fan ve arkada\u015flar\u0131n\u0131 be\u011fenmeyebilirsin ama \u015fu yap\u0131lanlara bak yaa&#8230; Eline, diline dursun yaa&#8230; \u015eunlar\u0131 bir g\u00f6r. 7 senede bu \u00fclkede neler oldu, bunlar\u0131 bir g\u00f6r. T\u00fcrkiye\u2019nin d\u00fcnyadaki kazand\u0131\u011f\u0131 itibar\u0131 bir g\u00f6r. Yok. Tayyip Erdo\u011fan\u2019\u0131n arkada\u015flar\u0131n\u0131n art\u0131k boyuna, posuna m\u0131 tak\u0131yor kafay\u0131, ya\u015fam \u015fekline mi tak\u0131yor kafay\u0131 bilemiyorum.<\/p>\n<p style=\"text-align: justify;\">SADECE 5 TV YAYINLADI: D\u00fcn Elmada\u011f rampalar\u0131 viyad\u00fcklerinin a\u00e7\u0131l\u0131\u015f\u0131n\u0131 yapt\u0131k. Ancak sadece 5 tane televizyon kanal\u0131 bunu verdi\u011fi. Di\u011fer kanallar\u0131n ise spek\u00fclatif bir olay olsa hepsi \u2019\u015fok \u015fok \u015fok\u2019 diye bu \u015fekilde verirler. Niye? AK Parti iktidar\u0131na nas\u0131l zarar verecek, dertleri bu. Ama veremeyeceksiniz. \u0130\u015fte millet burada. \u00dc\u00e7 tane, 5 tane foto\u011fraf karesiyle bu i\u015fi \u00e7\u00f6zemezsiniz. Millet burada. Diyorum ki bir de hayra eliniz dokunsun. \u0130\u015fte bug\u00fcn Boz\u00fcy\u00fck-Mekece-Adapazar\u0131 Sakarya yolunun a\u00e7\u0131l\u0131\u015f\u0131n\u0131 millete izlet. Bug\u00fcn kar, bora demiyor a\u00e7\u0131l\u0131\u015f yap\u0131l\u0131yor. Bunlar\u0131 da g\u00f6ster. Niye, dert ba\u015fka.<\/p>\n<p style=\"text-align: justify;\"><strong><em>\u2018Darbe iddialar\u0131na ra\u011fmen tahamm\u00fclle \u00e7al\u0131\u015ft\u0131k\u2019 <\/em><\/strong><\/p>\n<p style=\"text-align: justify;\">ANKARA &#8211; Ba\u015fbakan Yard\u0131mc\u0131s\u0131 Cemil \u00c7i\u00e7ek, \u201d Anayasa Mahkemesi yasama meclisi yerine, Dan\u0131\u015ftay y\u00fcr\u00fctme organ\u0131 yerine karar verir hale gelirse, bu \u00fclkede bu demokrasi daha ileri bir noktaya nas\u0131l ta\u015f\u0131nacak? Bu anayasa de\u011fi\u015fikli\u011fi oksijen kadar ihtiya\u00e7 hale gelmi\u015ftir\u201c dedi. \u00c7i\u00e7ek, Kanal 7 televizyonunda yay\u0131nlanan bir programda \u201cBalyoz\u201d iddialar\u0131 i\u00e7in ise \u015funlar\u0131 s\u00f6yledi:<\/p>\n<p style=\"text-align: justify;\">BALYOZ HAREKAT PLANI: Asl\u0131 olsa da k\u00f6t\u00fc, olmasa da k\u00f6t\u00fc. Bunu iyi g\u00f6rmek laz\u0131m. Asl\u0131 varsa felaket. Asl\u0131 yoksa T\u00fcrkiye\u2019de bu kadar \u00f6nemli, bu kadar vahim su\u00e7lamalar var. Bu su\u00e7lamalar halen yap\u0131labiliyorsa bu da k\u00f6t\u00fcd\u00fcr.<\/p>\n<p style=\"text-align: justify;\">TAHAMM\u00dcL G\u00d6STERD\u0130K: (\u0130ddialar\u0131 biliyor muydunuz? sorusu \u00fczerine) 7 y\u0131ll\u0131k iktidar\u0131m\u0131z d\u00f6neminde bir k\u0131s\u0131m i\u015fleri biliyor olsak bile sab\u0131r, tahamm\u00fcl g\u00f6stererek kendi mecra\u0131nda, kendi kurallar\u0131 i\u00e7erisinde \u00e7\u00f6zmeye \u00e7al\u0131\u015ft\u0131k. \u00c7ok kolay olmad\u0131. T\u00fcrkiye 2010\u2019a \u00e7ok kolay gelmedi. Bu nereden kaynaklan\u0131yor? Evvela T\u00fcrkiye\u2019de yeteri kadar demokrasi k\u00fclt\u00fcr\u00fc yok. Demokrasi k\u00fclt\u00fcr\u00fcn\u00fcn birinci \u015fart\u0131; iktidarlar se\u00e7imle gelecek, se\u00e7imle gidecek. Evvela sand\u0131\u011fa sayg\u0131m\u0131z olacak. Bu b\u00f6l\u00fcmde bir s\u0131k\u0131nt\u0131m\u0131z \u00e7ok fazla g\u00f6z\u00fckm\u00fcyor. Sonuca tahamm\u00fcl etmek, sonucu kabullenmek noktas\u0131nda T\u00fcrkiye\u2019de s\u0131k\u0131nt\u0131 var.<\/p>\n<p style=\"text-align: justify;\">K\u0130TABINI B\u0130LE YAZDIM<\/p>\n<p style=\"text-align: justify;\">Erdo\u011fan, t\u00f6ren alan\u0131ndakilerin, \u201cRomanlar\u0131n senden bir iste\u011fi var\u201d \u015feklinde slogan atmalar\u0131 \u00fczerine Erdo\u011fan, \u201cBen isteklerin hepsini ald\u0131m. Siz onlar\u0131 bilmiyorsunuz. \u0130steklerin hepsini ald\u0131m, kitab\u0131n\u0131 bile yazd\u0131m\u201d diye konu\u015ftu.<\/p>\n<p style=\"text-align: justify;\"><span style=\"color: #888888;\">VATAN<\/span><\/p>\n","protected":false},"excerpt":{"rendered":"<p style=\"text-align: center;\">\n<p style=\"text-align: justify;\">Ba\u015fbakan Erdo\u011fan: Bu i\u015f art\u0131k gizli kap\u0131lar ard\u0131nda kalm\u0131yor.<\/p>\n<p style=\"text-align: justify;\">Son g\u00fcnlerdeki darbe iddialar\u0131na de\u011finen Ba\u015fbakan Erdo\u011fan, \u201cBu i\u015f art\u0131k gizli kap\u0131lar ard\u0131nda kalm\u0131yor. Bundan sonra kimbilir neler \u00e7\u0131kacak\u201d dedi. Erdo\u011fan, \u201cdemokrasiyi i\u00e7ine sindiremeyenlere\u201d de \u201cAK Parti\u2019yi hazmetmek zorundas\u0131n\u0131z\u201d diye y\u00fcklendi. <\/p>\n","protected":false},"author":1,"featured_media":0,"comment_status":"open","ping_status":"closed","sticky":false,"template":"","format":"standard","meta":{"footnotes":""},"categories":[105],"tags":[],"class_list":["post-35989","post","type-post","status-publish","format-standard","hentry","category-gundem","odd"],"_links":{"self":[{"href":"http:\/\/www.korhanyilmaz.com\/index.php?rest_route=\/wp\/v2\/posts\/35989","targetHints":{"allow":["GET"]}}],"collection":[{"href":"http:\/\/www.korhanyilmaz.com\/index.php?rest_route=\/wp\/v2\/posts"}],"about":[{"href":"http:\/\/www.korhanyilmaz.com\/index.php?rest_route=\/wp\/v2\/types\/post"}],"author":[{"embeddable":true,"href":"http:\/\/www.korhanyilmaz.com\/index.php?rest_route=\/wp\/v2\/users\/1"}],"replies":[{"embeddable":true,"href":"http:\/\/www.korhanyilmaz.com\/index.php?rest_route=%2Fwp%2Fv2%2Fcomments&post=35989"}],"version-history":[{"count":0,"href":"http:\/\/www.korhanyilmaz.com\/index.php?rest_route=\/wp\/v2\/posts\/35989\/revisions"}],"wp:attachment":[{"href":"http:\/\/www.korhanyilmaz.com\/index.php?rest_route=%2Fwp%2Fv2%2Fmedia&parent=35989"}],"wp:term":[{"taxonomy":"category","embeddable":true,"href":"http:\/\/www.korhanyilmaz.com\/index.php?rest_route=%2Fwp%2Fv2%2Fcategories&post=35989"},{"taxonomy":"post_tag","embeddable":true,"href":"http:\/\/www.korhanyilmaz.com\/index.php?rest_route=%2Fwp%2Fv2%2Ftags&post=35989"}],"curies":[{"name":"wp","href":"https:\/\/api.w.org\/{rel}","templated":true}]}}