{"id":35987,"date":"2010-01-22T16:28:28","date_gmt":"2010-01-22T14:28:28","guid":{"rendered":"http:\/\/www.korhanyilmaz.com\/?p=18301"},"modified":"2010-01-22T16:28:28","modified_gmt":"2010-01-22T14:28:28","slug":"mhpli-vural-nefesimiz-ensende-2","status":"publish","type":"post","link":"http:\/\/www.korhanyilmaz.com\/?p=35987","title":{"rendered":"MHP&#8217;li Vural: &#8220;Nefesimiz ensende&#8230;&#8221;"},"content":{"rendered":"<p style=\"text-align: center;\"><a href=\"http:\/\/www.korhanyilmaz.com\/wp-content\/uploads\/2010\/01\/VURAL.jpg\"  class=\"lightview\"><img loading=\"lazy\" decoding=\"async\" class=\"aligncenter size-full wp-image-18302\" src=\"http:\/\/www.korhanyilmaz.com\/wp-content\/uploads\/2010\/01\/VURAL.jpg\" alt=\"\" width=\"307\" height=\"236\" \/><\/a><\/p>\n<p style=\"text-align: justify;\">MHP Grup Ba\u015fkanvekili Oktay Vural, &#8220;hangi oyun oynan\u0131rsa oynans\u0131n, g\u00fcndemi de\u011fi\u015ftirmek i\u00e7in ne yap\u0131l\u0131rsa yap\u0131ls\u0131n, art\u0131k sand\u0131\u011f\u0131n geldi\u011fini&#8221; savunarak, &#8220;Korkunun ecele faydas\u0131 yok. Say\u0131n Genel Ba\u015fkan\u0131m\u0131z\u0131n nefesi ensende&#8221; dedi.<\/p>\n<p style=\"text-align: justify;\">Vural, d\u00fczenledi\u011fi bas\u0131n toplant\u0131s\u0131nda, ekonomik krizin bedelini \u00e7al\u0131\u015fan, emekli, esnaf, i\u015f\u00e7i ve gen\u00e7lerin \u00f6dedi\u011fini, AK Parti&#8217;nin, \u00e7al\u0131\u015fanlar\u0131n al\u0131n terini vermedi\u011fini s\u00f6yledi. <!--more--><\/p>\n<p style=\"text-align: justify;\">H\u00fck\u00fcmetin, bu d\u00f6nem i\u00e7erisinde yan gelip yatt\u0131\u011f\u0131n\u0131 savunan Vural, bug\u00fcn \u00e7al\u0131\u015fma hayat\u0131nda bar\u0131\u015f\u0131n bulunmad\u0131\u011f\u0131n\u0131 ifade etti.<\/p>\n<p style=\"text-align: justify;\">H\u00fck\u00fcmetin, vatanda\u015flar\u0131n sorunlar\u0131yla ilgilenmek yerine, k\u00fcresel sermayenin isteklerini ger\u00e7ekle\u015ftirmek, d\u0131\u015f politikadaki teslimiyet\u00e7ili\u011fini \u00f6rtmek amac\u0131yla sanal g\u00fcndemler olu\u015fturdu\u011funu \u00f6ne s\u00fcren Vural, &#8220;Bu kadar toplumundan, milletinden kopuk, bu kadar milletine \u015fa\u015f\u0131 bakan zihniyetin T\u00fcrkiye&#8217;yi y\u00f6netmesi kadar utan\u00e7 verici bir tablo yoktur&#8221; dedi.<\/p>\n<p style=\"text-align: justify;\">Vural, Ba\u015fbakan Recep Tayyip Erdo\u011fan&#8217;\u0131n, \u00e7al\u0131\u015fan b\u00fct\u00fcn kesimlere g\u00f6zlerini kapatt\u0131\u011f\u0131n\u0131, kalbinin m\u00fch\u00fcrl\u00fc oldu\u011funu, T\u00fcrkiye Cumhuriyeti devleti ve milletini temsil etmekten, hakk\u0131n\u0131 korumaktan uzak oldu\u011funu ileri s\u00fcrerek, Erdo\u011fan&#8217;\u0131n, &#8220;ekmek bulam\u0131yorlarsa pasta yesinler&#8221; anlay\u0131\u015f\u0131n\u0131n, T\u00fcrkiye&#8217;deki temsilcisi konumuna geldi\u011fini savundu.<\/p>\n<p style=\"text-align: justify;\"><strong><em>&#8220;O makamda oturmas\u0131 bile zuld\u00fcr&#8221; <\/em><\/strong><\/p>\n<p style=\"text-align: justify;\">\u00c7al\u0131\u015fma ve Sosyal G\u00fcvenlik Bakan\u0131 \u00d6mer Din\u00e7er&#8217;in, \u00e7al\u0131\u015fandan, emekten yana tav\u0131r olu\u015fturamad\u0131\u011f\u0131n\u0131 ve Din\u00e7er&#8217;e g\u00fcvenlerinin kalmad\u0131\u011f\u0131n\u0131 kaydetti.<\/p>\n<p style=\"text-align: justify;\">Vural, Din\u00e7er&#8217;in, \u00e7al\u0131\u015fma hayat\u0131 ve emekle hi\u00e7 ilgilenmedi\u011fini \u00f6ne s\u00fcrerek, \u00e7al\u0131\u015fma bar\u0131\u015f\u0131n\u0131 olu\u015fturmak m\u00fcmk\u00fcn olmad\u0131\u011f\u0131 i\u00e7in gensoru \u00f6nergesi verdiklerini bildirdi.<\/p>\n<p style=\"text-align: justify;\">Vural, &#8220;B\u00f6yle bir tablo kar\u015f\u0131s\u0131nda, b\u00f6yle bir bakan \u00c7al\u0131\u015fma ve Sosyal G\u00fcvenlik Bakan\u0131 olarak, o makamda oturmas\u0131 bile zuld\u00fcr. Kanunun sana verdi\u011fi g\u00f6revleri ihmal ettin, savsaklad\u0131n. A\u00e7\u0131l\u0131m, sa\u00e7\u0131l\u0131mla ilgili hususlar pe\u015finde ko\u015fan birisin&#8221; diye konu\u015ftu.<\/p>\n<p style=\"text-align: justify;\"><strong><em>&#8220;Yanda\u015f medya&#8230;&#8221; <\/em><\/strong><\/p>\n<p style=\"text-align: justify;\">Hi\u00e7bir ba\u015fbakan\u0131n, medyaya, TEKEL i\u015f\u00e7isine hakaret edemeyece\u011fini dile getiren Vural, &#8220;Yanda\u015f medya muhalefetin yan\u0131ndaym\u0131\u015f&#8230; Elini vicdan\u0131na koy. Meteoroloji haberlerinde, spor haberlerinde vars\u0131n. Sabah, \u00f6\u011flen, ikindi, ak\u015fam, her konuda spikerden, muhabirden daha fazla konu\u015fuyorsun, i\u015f yapm\u0131yorsun, konu\u015fuyorsun. Lafla peynir gemisi y\u00fcr\u00fcm\u00fcyor. Deniz bitti. Havu\u00e7 ve sopayla medya \u00fczerinde s\u00fcrekli bask\u0131 olu\u015fturuyorsun. 1-22 Ocak 2010 tarihleri aras\u0131nda Erdo\u011fan hakk\u0131nda \u00e7\u0131kan haber say\u0131s\u0131 8 bin 7, Devlet Bah\u00e7eli hakk\u0131nda \u00e7\u0131kan 656. Yavuz h\u0131rs\u0131z ev sahibini bast\u0131r\u0131rm\u0131\u015f, aynen bu&#8230; Medya, halk\u0131n bilgi edinme g\u00fcc\u00fcn\u00fc kullanmal\u0131. Ama Ba\u015fbakan&#8217;\u0131n her ifadesini, man\u015fetlere ta\u015f\u0131y\u0131p, AKP&#8217;nin politik pazarlamas\u0131 yap\u0131lmas\u0131, medyan\u0131n kendi bindi\u011fi dal\u0131 kesmesidir. Tak\u0131mlar\u0131n transfer politikalar\u0131na kadar m\u00fcdahale ediyorsun. E\u011fer bu kadar \u00e7ok konu\u015fmazsa, m\u0131zra\u011f\u0131n \u00e7uvala s\u0131\u011fmayaca\u011f\u0131 g\u00f6z\u00fckecek. Onun i\u00e7in her s\u00f6yledi\u011fi, di\u011ferini tekzip ediyor. Ba\u015fbakan, sonra kalk\u0131p, &#8216;yanda\u015f medya muhalefetin yan\u0131nda&#8217; diyebiliyor&#8221; dedi.<\/p>\n<p style=\"text-align: justify;\">Vural, H\u00fck\u00fcmetin, TEKEL i\u015f\u00e7ilerine kar\u015f\u0131 tutumunu da ele\u015ftirerek, Devlet Bakan\u0131 ve Ba\u015fbakan Yard\u0131mc\u0131s\u0131 B\u00fclent Ar\u0131n\u00e7&#8217;\u0131n, daha \u00f6nce &#8220;TEKEL&#8217;in \u00f6zelle\u015ftirilmesi hak gasp\u0131 olacakt\u0131r&#8221; dedi\u011fini, bunun &#8220;utan\u00e7&#8221; vesikas\u0131 oldu\u011funu savundu. Vural, gazetecilere bu konu\u015fmaya ili\u015fkin CD da\u011f\u0131tarak, &#8220;Utan\u0131r insan bunu g\u00f6r\u00fcr a\u011flar, bir daha televizyona \u00e7\u0131kmaz. Hangi y\u00fczle gidiyorsun oraya&#8221; dedi.<\/p>\n<p style=\"text-align: justify;\"><strong><em>&#8220;Sand\u0131kla geldin, sand\u0131kla gideceksin&#8221; <\/em><\/strong><\/p>\n<p style=\"text-align: justify;\">Ba\u015fbakan Recep Tayyip Erdo\u011fan&#8217;\u0131n, partinin grup konu\u015fmas\u0131nda emeklilerin maa\u015flar\u0131n\u0131 art\u0131rd\u0131klar\u0131n\u0131 a\u00e7\u0131klamas\u0131na ra\u011fmen emeklilerin, zaml\u0131 maa\u015f\u0131 alamad\u0131\u011f\u0131n\u0131 an\u0131msatan Vural, Erdo\u011fan&#8217;\u0131n daha sonra emeklilere k\u0131zd\u0131\u011f\u0131n\u0131, su\u00e7lad\u0131\u011f\u0131n\u0131 s\u00f6yledi.<\/p>\n<p style=\"text-align: justify;\">Vural, Erdo\u011fan&#8217;a, &#8220;Emeklilerin, incir \u00e7ekirde\u011fini bile doldurmayacak bu zamma bile nas\u0131l muhta\u00e7 olduklar\u0131n\u0131 biliyor musun, onun \u0131zd\u0131rab\u0131n\u0131 duyuyor musun?&#8221; diye sordu.<\/p>\n<p style=\"text-align: justify;\">Ba\u015fbakan Erdo\u011fan&#8217;a, &#8220;Sand\u0131kla geldin, sand\u0131kla gideceksin. Millet iradesiyle geldin, millete hizmet etmiyorsan gideceksin&#8221; diye seslenen Vural, &#8220;Sen bu millete hizmet etmedin, sen art\u0131k avucunu yalayacaks\u0131n. Seni hi\u00e7bir \u015fey kurtaramayacak. Hangi oyunu oynarsan\u0131z oynay\u0131n, g\u00fcndemi de\u011fi\u015ftirmek i\u00e7in ne yaparsan\u0131z yap\u0131n, art\u0131k sand\u0131k geldi. Korkunun ecele faydas\u0131 yok. Say\u0131n Genel Ba\u015fkan\u0131m\u0131z\u0131n nefesi ensende. Yap\u0131\u015ft\u0131n zamkla oraya, her t\u00fcrl\u00fc oyunu oynuyorsun&#8221; g\u00f6r\u00fc\u015f\u00fcn\u00fc dile getirdi.<\/p>\n<p style=\"text-align: justify;\"><strong><em>&#8220;Asker-sivil gerilimi \u00fczerinden siyaset&#8221; <\/em><\/strong><\/p>\n<p style=\"text-align: justify;\">Vural, askere sivil yarg\u0131 yolunu a\u00e7an d\u00fczenlemenin Anayasa Mahkemesince iptaline ili\u015fkin soru \u00fczerine, H\u00fck\u00fcmetin, asker-sivil gerilimi \u00fczerinden siyaset \u00fcretmek i\u00e7in yasan\u0131n iptal edilmesine y\u00f6nelik zemin haz\u0131rlad\u0131\u011f\u0131n\u0131 \u00f6ne s\u00fcrd\u00fc.<\/p>\n<p style=\"text-align: justify;\">Cumhurba\u015fkan\u0131 Abdullah G\u00fcl&#8217;\u00fcn, bu kanunu onaylarken 8 Temmuz 2009&#8217;da, teredd\u00fctleri giderecek yasal d\u00fczenlemelerin ivedilikle yap\u0131lmas\u0131n\u0131n uygun olaca\u011f\u0131n\u0131 s\u00f6yledi\u011fini an\u0131msatan Vural, &#8220;Yap\u0131lsayd\u0131, belki bu yasa iptal edilmeyecekti, tart\u0131\u015fma olmayacakt\u0131. Tart\u0131\u015fma olmay\u0131nca, Ba\u015fbakan neye sar\u0131lacak, neden besleniyor, bunlardan. Cumhurba\u015fkan\u0131 ivedilikle d\u00fczenleme yap\u0131n diyor ama H\u00fck\u00fcmet yapm\u0131yor. Belki bunun iptal edilmesini istiyordu. Ama\u00e7, bunun \u00fczerinden siyasal rant olu\u015fturmak&#8221; dedi.<\/p>\n<p style=\"text-align: justify;\">Vural, Ba\u015fbakan&#8217;\u0131n, i\u011fneyi kendisine bat\u0131rmad\u0131\u011f\u0131 gibi millete s\u00fcrekli \u00e7uvald\u0131z bat\u0131rd\u0131\u011f\u0131n\u0131 savunarak, &#8220;Sanki bulunmaz Hint kuma\u015f\u0131. Hukuk d\u0131\u015f\u0131 bir eylem varsa, \u00fczerine gitmezsen namertsin. G\u00f6revini yapmam\u0131\u015fs\u0131n. Ba\u015fbakan &#8216;duyduk ama gerilimden yana olmad\u0131k&#8217; diyor. \u015eimdi niye yanas\u0131n? \u015eimdi belki bunlar\u0131 kendisi mi verdi bilmiyorum? Sa\u011fda solda bir s\u00fcr\u00fc plan var, Erdo\u011fan 7 y\u0131ldan beri iktidarda&#8221; diye konu\u015ftu.<\/p>\n<p style=\"text-align: justify;\"><span style=\"color: #888888;\">CNN T\u00dcRK<\/span><\/p>\n","protected":false},"excerpt":{"rendered":"<p style=\"text-align: center;\">\n<p style=\"text-align: justify;\">MHP Grup Ba\u015fkanvekili Oktay Vural, &#8220;hangi oyun oynan\u0131rsa oynans\u0131n, g\u00fcndemi de\u011fi\u015ftirmek i\u00e7in ne yap\u0131l\u0131rsa yap\u0131ls\u0131n, art\u0131k sand\u0131\u011f\u0131n geldi\u011fini&#8221; savunarak, &#8220;Korkunun ecele faydas\u0131 yok. Say\u0131n Genel Ba\u015fkan\u0131m\u0131z\u0131n nefesi ensende&#8221; dedi.<\/p>\n<p style=\"text-align: justify;\">Vural, d\u00fczenledi\u011fi bas\u0131n toplant\u0131s\u0131nda, ekonomik krizin bedelini \u00e7al\u0131\u015fan, emekli, esnaf, i\u015f\u00e7i ve gen\u00e7lerin \u00f6dedi\u011fini, AK Parti&#8217;nin, \u00e7al\u0131\u015fanlar\u0131n al\u0131n terini <\/p>\n","protected":false},"author":1,"featured_media":0,"comment_status":"open","ping_status":"closed","sticky":false,"template":"","format":"standard","meta":{"footnotes":""},"categories":[105],"tags":[],"class_list":["post-35987","post","type-post","status-publish","format-standard","hentry","category-gundem","odd"],"_links":{"self":[{"href":"http:\/\/www.korhanyilmaz.com\/index.php?rest_route=\/wp\/v2\/posts\/35987","targetHints":{"allow":["GET"]}}],"collection":[{"href":"http:\/\/www.korhanyilmaz.com\/index.php?rest_route=\/wp\/v2\/posts"}],"about":[{"href":"http:\/\/www.korhanyilmaz.com\/index.php?rest_route=\/wp\/v2\/types\/post"}],"author":[{"embeddable":true,"href":"http:\/\/www.korhanyilmaz.com\/index.php?rest_route=\/wp\/v2\/users\/1"}],"replies":[{"embeddable":true,"href":"http:\/\/www.korhanyilmaz.com\/index.php?rest_route=%2Fwp%2Fv2%2Fcomments&post=35987"}],"version-history":[{"count":0,"href":"http:\/\/www.korhanyilmaz.com\/index.php?rest_route=\/wp\/v2\/posts\/35987\/revisions"}],"wp:attachment":[{"href":"http:\/\/www.korhanyilmaz.com\/index.php?rest_route=%2Fwp%2Fv2%2Fmedia&parent=35987"}],"wp:term":[{"taxonomy":"category","embeddable":true,"href":"http:\/\/www.korhanyilmaz.com\/index.php?rest_route=%2Fwp%2Fv2%2Fcategories&post=35987"},{"taxonomy":"post_tag","embeddable":true,"href":"http:\/\/www.korhanyilmaz.com\/index.php?rest_route=%2Fwp%2Fv2%2Ftags&post=35987"}],"curies":[{"name":"wp","href":"https:\/\/api.w.org\/{rel}","templated":true}]}}