{"id":35986,"date":"2010-01-22T09:43:30","date_gmt":"2010-01-22T07:43:30","guid":{"rendered":"http:\/\/www.korhanyilmaz.com\/?p=18284"},"modified":"2010-01-22T09:43:30","modified_gmt":"2010-01-22T07:43:30","slug":"taraftan-darbe-kabinesi-iddiasi-2","status":"publish","type":"post","link":"http:\/\/www.korhanyilmaz.com\/?p=35986","title":{"rendered":"Taraf&#8217;tan &#8220;darbe kabinesi&#8221; iddias\u0131"},"content":{"rendered":"<p style=\"text-align: center;\"><a href=\"http:\/\/www.korhanyilmaz.com\/wp-content\/uploads\/2010\/01\/TARAF3.jpg\"  class=\"lightview\"><img loading=\"lazy\" decoding=\"async\" class=\"aligncenter size-full wp-image-18285\" src=\"http:\/\/www.korhanyilmaz.com\/wp-content\/uploads\/2010\/01\/TARAF3.jpg\" alt=\"\" width=\"307\" height=\"236\" \/><\/a><\/p>\n<p style=\"text-align: justify;\">Taraf gazetesi \u00f6nceki g\u00fcn ba\u015flatt\u0131\u011f\u0131 Balyoz Harekat Plan\u0131&#8217;yla ilgili iddialar\u0131n\u0131 bug\u00fcn de s\u00fcrd\u00fcrd\u00fc. Gazetede AK Parti h\u00fck\u00fcmeti devrilirse &#8220;milli mutabakat&#8221; h\u00fck\u00fcmetinin kurulaca\u011f\u0131 iddia ediliyor, kabine listesi s\u0131ralan\u0131yor.<\/p>\n<p style=\"text-align: justify;\">Listede tan\u0131nm\u0131\u015f i\u015fadamlar\u0131, akademisyenler ve siyaset\u00e7iler yer al\u0131yor. <!--more--><\/p>\n<p style=\"text-align: justify;\">Haberde ayr\u0131ca kaos yaratmak i\u00e7in Fatih ve Beyaz\u0131t Camii&#8217;ne bombal\u0131 sald\u0131r\u0131 d\u00fczenleyece\u011fi ileri s\u00fcr\u00fclen askerlerin isimleri de sicil numaralar\u0131yla yer al\u0131yor.<\/p>\n<p style=\"text-align: justify;\">\u0130ddiaya g\u00f6re darbe sonras\u0131nda milli mutabakat h\u00fck\u00fcmeti bankalara askeri personel atayacak, az\u0131nl\u0131k ve yabanc\u0131 \u015firketlerin mal ve paralar\u0131na el konulacak, \u00f6zel okullar devletle\u015ftirilecek.<\/p>\n<p style=\"text-align: justify;\"><span style=\"color: #888888;\">CNN T\u00dcRK<\/span><\/p>\n","protected":false},"excerpt":{"rendered":"<p style=\"text-align: center;\">\n<p style=\"text-align: justify;\">Taraf gazetesi \u00f6nceki g\u00fcn ba\u015flatt\u0131\u011f\u0131 Balyoz Harekat Plan\u0131&#8217;yla ilgili iddialar\u0131n\u0131 bug\u00fcn de s\u00fcrd\u00fcrd\u00fc. Gazetede AK Parti h\u00fck\u00fcmeti devrilirse &#8220;milli mutabakat&#8221; h\u00fck\u00fcmetinin kurulaca\u011f\u0131 iddia ediliyor, kabine listesi s\u0131ralan\u0131yor.<\/p>\n<p style=\"text-align: justify;\">Listede tan\u0131nm\u0131\u015f i\u015fadamlar\u0131, akademisyenler ve siyaset\u00e7iler yer al\u0131yor. <\/p>\n","protected":false},"author":1,"featured_media":0,"comment_status":"open","ping_status":"closed","sticky":false,"template":"","format":"standard","meta":{"footnotes":""},"categories":[105],"tags":[],"class_list":["post-35986","post","type-post","status-publish","format-standard","hentry","category-gundem","odd"],"_links":{"self":[{"href":"http:\/\/www.korhanyilmaz.com\/index.php?rest_route=\/wp\/v2\/posts\/35986","targetHints":{"allow":["GET"]}}],"collection":[{"href":"http:\/\/www.korhanyilmaz.com\/index.php?rest_route=\/wp\/v2\/posts"}],"about":[{"href":"http:\/\/www.korhanyilmaz.com\/index.php?rest_route=\/wp\/v2\/types\/post"}],"author":[{"embeddable":true,"href":"http:\/\/www.korhanyilmaz.com\/index.php?rest_route=\/wp\/v2\/users\/1"}],"replies":[{"embeddable":true,"href":"http:\/\/www.korhanyilmaz.com\/index.php?rest_route=%2Fwp%2Fv2%2Fcomments&post=35986"}],"version-history":[{"count":0,"href":"http:\/\/www.korhanyilmaz.com\/index.php?rest_route=\/wp\/v2\/posts\/35986\/revisions"}],"wp:attachment":[{"href":"http:\/\/www.korhanyilmaz.com\/index.php?rest_route=%2Fwp%2Fv2%2Fmedia&parent=35986"}],"wp:term":[{"taxonomy":"category","embeddable":true,"href":"http:\/\/www.korhanyilmaz.com\/index.php?rest_route=%2Fwp%2Fv2%2Fcategories&post=35986"},{"taxonomy":"post_tag","embeddable":true,"href":"http:\/\/www.korhanyilmaz.com\/index.php?rest_route=%2Fwp%2Fv2%2Ftags&post=35986"}],"curies":[{"name":"wp","href":"https:\/\/api.w.org\/{rel}","templated":true}]}}