{"id":35985,"date":"2010-01-22T16:23:43","date_gmt":"2010-01-22T14:23:43","guid":{"rendered":"http:\/\/www.korhanyilmaz.com\/?p=18281"},"modified":"2010-01-22T16:23:43","modified_gmt":"2010-01-22T14:23:43","slug":"erdogandan-balyoz-yaniti-2","status":"publish","type":"post","link":"http:\/\/www.korhanyilmaz.com\/?p=35985","title":{"rendered":"Erdo\u011fan&#8217;dan &#8216;Balyoz&#8217; yan\u0131t\u0131"},"content":{"rendered":"<p style=\"text-align: center;\"><a href=\"http:\/\/www.korhanyilmaz.com\/wp-content\/uploads\/2010\/01\/erdogan2.jpg\"  class=\"lightview\"><img loading=\"lazy\" decoding=\"async\" class=\"aligncenter size-full wp-image-18282\" src=\"http:\/\/www.korhanyilmaz.com\/wp-content\/uploads\/2010\/01\/erdogan2.jpg\" alt=\"\" width=\"307\" height=\"236\" \/><\/a><\/p>\n<p style=\"text-align: justify;\">Ba\u015fbakan Recep Tayyip Erdo\u011fan, Balyoz Eylem Plan\u0131 iddialar\u0131yla ilgili olarak, &#8220;Millet iradesine el uzatanlara kar\u015f\u0131 hukuku savunaca\u011f\u0131z&#8221; dedi. &#8220;Kimse millete korku salmaya \u00e7al\u0131\u015fmas\u0131n&#8221; diyen Erdo\u011fan, &#8220;Biz sadece bize oy verenlerin de\u011fil, 72 milyonun h\u00fck\u00fcmetiyiz&#8221; dedi.<\/p>\n<p style=\"text-align: justify;\">AK Parti genel merkezinde d\u00fczenlenen geni\u015fletilmi\u015f il ba\u015fkanlar\u0131 toplant\u0131s\u0131nda konu\u015fan Ba\u015fbakan Erdo\u011fan, \u00fclke ad\u0131na, gelecek ad\u0131na, demokrasi ve \u00f6zg\u00fcrl\u00fck ad\u0131na her t\u00fcrl\u00fc senaryo ve giri\u015fimin kar\u015f\u0131s\u0131nda dimdik durduklar\u0131n\u0131 s\u00f6yledi. <!--more--><\/p>\n<p style=\"text-align: justify;\">Erdo\u011fan, &#8220;Anlamak ya da kavramak istemeyen herkese bir kez daha sesleniyorum: T\u00fcrkiye Cumhuriyeti demokratik, laik, sosyal bir hukuk devletidir. Demokrasilerde iktidarlar se\u00e7imle gelir, se\u00e7imle gider. Millet iradesinin \u00fczerinde hi\u00e7bir g\u00fc\u00e7 yoktur, olamaz. Kendisini TBMM ve millet iradesinin \u00fczerinde g\u00f6renler, kendisinde b\u00f6yle bir yetkiyi vehmedenler apa\u00e7\u0131k gaflet ve dalalet i\u00e7inde olurlar. (Bug\u00fcn nas\u0131l olsa benim elimde g\u00fc\u00e7 var&#8230;) Unutma; yar\u0131n bu g\u00fc\u00e7 elinden gidebilir. Bu g\u00fc\u00e7 elinden gitti\u011fi zaman halk nezdinde nas\u0131l yarg\u0131lanacaks\u0131n, bunun hesab\u0131n\u0131 \u015fimdiden yap. Bu hepimiz i\u00e7in ge\u00e7erlidir. H\u00fck\u00fcmet olarak, AK Parti olarak, millet iradesine el uzatanlar kar\u015f\u0131s\u0131nda hukuku ve demokrasiyi savunmaya devam edece\u011fimizi, bu u\u011furda her t\u00fcrl\u00fc s\u0131k\u0131nt\u0131y\u0131 g\u00f6\u011f\u00fcsleyece\u011fimizi buradan a\u00e7\u0131k a\u00e7\u0131k ifade ediyorum&#8221; dedi.<\/p>\n<p style=\"text-align: justify;\">Erdo\u011fan, Turgut \u00d6zal&#8217;la ilgili olarak da bir \u00f6rnek verdi: &#8220;Merhum \u00d6zal&#8217;a suikast giri\u015fiminde bulundular. Birka\u00e7 dakika sonra yaral\u0131 haliyle k\u00fcrs\u00fcye \u00e7\u0131kt\u0131 ve \u015fu tarihi s\u00f6z\u00fc s\u00f6yledi: &#8216;Allah&#8217;\u0131n verdi\u011fi \u00f6mr\u00fc ondan ba\u015fka alacak yoktur&#8217;. Biz de O&#8217;na teslim olduk. Mesele budur.&#8221;<\/p>\n<p style=\"text-align: justify;\">&#8220;Ankara&#8217;n\u0131n karanl\u0131k t\u00fcnellerine girmedik, girmiyoruz, girmeyece\u011fiz. Bizi pa\u00e7am\u0131zdan oralara \u00e7ekmek istiyorlar&#8221; diyen Ba\u015fbakan, &#8220;B\u00fct\u00fcn bu kirli senaryolara, kirli oyunlara, kirli ili\u015fkilere, hukuk d\u0131\u015f\u0131 giri\u015fimlere kar\u015f\u0131 boynumuzu hi\u00e7bir zaman b\u00fckmedik, bundan sonra da b\u00fckmeyece\u011fiz&#8221; ifadesini kulland\u0131.<\/p>\n<p style=\"text-align: justify;\"><strong><em>Tek parti yorumlar\u0131 <\/em><\/strong><\/p>\n<p style=\"text-align: justify;\">Haftalard\u0131r &#8220;tek parti&#8221; iddias\u0131n\u0131n ortada dola\u015ft\u0131\u011f\u0131n\u0131 s\u00f6yleyen Erdo\u011fan, &#8220;Merhum Menderes ve \u00d6zal&#8217;a kar\u015f\u0131 g\u00f6sterilen bu kampanya niye yine \u0131s\u0131t\u0131ld\u0131? Biz kendi iktidar\u0131m\u0131z\u0131 k\u00f6kle\u015ftirmenin de\u011fil, halk\u0131n iktidar\u0131n\u0131, milletin egemenli\u011fi k\u00f6kle\u015ftirmenin gayreti i\u00e7indeyiz&#8221; dedi.<\/p>\n<p style=\"text-align: justify;\">&#8220;Bug\u00fcn var\u0131z, yar\u0131n yokuz&#8221; diyen Ba\u015fbakan, &#8220;Gelen emaneti al\u0131r, biz de ba\u015f g\u00f6z \u00fcst\u00fcne eder, emaneti sahibine teslim ederiz&#8221; ifadesini kulland\u0131.<\/p>\n<p style=\"text-align: justify;\"><strong><em>Tam G\u00fcn Yasas\u0131 <\/em><\/strong><\/p>\n<p style=\"text-align: justify;\">Ba\u015fbakan Erdo\u011fan&#8217;a g\u00f6re &#8220;Tam G\u00fcn Yasas\u0131&#8221; bir devrim. Ba\u015fbakan, ele\u015ftiriler i\u00e7in &#8220;Buna ideolojinin o deli g\u00f6mle\u011fini kimse giydirmesin&#8221; dedi.<\/p>\n<p style=\"text-align: justify;\">Vatanda\u015f\u0131n art\u0131k hem hastaneye hem de \u00f6zel muayenehaneye para vermeyece\u011fini s\u00f6yleyen Ba\u015fbakan, muhalefete de, &#8220;Niye rahats\u0131z oluyorsunuz. Hani sosyal demokratt\u0131n\u0131z?&#8221; sorusunu y\u00f6neltti.<\/p>\n<p style=\"text-align: justify;\"><strong><em>&#8220;Ya\u015fam tarz\u0131na sayg\u0131&#8221; vurgusu <\/em><\/strong><\/p>\n<p style=\"text-align: justify;\">Bu noktada \u00f6zele\u015ftiriden ka\u00e7mad\u0131klar\u0131n\u0131 s\u00f6yleyen Erdo\u011fan, &#8220;\u0130lk zamanlar bizi tan\u0131may\u0131p anlamayanlar olabilir. Kendimizi tam anlam\u0131yla anlatamam\u0131\u015f olabiliriz. Ama 7 y\u0131l ge\u00e7ti. T\u00fcrkiye&#8217;nin geldi\u011fi seviye ortada. Biz, sadece bize oy verenlerin de\u011fil, 72 milyonun h\u00fck\u00fcmetiyiz. Her birinin emanetini ta\u015f\u0131yoruz. Her bir vatanda\u015f\u0131n ya\u015fama tarz\u0131, huzuru, emniyeti bizim sorumlulu\u011fumuz alt\u0131nda&#8221; diye konu\u015ftu.<\/p>\n<p style=\"text-align: justify;\">&#8220;Kimse korku salmaya ve yapay korku yayarak siyasi rant elde etmeye kalk\u0131\u015fmas\u0131n&#8221; diyen Erdo\u011fan, &#8220;T\u00fcrkiye&#8217;de se\u00e7imler 5 y\u0131lda bir yap\u0131l\u0131yordu. Bunu 5&#8217;ten 4&#8217;e indirdik. Daha seri seri olarak milletin huzuruna \u00e7\u0131kal\u0131m diye. Cumhurba\u015fkan\u0131n\u0131 parlamento se\u00e7iyordu, biz ne yapt\u0131k? Millete se\u00e7tirdik&#8221; \u015feklinde konu\u015ftu.<\/p>\n<p style=\"text-align: justify;\">Erdo\u011fan, konu\u015fmas\u0131nda MHP lideri Devlet Bah\u00e7eli&#8217;nin kendisine randevu vermemesiyle ilgili olarak, &#8220;Ben senin aya\u011f\u0131na gelecektim. Ama sen ka\u00e7\u0131yorsun&#8221; dedi. Erdo\u011fan, CHP lideri Deniz Baykal&#8217;a y\u00f6nelik olarak da &#8220;\u00e7etelerin avukat\u0131&#8221; s\u00f6ylemini yineledi ve Baykal&#8217;\u0131 Menderes d\u00f6nemindeki tavr\u0131n\u0131 tak\u0131nm\u0131\u015f olmakla ele\u015ftirdi.<\/p>\n<p style=\"text-align: justify;\"><strong><em>Bah\u00e7eli&#8217;ye yan\u0131t <\/em><\/strong><\/p>\n<p style=\"text-align: justify;\">Erdo\u011fan, &#8220;Say\u0131n Bah\u00e7eli \u00e7\u0131k\u0131yor, kurdu\u011fu her c\u00fcmleden birinde y\u0131k\u0131c\u0131 ibaresini, ihanet, h\u0131yanet kelimelerini kullan\u0131yor. Yahu bu kavramlar bu kadar ucuz mu?&#8221; dedi.<\/p>\n<p style=\"text-align: justify;\"><strong><em>Erdo\u011fan Bah\u00e7eli&#8217;yi \u015fu s\u00f6zlerle ele\u015ftirdi: <\/em><\/strong><\/p>\n<p style=\"text-align: justify;\">&#8220;Say\u0131n Bah\u00e7eli \u00e7\u0131k\u0131yor, kurdu\u011fu her c\u00fcmleden birinde y\u0131k\u0131c\u0131 ibaresini, ihanet, h\u0131yanet kelimelerini kullan\u0131yor. Yahu bu kavramlar bu kadar ucuz mu? Ne hakk\u0131n var bu milleti rahats\u0131z etmeye? T\u00fcrkiye Cumhuriyetinin ba\u015fbakan\u0131na, h\u00fck\u00fcmetine, askerine ve polisine bu en a\u011f\u0131r hakaretleri ne hakla, ne c\u00fcretle lay\u0131k g\u00f6rebilirsiniz? Uzla\u015fmaysa, zaten senin uzla\u015fma diye bir derdin yok. Niye? \u0130ktidar partisi senden randevu talep eder, ba\u015fbakan senden randevu talep eder, bir kere de\u011fil, iki kere de\u011fil, \u00fc\u00e7 kez.<\/p>\n<p style=\"text-align: justify;\">Beyefendi b\u00f6yle bir randevu talebine cevap vermez. O zaman uzla\u015fmadan yana olan kim? Ben senin aya\u011f\u0131na gelecektim yahu. Sen bunu kabul etmedin. Ama \u015fimdi s\u0131k\u0131lmadan \u00e7\u0131k\u0131yor, &#8216;iktidar uzla\u015fmadan yana de\u011fil&#8217; diyor. \u0130\u015fte vesika ortada, delil ortada. Uzla\u015fmay\u0131 arayan parti olarak iktidar partisi, h\u00fck\u00fcmet olarak h\u00fck\u00fcmetimiz. Ama sen s\u00fcrekli olarak ka\u00e7\u0131yorsun, ondan sonra da diyorsun ki h\u00fck\u00fcmet uzla\u015fmaz.&#8221;<\/p>\n<p style=\"text-align: justify;\"><strong><em>Baykal&#8217;a da \u00e7att\u0131 <\/em><\/strong><\/p>\n<p style=\"text-align: justify;\">Yapt\u0131\u011f\u0131 konu\u015fmada, CHP Genel Ba\u015fkan\u0131 Deniz Baykal&#8217;a y\u00f6nelik ele\u015ftirilerde de bulunan Ba\u015fbakan Erdo\u011fan, Baykal&#8217;\u0131n ge\u00e7mi\u015fte Adnan Menderes ve Turgut \u00d6zal&#8217;a kar\u015f\u0131 izledi\u011fi politikay\u0131 \u015fimdi de kendisine kar\u015f\u0131 uygulad\u0131\u011f\u0131n\u0131 ifade etti.<\/p>\n<p style=\"text-align: justify;\">Ba\u015fbakan Erdo\u011fan, &#8220;Kurumlar\u0131 k\u0131\u015fk\u0131rtarak, kaos senaryolar\u0131na bunu ta\u015f\u0131yarak, \u00e7etelere ba\u015fta kendi olmak \u00fczere milletvekilleriyle beraber avukatl\u0131k yaparak bu \u00fclkeye nas\u0131l bir hizmet sa\u011flad\u0131\u011f\u0131n\u0131 d\u00fc\u015f\u00fcn\u00fcyor musunuz? Say\u0131n Baykal, b\u0131rak\u0131n bunlar\u0131. Millet i\u00e7in, \u00fclkemiz i\u00e7in projeniz ne, alternatifiniz ne, planlar\u0131n\u0131z ne? Gelin de bunlar\u0131 anlat\u0131n. Koro halinde her ikisi de bu ara bir se\u00e7im t\u00fcrk\u00fcs\u00fc tutturmu\u015flar, bestekar\u0131 belli de\u011fil. Her f\u0131rsatta bunu T\u00fcrkiye g\u00fcndemine ta\u015f\u0131man\u0131n gayreti i\u00e7indeler. \u00c7\u00fcnk\u00fc bestekar\u0131 yok ortada, anonim, anonim&#8230; &#8221; dedi.<\/p>\n<p style=\"text-align: justify;\"><strong><em>Sendika ba\u015fkan\u0131na: &#8220;Avucunu yalars\u0131n&#8221; <\/em><\/strong><\/p>\n<p style=\"text-align: justify;\">Erdo\u011fan, Tekg\u0131da-\u0130\u015f Genel Ba\u015fkan\u0131 Mustafa T\u00fcrkel&#8217;in, &#8220;Gerekirse h\u00fck\u00fcmet deviririz&#8221; \u015feklindeki s\u00f6zlerine tepki g\u00f6stererek, &#8220;Neymi\u015f? &#8216;H\u00fck\u00fcmet devirirmi\u015f&#8217;&#8230; Sen avucunu yalars\u0131n, avucunu. Neyi deviriyorsun sen? 15 milyonluk temsilcisi olan Ak Parti h\u00fck\u00fcmetini devireceksin&#8230; Senin ka\u00e7 tane \u00fcyen var ya, ne ile konu\u015fuyorsun. \u00d6nce haddini bil. Haddini bil ve bizi s\u00f6ylemeyi d\u00fc\u015f\u00fcnmedi\u011fimiz ifadeleri kullanmaya mecbur etmesinler&#8221; dedi.<\/p>\n<p style=\"text-align: justify;\">Tekel i\u015f\u00e7ilerine seslenen Ba\u015fbakan Erdo\u011fan, &#8220;Muhalefetin bu \u00e7irkin oyununa gelmeyin. Bu \u00fclkede hi\u00e7bir zaman \u00fclkenin ayd\u0131nl\u0131k gelece\u011fini d\u00fc\u015f\u00fcnmeyen, o marjinal \u00f6rg\u00fctlerin tuza\u011f\u0131na d\u00fc\u015fmeyin. K\u0131\u015fk\u0131rtmalar\u0131n, istismar\u0131n aleti olmay\u0131n&#8221; ifadesini kulland\u0131.<\/p>\n<p style=\"text-align: justify;\">&#8220;Devlette verimlilik yok. Depolarda duruyorlar, aydan aya maa\u015f\u0131 al\u0131yorlar. Ne \u00fcretim, ne \u015fu, ne bu. B\u00f6yle bir \u015fey yok. B\u00f6yle mi s\u00fcrecek bu karde\u015fim. Bu \u00fclke, bu devlet ayda Tekel i\u015f\u00e7ilerine 40 trilyon maa\u015f \u00f6d\u00fcyor ve biz bu maa\u015fla en az 3-4 kat i\u015f\u00e7iyi istihdam edebiliriz&#8221; diyen Ba\u015fbakan, &#8220;Bu imkan\u0131 bekleyen benim vatanda\u015f\u0131m var ama biz ne dedik? Devlet art\u0131k bu i\u015flerden \u00e7ekilecek, \u00f6zel sekt\u00f6r bu alana girecek&#8221; diye konu\u015ftu.<\/p>\n<p style=\"text-align: justify;\"><strong><em>TEKEL i\u015f\u00e7ileri <\/em><\/strong><\/p>\n<p style=\"text-align: justify;\">TEKEL i\u015f\u00e7ilerinin durumuna da de\u011finen Ba\u015fbakan Erdo\u011fan, &#8220;Ankara&#8217;n\u0131n meydan\u0131nda belli bir grup ki bunlar\u0131n hepsi TEKEL i\u015f\u00e7isi de\u011fildir. Onu da s\u00f6yleyeyim. Bunlar\u0131n i\u00e7inde TEKEL i\u015f\u00e7isi olmayanlar var. \u00c7ok a\u00e7\u0131k net s\u00f6yl\u00fcyorum. &#8216;A\u00e7\u0131z&#8217;, \u015fu anda a\u00e7 sefil olarak b\u00f6yle bir ajitasyon yap\u0131yorlar. Ger\u00e7e\u011fi de s\u00f6ylemek durumunday\u0131m. Bir defa iki y\u0131ld\u0131r bunlar\u0131 \u00e7al\u0131\u015fmadan maa\u015flar\u0131n\u0131 \u00f6deyerek o g\u00f6revlerinde tuttuk&#8221; dedi.<\/p>\n<p style=\"text-align: justify;\"><span style=\"color: #888888;\">CNN T\u00dcRK<\/span><\/p>\n","protected":false},"excerpt":{"rendered":"<p style=\"text-align: center;\">\n<p style=\"text-align: justify;\">Ba\u015fbakan Recep Tayyip Erdo\u011fan, Balyoz Eylem Plan\u0131 iddialar\u0131yla ilgili olarak, &#8220;Millet iradesine el uzatanlara kar\u015f\u0131 hukuku savunaca\u011f\u0131z&#8221; dedi. &#8220;Kimse millete korku salmaya \u00e7al\u0131\u015fmas\u0131n&#8221; diyen Erdo\u011fan, &#8220;Biz sadece bize oy verenlerin de\u011fil, 72 milyonun h\u00fck\u00fcmetiyiz&#8221; dedi.<\/p>\n<p style=\"text-align: justify;\">AK Parti genel merkezinde d\u00fczenlenen geni\u015fletilmi\u015f il ba\u015fkanlar\u0131 toplant\u0131s\u0131nda konu\u015fan Ba\u015fbakan Erdo\u011fan, \u00fclke <\/p>\n","protected":false},"author":1,"featured_media":0,"comment_status":"open","ping_status":"closed","sticky":false,"template":"","format":"standard","meta":{"footnotes":""},"categories":[105],"tags":[],"class_list":["post-35985","post","type-post","status-publish","format-standard","hentry","category-gundem","odd"],"_links":{"self":[{"href":"http:\/\/www.korhanyilmaz.com\/index.php?rest_route=\/wp\/v2\/posts\/35985","targetHints":{"allow":["GET"]}}],"collection":[{"href":"http:\/\/www.korhanyilmaz.com\/index.php?rest_route=\/wp\/v2\/posts"}],"about":[{"href":"http:\/\/www.korhanyilmaz.com\/index.php?rest_route=\/wp\/v2\/types\/post"}],"author":[{"embeddable":true,"href":"http:\/\/www.korhanyilmaz.com\/index.php?rest_route=\/wp\/v2\/users\/1"}],"replies":[{"embeddable":true,"href":"http:\/\/www.korhanyilmaz.com\/index.php?rest_route=%2Fwp%2Fv2%2Fcomments&post=35985"}],"version-history":[{"count":0,"href":"http:\/\/www.korhanyilmaz.com\/index.php?rest_route=\/wp\/v2\/posts\/35985\/revisions"}],"wp:attachment":[{"href":"http:\/\/www.korhanyilmaz.com\/index.php?rest_route=%2Fwp%2Fv2%2Fmedia&parent=35985"}],"wp:term":[{"taxonomy":"category","embeddable":true,"href":"http:\/\/www.korhanyilmaz.com\/index.php?rest_route=%2Fwp%2Fv2%2Fcategories&post=35985"},{"taxonomy":"post_tag","embeddable":true,"href":"http:\/\/www.korhanyilmaz.com\/index.php?rest_route=%2Fwp%2Fv2%2Ftags&post=35985"}],"curies":[{"name":"wp","href":"https:\/\/api.w.org\/{rel}","templated":true}]}}