{"id":35984,"date":"2010-01-21T22:38:51","date_gmt":"2010-01-21T20:38:51","guid":{"rendered":"http:\/\/www.korhanyilmaz.com\/?p=18277"},"modified":"2010-01-21T22:38:51","modified_gmt":"2010-01-21T20:38:51","slug":"vicdani-ret-davasinda-gorevsizlik-karari-2","status":"publish","type":"post","link":"http:\/\/www.korhanyilmaz.com\/?p=35984","title":{"rendered":"&#8220;Vicdani ret&#8221; davas\u0131nda g\u00f6revsizlik karar\u0131"},"content":{"rendered":"<p style=\"text-align: justify;\"><a href=\"http:\/\/www.korhanyilmaz.com\/wp-content\/uploads\/2010\/01\/2010-01-22_012326.jpg\"  class=\"lightview\"><img loading=\"lazy\" decoding=\"async\" class=\"aligncenter size-full wp-image-18278\" src=\"http:\/\/www.korhanyilmaz.com\/wp-content\/uploads\/2010\/01\/2010-01-22_012326.jpg\" alt=\"\" width=\"287\" height=\"229\" \/><\/a><\/p>\n<p style=\"text-align: justify;\">&#8220;Dini inanc\u0131 nedeniyle&#8221; askerlik yapmay\u0131 kabul etmeyen vicdani ret\u00e7i Enver Aydemir&#8217;in yarg\u0131land\u0131\u011f\u0131 askeri mahkeme g\u00f6revsizlik karar\u0131 verdi. Kararda yarg\u0131laman\u0131n kurul taraf\u0131ndan y\u00fcr\u00fct\u00fclmesi gerekti\u011fi belirtildi.<\/p>\n<p style=\"text-align: justify;\">Eski\u015fehir&#8217;de &#8220;emre itaatsizlik&#8221; iddias\u0131yla tutuklanan vicdani ret\u00e7i Enver Aydemir (33), cezaevi y\u00f6netimi taraf\u0131ndan kendisine verilen k\u0131yafeti giymedi\u011fi i\u00e7in askeri mahkemedeki duru\u015fmaya gelmedi. San\u0131\u011f\u0131n yarg\u0131land\u0131\u011f\u0131 askeri mahkeme g\u00f6revsizlik karar\u0131 verdi, hakim san\u0131\u011f\u0131n dosyas\u0131n\u0131 k\u0131demli hakimli\u011fe g\u00f6nderdi. <!--more--><\/p>\n<p style=\"text-align: justify;\">Evren Aydemir&#8217;in yak\u0131nlar\u0131 ve arkada\u015flar\u0131, askeri mahkemenin bulundu\u011fu 1. Hava Kuvveti Komutanl\u0131\u011f\u0131 \u00f6n\u00fcnde topland\u0131.<\/p>\n<p style=\"text-align: justify;\">Duru\u015fmay\u0131 izlemek istedi\u011fini s\u00f6yleyen grup, nizamiye \u00f6n\u00fcnde durduruldu. Mahkeme salonunun 20 ki\u015filik oldu\u011funu ifade eden askeri yetkililer, salona 15 izleyici ve 5 bas\u0131n mensubunun girmesine izin verdi.<\/p>\n<p style=\"text-align: justify;\">1. Hava Kuvveti Komutanl\u0131\u011f\u0131 Askeri Mahkemesi&#8217;nde g\u00f6r\u00fclen davan\u0131n duru\u015fmas\u0131na, tutuklu san\u0131k Enver Aydemir kat\u0131lmad\u0131.<\/p>\n<p style=\"text-align: justify;\">Hakim, san\u0131\u011f\u0131n duru\u015fma g\u00fcn ve saatinde mahkemede haz\u0131r bulundurulmas\u0131 i\u00e7in Eski\u015fehir Garnizon Askeri Cezaevi&#8217;ne yaz\u0131lan m\u00fczekkereye bilgi mahiyetinde cevap verildi\u011fini, san\u0131\u011f\u0131n cezaevi y\u00f6netimi taraf\u0131ndan verilen k\u0131yafetle duru\u015fmaya kat\u0131lmayaca\u011f\u0131n\u0131 beyan etti\u011finin anla\u015f\u0131ld\u0131\u011f\u0131n\u0131 bildirdi.<\/p>\n<p style=\"text-align: justify;\">Duru\u015fmada Enver Aydemir&#8217;in babas\u0131 Ahmet, karde\u015fleri Necip, Abd\u00fclkadir ve M\u00fccahit Aydemir ile \u0130stanbul Barosu avukat\u0131 Davut Erkan, Eski\u015fehir Barosu avukat\u0131 Tanzer Kurt haz\u0131r bulundu.<\/p>\n<p style=\"text-align: justify;\">Avukat Erkan, m\u00fcvekkilinin dini inan\u00e7lar\u0131 nedeniyle askerlik m\u00fcessesesini kabul etmedi\u011fini belirterek, &#8220;Bu nedenle bundan sonraki duru\u015fmalara sivil k\u0131yafetle kat\u0131lmas\u0131 sa\u011flans\u0131n&#8221; dedi.<\/p>\n<p style=\"text-align: justify;\">Askeri savc\u0131 ise &#8220;hizmetten s\u0131yr\u0131lma kast\u0131yla emre itaatsizlik&#8221; ile su\u00e7lanan san\u0131\u011f\u0131n su\u00e7unun &#8220;hizmetten s\u0131yr\u0131lma kast\u0131yla emre itaatsizlikte \u0131srar&#8221; su\u00e7una d\u00f6n\u00fc\u015fme ihtimali oldu\u011funu ifade ederek, &#8220;An\u0131lan su\u00e7un kanun gere\u011fi heyet te\u015fekk\u00fcl etmek suretiyle bak\u0131lmas\u0131 gerekti\u011finden bu a\u015famada g\u00f6revsizlik karar\u0131 verilerek dava dosyas\u0131n\u0131n k\u0131demli hakimli\u011fe g\u00f6nderilmesini talep ederim&#8221; dedi.<\/p>\n<p style=\"text-align: justify;\">San\u0131k m\u00fcdafi Davut Erkan da askeri hakimlerin ba\u011f\u0131ms\u0131z olmad\u0131\u011f\u0131n\u0131 savunarak, &#8220;Askeri mahkemeler, anayasaya ve Avrupa \u0130nsan Haklar\u0131 S\u00f6zle\u015fmesine ayk\u0131r\u0131d\u0131r&#8221; dedi.<\/p>\n<p style=\"text-align: justify;\">Hakim, san\u0131\u011fa isnat olunan &#8220;hizmetten k\u0131smen veya tamamen s\u0131yr\u0131lma kast\u0131yla emre itaatsizlikte \u0131srar&#8221; su\u00e7unun 6 aydan 5 y\u0131la kadar hapis cezas\u0131 oldu\u011funu bildirerek, &#8220;Bu husus dikkate al\u0131nd\u0131\u011f\u0131nda tek hakim ile y\u00fcr\u00fct\u00fclmekte olan davan\u0131n Askeri Mahkemeler Kurulu\u015f ve Yarg\u0131lama Kanunu gere\u011fi kurul taraf\u0131ndan y\u00fcr\u00fct\u00fclmesi gerekti\u011fi anla\u015f\u0131ld\u0131\u011f\u0131ndan mahkememizin g\u00f6revsizli\u011fine, dava dosyas\u0131n\u0131n Askeri Mahkeme K\u0131demli Hakimli\u011fine g\u00f6nderilmesine karar verildi&#8221; diye konu\u015ftu.<\/p>\n<p style=\"text-align: justify;\">\u00d6te yandan Enver Aydemir&#8217;in babas\u0131 Ahmet Aydemir, avukat\u0131 Davut Erkan ve bir grup arkada\u015f\u0131, Porsuk Bulvar\u0131&#8217;nda bir araya gelerek, Aydemir&#8217;in askeri mahkemede yarg\u0131lanmas\u0131 ile mahkeme s\u00fcrecini ele\u015ftiren i\u00e7erikte a\u00e7\u0131klamalarda bulundular.<\/p>\n<p style=\"text-align: justify;\"><strong><em>Olay <\/em><\/strong><\/p>\n<p style=\"text-align: justify;\">Kocaeli&#8217;nde ya\u015fayan &#8220;vicdani ret\u00e7i&#8221; Enver Aydemir, 24 Temmuz 2007&#8217;de askerlik yapt\u0131r\u0131lmak \u00fczere Bilecik 2. Jandarma Er E\u011fitim Tugay\u0131&#8217;na g\u00f6t\u00fcr\u00fcld\u00fc. \u0130nanc\u0131 nedeniyle askerlik yapmak istemedi\u011fini ifade eden Aydemir, 31 Temmuz 2007&#8217;de tutuklanarak Eski\u015fehir Garnizon Askeri Cezaevi&#8217;ne g\u00f6nderildi.<\/p>\n<p style=\"text-align: justify;\">Aydemir, 1&#8217;nci Hava Kuvveti Komutanl\u0131\u011f\u0131 Askeri Mahkemesi&#8217;nde 4 Ekim 2007&#8217;de yap\u0131lan duru\u015fmada iki g\u00fcn yol izni verilip birli\u011fine kat\u0131lmas\u0131 kayd\u0131yla tahliye edildi. Birli\u011fine teslim olmayan Aydemir, 24 Aral\u0131k 2009&#8217;da yakalanarak Eski\u015fehir Garnizon Askeri Cezaevi&#8217;ne g\u00f6nderildi.<\/p>\n<p style=\"text-align: justify;\"><span style=\"color: #888888;\">CNN T\u00dcRK<\/span><\/p>\n","protected":false},"excerpt":{"rendered":"<p style=\"text-align: justify;\">\n<p style=\"text-align: justify;\">&#8220;Dini inanc\u0131 nedeniyle&#8221; askerlik yapmay\u0131 kabul etmeyen vicdani ret\u00e7i Enver Aydemir&#8217;in yarg\u0131land\u0131\u011f\u0131 askeri mahkeme g\u00f6revsizlik karar\u0131 verdi. Kararda yarg\u0131laman\u0131n kurul taraf\u0131ndan y\u00fcr\u00fct\u00fclmesi gerekti\u011fi belirtildi.<\/p>\n<p style=\"text-align: justify;\">Eski\u015fehir&#8217;de &#8220;emre itaatsizlik&#8221; iddias\u0131yla tutuklanan vicdani ret\u00e7i Enver Aydemir (33), cezaevi y\u00f6netimi taraf\u0131ndan kendisine verilen k\u0131yafeti giymedi\u011fi i\u00e7in askeri mahkemedeki duru\u015fmaya gelmedi. San\u0131\u011f\u0131n yarg\u0131land\u0131\u011f\u0131 <\/p>\n","protected":false},"author":1,"featured_media":0,"comment_status":"open","ping_status":"closed","sticky":false,"template":"","format":"standard","meta":{"footnotes":""},"categories":[105],"tags":[],"class_list":["post-35984","post","type-post","status-publish","format-standard","hentry","category-gundem","odd"],"_links":{"self":[{"href":"http:\/\/www.korhanyilmaz.com\/index.php?rest_route=\/wp\/v2\/posts\/35984","targetHints":{"allow":["GET"]}}],"collection":[{"href":"http:\/\/www.korhanyilmaz.com\/index.php?rest_route=\/wp\/v2\/posts"}],"about":[{"href":"http:\/\/www.korhanyilmaz.com\/index.php?rest_route=\/wp\/v2\/types\/post"}],"author":[{"embeddable":true,"href":"http:\/\/www.korhanyilmaz.com\/index.php?rest_route=\/wp\/v2\/users\/1"}],"replies":[{"embeddable":true,"href":"http:\/\/www.korhanyilmaz.com\/index.php?rest_route=%2Fwp%2Fv2%2Fcomments&post=35984"}],"version-history":[{"count":0,"href":"http:\/\/www.korhanyilmaz.com\/index.php?rest_route=\/wp\/v2\/posts\/35984\/revisions"}],"wp:attachment":[{"href":"http:\/\/www.korhanyilmaz.com\/index.php?rest_route=%2Fwp%2Fv2%2Fmedia&parent=35984"}],"wp:term":[{"taxonomy":"category","embeddable":true,"href":"http:\/\/www.korhanyilmaz.com\/index.php?rest_route=%2Fwp%2Fv2%2Fcategories&post=35984"},{"taxonomy":"post_tag","embeddable":true,"href":"http:\/\/www.korhanyilmaz.com\/index.php?rest_route=%2Fwp%2Fv2%2Ftags&post=35984"}],"curies":[{"name":"wp","href":"https:\/\/api.w.org\/{rel}","templated":true}]}}