{"id":35983,"date":"2010-01-21T23:01:24","date_gmt":"2010-01-21T21:01:24","guid":{"rendered":"http:\/\/www.korhanyilmaz.com\/?p=18273"},"modified":"2010-01-21T23:01:24","modified_gmt":"2010-01-21T21:01:24","slug":"askere-sivil-yargi-yoluna-iptal-2","status":"publish","type":"post","link":"http:\/\/www.korhanyilmaz.com\/?p=35983","title":{"rendered":"&#8220;Askere sivil yarg\u0131&#8221; yoluna iptal"},"content":{"rendered":"<p style=\"text-align: justify;\"><a href=\"http:\/\/www.korhanyilmaz.com\/wp-content\/uploads\/2010\/01\/anayasamahkemesi.jpg\"  class=\"lightview\"><img loading=\"lazy\" decoding=\"async\" class=\"aligncenter size-full wp-image-18274\" src=\"http:\/\/www.korhanyilmaz.com\/wp-content\/uploads\/2010\/01\/anayasamahkemesi.jpg\" alt=\"\" width=\"307\" height=\"236\" \/><\/a><\/p>\n<p style=\"text-align: justify;\">Anayasa Mahkemesi, askere sivil yarg\u0131 yolunu a\u00e7an d\u00fczenlemeyi iptal etti. Karar oy birli\u011fiyle al\u0131nd\u0131.<\/p>\n<p style=\"text-align: justify;\">Anayasa Mahkemesi, 5918 say\u0131l\u0131 T\u00fcrk Ceza Kanunu ile Baz\u0131 Kanunlarda De\u011fi\u015fiklik Yap\u0131lmas\u0131na Dair Kanun&#8217;un, askerlere &#8220;Anayasal d\u00fczene kar\u015f\u0131 su\u00e7lar&#8221;, &#8220;ter\u00f6r&#8221; ve &#8220;\u00e7ete&#8221; su\u00e7lar\u0131n\u0131 i\u015flemeleri halinde sivil yarg\u0131 yolunu a\u00e7an d\u00fczenlemelerini iptal etti. <!--more--><\/p>\n<p style=\"text-align: justify;\">CHP, 5918 say\u0131l\u0131 askerlere sivil yarg\u0131 yolunu a\u00e7an Kanun&#8217;un 7. maddesi ile de\u011fi\u015ftirilen &#8220;halinde&#8221; ibaresi ile ge\u00e7ici 1. maddedeki, 5271 say\u0131l\u0131 Kanun&#8217;un 250. maddesinde yap\u0131lan de\u011fi\u015fiklik h\u00fck\u00fcmlerinin uygulanmas\u0131yla ilgili d\u00fczenlemenin iptali ve y\u00fcr\u00fcrl\u00fc\u011f\u00fcn\u00fcn durdurulmas\u0131 istemiyle Anayasa Mahkemesi&#8217;ne ba\u015fvurmu\u015ftu.<\/p>\n<p style=\"text-align: justify;\">Anayasa Mahkemesi&#8217;nin internet sitesinde yer alan bas\u0131n duyurusunda, Kanun&#8217;un 7. maddesiyle 5271 say\u0131l\u0131 Ceza Muhakemesi Kanunu&#8217;nun 250. maddesinin (3) numaral\u0131 f\u0131kras\u0131n\u0131n de\u011fi\u015ftirilen son t\u00fcmcesinde yer alan &#8220;&#8230; halinde &#8230;&#8221; s\u00f6zc\u00fc\u011f\u00fcn\u00fcn iptaline oy birli\u011fiyle karar verildi\u011fi belirtildi.<\/p>\n<p style=\"text-align: justify;\">Kanun ile 5271 say\u0131l\u0131 Kanun&#8217;un 250. maddesinin \u00fc\u00e7\u00fcnc\u00fc f\u0131kras\u0131n\u0131n son c\u00fcmlesinde ge\u00e7en &#8220;hali dahil&#8221; ibaresi &#8220;halinde&#8221; \u015feklinde de\u011fi\u015ftirilmi\u015fti.<\/p>\n<p style=\"text-align: justify;\">De\u011fi\u015fiklikle, &#8220;&#8230; Sava\u015f ve s\u0131k\u0131y\u00f6netim hali dahil askeri mahkemelerin g\u00f6revlerine ili\u015fkin h\u00fck\u00fcmler sakl\u0131d\u0131r&#8221; h\u00fckm\u00fc, &#8220;&#8230; Sava\u015f ve s\u0131k\u0131y\u00f6netim halinde askeri mahkemelerin g\u00f6revlerine ili\u015fkin h\u00fck\u00fcmler sakl\u0131d\u0131r&#8221; olmu\u015ftu.<\/p>\n<p style=\"text-align: justify;\">Bas\u0131n duyurusunda, ayn\u0131 maddedeki &#8220;&#8230; halinde &#8230;&#8221; s\u00f6zc\u00fc\u011f\u00fcn\u00fcn \u00f6n\u00fcnde yer alan &#8220;&#8230; sava\u015f ve s\u0131k\u0131y\u00f6netim &#8230;&#8221; ibaresinin oy \u00e7oklu\u011fuyla iptaline karar verildi\u011fi bildirildi.<\/p>\n<p style=\"text-align: justify;\">Duyuruda, 2949 say\u0131l\u0131 Anayasa Mahkemesi&#8217;nin Kurulu\u015fu ve Yarg\u0131lama Usulleri Hakk\u0131nda Kanun&#8217;un, &#8220;Anayasa Mahkemesi&#8217;nin, taleple ba\u011fl\u0131 kalmak kayd\u0131yla ba\u015fka gerek\u00e7e ile de Anayasa&#8217;ya ayk\u0131r\u0131l\u0131k karar\u0131 verebilece\u011fine&#8221; ili\u015fkin 29. maddesinin ikinci f\u0131kras\u0131 gere\u011fince bu karar\u0131 ald\u0131\u011f\u0131 kaydedildi.<\/p>\n<p style=\"text-align: justify;\">\u0130ptal edilen b\u00f6l\u00fcmlerin y\u00fcr\u00fcrl\u00fc\u011f\u00fcn\u00fcn oy \u00e7oklu\u011fuyla durduruldu\u011fu ifade edilen bas\u0131n duyurusunda, Kanun&#8217;un &#8220;Bu Kanun&#8217;la, 5271 say\u0131l\u0131 Kanun&#8217;un 3. ve 250. maddesinde yap\u0131lan de\u011fi\u015fiklik h\u00fck\u00fcmleri, y\u00fcr\u00fcrl\u00fc\u011fe girdi\u011fi tarihte devam etmekte olan soru\u015fturma ve kovu\u015fturmalarda da uygulan\u0131r&#8221; \u015feklindeki ge\u00e7ici 1. maddesindeki &#8220;&#8230; ve 250&#8217;nci &#8230;&#8221; ibaresinin iptal isteminin ise oy birli\u011fiyle reddine karar verildi\u011fi belirtildi.<\/p>\n<p style=\"text-align: justify;\"><strong><em>Dava dilek\u00e7esi <\/em><\/strong><\/p>\n<p style=\"text-align: justify;\">D\u00fczenlemenin iptali istemiyle a\u00e7\u0131lan davan\u0131n dilek\u00e7esinde, Anayasa&#8217;n\u0131n, askeri mahkemelerin g\u00f6rev alan\u0131na ili\u015fkin yapt\u0131\u011f\u0131 g\u00f6revlendirme h\u00fckm\u00fc y\u00fcr\u00fcrl\u00fckteyken, yasa koyucunun bir yasa ile ve s\u00f6z konusu Anayasa h\u00fckm\u00fcn\u00fc de\u011fi\u015ftirmeksizin yeni bir d\u00fczenleme yapmas\u0131n\u0131n, Anayasa&#8217;n\u0131n 145. maddesi ile ba\u011fda\u015fmayaca\u011f\u0131 savunulmu\u015ftu.<\/p>\n<p style=\"text-align: justify;\">De\u011fi\u015fikliklerin ayr\u0131ca Askeri Mahkemelerin Kurulu\u015fu ve Yarg\u0131lama Usul\u00fc Kanunu&#8217;nun, &#8220;Askeri mahkemelere ve adliye mahkemelerine tabi ki\u015filer taraf\u0131ndan bir su\u00e7un m\u00fc\u015ftereken i\u015flenmesi halinde e\u011fer su\u00e7 Askeri Ceza Kanunu&#8217;nda yaz\u0131l\u0131 bir su\u00e7 ise san\u0131klar\u0131n yarg\u0131lanmalar\u0131 askeri mahkemelere; e\u011fer su\u00e7 Askeri Ceza Kanunu&#8217;nda yaz\u0131l\u0131 olmayan bir su\u00e7 ise adliye mahkemelerine aittir&#8221; h\u00fckm\u00fcn\u00fc i\u00e7eren 12. maddesiyle \u00e7eli\u015fti\u011fi savunuluyordu.<\/p>\n<p style=\"text-align: justify;\">CHP, 5918 say\u0131l\u0131 Kanunun, askerlere sivil yarg\u0131 yolunu a\u00e7an 7. maddesi ile de\u011fi\u015ftirilen &#8220;halinde&#8221; ibaresi ile ge\u00e7ici 1. maddedeki, 5271 say\u0131l\u0131 Kanunun 250. maddesinde yap\u0131lan de\u011fi\u015fiklik h\u00fck\u00fcmlerinin y\u00fcr\u00fcrl\u00fc\u011f\u00fcyle ilgili d\u00fczenlemenin iptali ve y\u00fcr\u00fcrl\u00fc\u011f\u00fcn\u00fcn durdurulmas\u0131 istemiyle Anayasa Mahkemesine ba\u015fvurmu\u015ftu.<\/p>\n<p style=\"text-align: justify;\"><span style=\"color: #888888;\">CNN T\u00dcRK<\/span><\/p>\n","protected":false},"excerpt":{"rendered":"<p style=\"text-align: justify;\">\n<p style=\"text-align: justify;\">Anayasa Mahkemesi, askere sivil yarg\u0131 yolunu a\u00e7an d\u00fczenlemeyi iptal etti. Karar oy birli\u011fiyle al\u0131nd\u0131.<\/p>\n<p style=\"text-align: justify;\">Anayasa Mahkemesi, 5918 say\u0131l\u0131 T\u00fcrk Ceza Kanunu ile Baz\u0131 Kanunlarda De\u011fi\u015fiklik Yap\u0131lmas\u0131na Dair Kanun&#8217;un, askerlere &#8220;Anayasal d\u00fczene kar\u015f\u0131 su\u00e7lar&#8221;, &#8220;ter\u00f6r&#8221; ve &#8220;\u00e7ete&#8221; su\u00e7lar\u0131n\u0131 i\u015flemeleri halinde sivil yarg\u0131 yolunu a\u00e7an d\u00fczenlemelerini iptal etti. <\/p>\n","protected":false},"author":1,"featured_media":0,"comment_status":"open","ping_status":"closed","sticky":false,"template":"","format":"standard","meta":{"footnotes":""},"categories":[105],"tags":[],"class_list":["post-35983","post","type-post","status-publish","format-standard","hentry","category-gundem","odd"],"_links":{"self":[{"href":"http:\/\/www.korhanyilmaz.com\/index.php?rest_route=\/wp\/v2\/posts\/35983","targetHints":{"allow":["GET"]}}],"collection":[{"href":"http:\/\/www.korhanyilmaz.com\/index.php?rest_route=\/wp\/v2\/posts"}],"about":[{"href":"http:\/\/www.korhanyilmaz.com\/index.php?rest_route=\/wp\/v2\/types\/post"}],"author":[{"embeddable":true,"href":"http:\/\/www.korhanyilmaz.com\/index.php?rest_route=\/wp\/v2\/users\/1"}],"replies":[{"embeddable":true,"href":"http:\/\/www.korhanyilmaz.com\/index.php?rest_route=%2Fwp%2Fv2%2Fcomments&post=35983"}],"version-history":[{"count":0,"href":"http:\/\/www.korhanyilmaz.com\/index.php?rest_route=\/wp\/v2\/posts\/35983\/revisions"}],"wp:attachment":[{"href":"http:\/\/www.korhanyilmaz.com\/index.php?rest_route=%2Fwp%2Fv2%2Fmedia&parent=35983"}],"wp:term":[{"taxonomy":"category","embeddable":true,"href":"http:\/\/www.korhanyilmaz.com\/index.php?rest_route=%2Fwp%2Fv2%2Fcategories&post=35983"},{"taxonomy":"post_tag","embeddable":true,"href":"http:\/\/www.korhanyilmaz.com\/index.php?rest_route=%2Fwp%2Fv2%2Ftags&post=35983"}],"curies":[{"name":"wp","href":"https:\/\/api.w.org\/{rel}","templated":true}]}}