{"id":35982,"date":"2010-01-21T15:52:16","date_gmt":"2010-01-21T13:52:16","guid":{"rendered":"http:\/\/www.korhanyilmaz.com\/?p=18269"},"modified":"2010-01-21T15:52:16","modified_gmt":"2010-01-21T13:52:16","slug":"tarafin-iddiasi-uzerine-inceleme-baslatildi-2","status":"publish","type":"post","link":"http:\/\/www.korhanyilmaz.com\/?p=35982","title":{"rendered":"Taraf&#8217;\u0131n iddias\u0131 \u00fczerine inceleme ba\u015flat\u0131ld\u0131"},"content":{"rendered":"<p><a href=\"http:\/\/www.korhanyilmaz.com\/wp-content\/uploads\/2010\/01\/balyoz.jpg\"  class=\"lightview\"><img loading=\"lazy\" decoding=\"async\" class=\"aligncenter size-full wp-image-18270\" src=\"http:\/\/www.korhanyilmaz.com\/wp-content\/uploads\/2010\/01\/balyoz.jpg\" alt=\"\" width=\"292\" height=\"215\" \/><\/a><\/p>\n<p style=\"text-align: justify;\">\u0130stanbul Cumhuriyet Ba\u015fsavc\u0131 Vekili Turan \u00c7olakkad\u0131, &#8220;Balyoz G\u00fcvenlik Hareket Plan\u0131&#8221; iddialar\u0131na ili\u015fkin, &#8220;Bu gibi durumlarda 2 savc\u0131 g\u00f6revlendiriyoruz. \u0130nceleme ba\u015flatt\u0131k&#8221; dedi. Taraf muhabiri Mehmet Baransu da, plana ait oldu\u011fu belirtilen belgelerin de i\u00e7inde bulundu\u011fu 4 adet CD&#8217;yi savc\u0131l\u0131\u011fa sundu. <!--more--><\/p>\n<p style=\"text-align: justify;\">Ba\u015fsavc\u0131 Vekili Turan \u00c7olakkad\u0131, Be\u015fikta\u015f&#8217;taki \u0130stanbul Adliyesinden ayr\u0131ld\u0131\u011f\u0131 s\u0131rada bas\u0131n mensuplar\u0131n\u0131n konuya ili\u015fkin sorular\u0131 \u00fczerine, gazeteleri ve belgeleri incelediklerini bildirdi.<\/p>\n<p style=\"text-align: justify;\">Konuya ili\u015fkin dilek\u00e7eler de bulundu\u011funu ifade eden \u00c7olakkad\u0131, &#8220;Bu gibi durumlarda genelde 2 savc\u0131 g\u00f6revlendiriyoruz. \u0130nceleme ba\u015flatt\u0131k&#8221; diye konu\u015ftu.<\/p>\n<p style=\"text-align: justify;\"><strong><em>Taraf muhabirinden 4 CD <\/em><\/strong><\/p>\n<p style=\"text-align: justify;\">Taraf muhabiri Mehmet Baransu da, plana ait oldu\u011fu belirtilen belgelerin de i\u00e7inde bulundu\u011fu 4 adet CD&#8217;yi savc\u0131l\u0131\u011fa sundu.<\/p>\n<p style=\"text-align: justify;\">Adliyeye hakim ve savc\u0131lar\u0131n kulland\u0131\u011f\u0131 \u00fcst kap\u0131dan giri\u015f yapan Baransu, \u00c7olakkad\u0131&#8217;n\u0131n kendisinden istedi\u011fi belgelerin i\u00e7inde bulundu\u011fu orijinal CD&#8217;leri getirdi\u011fini dile getirerek, \u00e7antas\u0131ndan \u00e7\u0131kard\u0131\u011f\u0131 4 adet CD&#8217;yi gazetecilere g\u00f6sterdi.<\/p>\n<p style=\"text-align: justify;\"><strong><em>Su\u00e7 duyurusu <\/em><\/strong><\/p>\n<p style=\"text-align: justify;\">Bu arada, sanat\u00e7\u0131 Lale Mansur&#8217;un da aralar\u0131nda bulundu\u011fu 13 ki\u015fi de, plan\u0131 haz\u0131rlad\u0131klar\u0131 \u00f6ne s\u00fcr\u00fclen ki\u015filer hakk\u0131nda savc\u0131l\u0131\u011fa su\u00e7 duyurusunda bulundu. Be\u015fikta\u015f&#8217;taki \u0130stanbul Adliyesine gelen grup, su\u00e7 duyurusu dilek\u00e7esini \u0130stanbul Cumhuriyet Ba\u015fsavc\u0131l\u0131\u011f\u0131&#8217;na sundu.<\/p>\n<p style=\"text-align: justify;\">Adliye \u00e7\u0131k\u0131\u015f\u0131nda grup ad\u0131na bir a\u00e7\u0131klama yapan Lale Mansur, &#8220;Darbelere kar\u015f\u0131 70 Milyon Ad\u0131m Koalisyonu&#8221; olarak su\u00e7 duyurusunda bulunduklar\u0131n\u0131 belirterek, dilek\u00e7eyi \u0130stanbul Cumhuriyet Ba\u015fsavc\u0131 Vekili Turan \u00c7olakkad\u0131&#8217;ya sunduklar\u0131n\u0131 s\u00f6yledi.<\/p>\n<p style=\"text-align: justify;\">Adliyede g\u00fczel bir \u015fekilde kar\u015f\u0131land\u0131klar\u0131n\u0131 ve dilek\u00e7elerinin i\u015fleme konuldu\u011funu ifade eden Mansur, 23 Ocakta &#8220;Kozmik s\u0131rlar a\u00e7\u0131klans\u0131n su\u00e7lular yarg\u0131lans\u0131n&#8221; diye Beyo\u011flu \u0130stiklal Caddesi&#8217;nde y\u00fcr\u00fcy\u00fc\u015f yapmay\u0131 planlad\u0131klar\u0131n\u0131 ve bu y\u00fcr\u00fcy\u00fc\u015fe \u015fimdi &#8220;Balyoz G\u00fcvenlik Harekat Plan\u0131&#8221;n\u0131 da eklediklerini kaydetti.<\/p>\n<p style=\"text-align: justify;\">Su\u00e7 duyurusu dilek\u00e7esinde, emekli Oramiral \u00d6zden \u00d6rnek, emekli Orgeneraller \u0130brahim F\u0131rt\u0131na, \u00c7etin Do\u011fan ve Ergin Saygun hakk\u0131nda TCK&#8217;n\u0131n ilgili maddeleri uyar\u0131nca dava a\u00e7\u0131lmas\u0131 istendi.<\/p>\n<p style=\"text-align: justify;\"><strong><em>TGB&#8217;den a\u00e7\u0131klama geldi <\/em><\/strong><\/p>\n<p style=\"text-align: justify;\">Bu arada T\u00fcrkiye Gen\u00e7lik Birli\u011fi (TGB) Genel Ba\u015fkan Yard\u0131mc\u0131s\u0131 Mustafa Kaya, &#8220;Balyoz G\u00fcvenlik Harekat Plan\u0131&#8221;na ili\u015fkin haberlerde birli\u011fin ad\u0131n\u0131n da ge\u00e7ti\u011fini belirterek, &#8220;2006 y\u0131l\u0131nda kurulan TGB, nas\u0131l olur da 2003 y\u0131l\u0131 i\u00e7indeki darbe planlar\u0131na i\u015ftirak edebilir&#8221; dedi.<\/p>\n<p style=\"text-align: justify;\">Bir grup TGB \u00fcyesi, Taraf gazetesinin Ankara B\u00fcrosu \u00f6n\u00fcnde toplanarak gazeteyi protesto etti. Mustafa Kaya, &#8220;Balyoz G\u00fcvenlik Harekat Plan\u0131&#8221; ba\u015fl\u0131\u011f\u0131yla verilen haberde, &#8220;koordinasyon sa\u011flanacak kurumlar aras\u0131nda TGB&#8217;nin de say\u0131ld\u0131\u011f\u0131&#8221; belirtti.<\/p>\n<p style=\"text-align: justify;\">Habere g\u00f6re, plan\u0131n 2003 Mart ay\u0131nda haz\u0131rlan\u0131p bitti\u011fini kaydeden Kaya, &#8220;\u015eimdi insan akl\u0131na seslenerek soruyoruz. 19 May\u0131s 2006 y\u0131l\u0131nda kurulan TGB, nas\u0131l olur da daha kurucular\u0131n\u0131n bile akl\u0131nda b\u00f6yle bir isim yokken 2003 y\u0131l\u0131 i\u00e7indeki darbe planlar\u0131na i\u015ftirak edebilir&#8221; diye konu\u015ftu.<\/p>\n<p style=\"text-align: justify;\"><span style=\"color: #888888;\">CNN T\u00dcRK<\/span><\/p>\n","protected":false},"excerpt":{"rendered":"<\/p>\n<p style=\"text-align: justify;\">\u0130stanbul Cumhuriyet Ba\u015fsavc\u0131 Vekili Turan \u00c7olakkad\u0131, &#8220;Balyoz G\u00fcvenlik Hareket Plan\u0131&#8221; iddialar\u0131na ili\u015fkin, &#8220;Bu gibi durumlarda 2 savc\u0131 g\u00f6revlendiriyoruz. \u0130nceleme ba\u015flatt\u0131k&#8221; dedi. Taraf muhabiri Mehmet Baransu da, plana ait oldu\u011fu belirtilen belgelerin de i\u00e7inde bulundu\u011fu 4 adet CD&#8217;yi savc\u0131l\u0131\u011fa sundu. <\/p>\n","protected":false},"author":1,"featured_media":0,"comment_status":"open","ping_status":"closed","sticky":false,"template":"","format":"standard","meta":{"footnotes":""},"categories":[105],"tags":[],"class_list":["post-35982","post","type-post","status-publish","format-standard","hentry","category-gundem","odd"],"_links":{"self":[{"href":"http:\/\/www.korhanyilmaz.com\/index.php?rest_route=\/wp\/v2\/posts\/35982","targetHints":{"allow":["GET"]}}],"collection":[{"href":"http:\/\/www.korhanyilmaz.com\/index.php?rest_route=\/wp\/v2\/posts"}],"about":[{"href":"http:\/\/www.korhanyilmaz.com\/index.php?rest_route=\/wp\/v2\/types\/post"}],"author":[{"embeddable":true,"href":"http:\/\/www.korhanyilmaz.com\/index.php?rest_route=\/wp\/v2\/users\/1"}],"replies":[{"embeddable":true,"href":"http:\/\/www.korhanyilmaz.com\/index.php?rest_route=%2Fwp%2Fv2%2Fcomments&post=35982"}],"version-history":[{"count":0,"href":"http:\/\/www.korhanyilmaz.com\/index.php?rest_route=\/wp\/v2\/posts\/35982\/revisions"}],"wp:attachment":[{"href":"http:\/\/www.korhanyilmaz.com\/index.php?rest_route=%2Fwp%2Fv2%2Fmedia&parent=35982"}],"wp:term":[{"taxonomy":"category","embeddable":true,"href":"http:\/\/www.korhanyilmaz.com\/index.php?rest_route=%2Fwp%2Fv2%2Fcategories&post=35982"},{"taxonomy":"post_tag","embeddable":true,"href":"http:\/\/www.korhanyilmaz.com\/index.php?rest_route=%2Fwp%2Fv2%2Ftags&post=35982"}],"curies":[{"name":"wp","href":"https:\/\/api.w.org\/{rel}","templated":true}]}}