{"id":35980,"date":"2010-01-21T08:35:19","date_gmt":"2010-01-21T06:35:19","guid":{"rendered":"http:\/\/www.korhanyilmaz.com\/?p=18261"},"modified":"2010-01-21T08:35:19","modified_gmt":"2010-01-21T06:35:19","slug":"diyarbakirda-21-sikintisi-2","status":"publish","type":"post","link":"http:\/\/www.korhanyilmaz.com\/?p=35980","title":{"rendered":"Diyarbak\u0131r&#8217;da &#8217;21&#8217; s\u0131k\u0131nt\u0131s\u0131"},"content":{"rendered":"<div id=\"attachment_18262\" style=\"width: 370px\" class=\"wp-caption aligncenter\"><a href=\"http:\/\/www.korhanyilmaz.com\/wp-content\/uploads\/2010\/01\/diyarbakir.jpeg\"  class=\"lightview\"><img loading=\"lazy\" decoding=\"async\" aria-describedby=\"caption-attachment-18262\" class=\"size-full wp-image-18262\" src=\"http:\/\/www.korhanyilmaz.com\/wp-content\/uploads\/2010\/01\/diyarbakir.jpeg\" alt=\"\" width=\"360\" height=\"213\" \/><\/a><p id=\"caption-attachment-18262\" class=\"wp-caption-text\">Diyarbak\u0131r\u2019daki ara\u00e7lar\u0131n y\u00fczde 80\u2019e yak\u0131n\u0131n\u0131n tescil i\u015flemi ba\u015fka illerde yap\u0131l\u0131yor. Ara\u00e7lar\u0131n \u00e7o\u011fu \u0130stanbul ya da Ankara plakal\u0131.<\/p><\/div>\n<p style=\"text-align: justify;\">&#8216;Ayr\u0131mc\u0131l\u0131k yok&#8217; diyenlere duyurulur: \u0130\u00e7i\u015fleri&#8217;nin &#8216;Ara\u00e7lar ikamet yerinde tescil ettirilecek&#8217; talimat\u0131 Diyarbak\u0131r&#8217;da ciddi s\u0131k\u0131nt\u0131 yaratt\u0131.<\/p>\n<p style=\"text-align: justify;\">D\u0130YARBAKIR &#8211; \u0130\u00e7i\u015fleri Bakanl\u0131\u011f\u0131\u2019n\u0131n, \u201cAra\u00e7 sahipleri ara\u00e7lar\u0131n\u0131 i\u015f veya ikamet adreslerinin bulundu\u011fu yerde tescil ettirsin\u201d talimat\u0131, otomobillerin b\u00fcy\u00fck \u00e7o\u011funlu\u011funun Ankara ve \u0130stanbul plakal\u0131 oldu\u011fu Diyarbak\u0131r\u2019da s\u0131k\u0131nt\u0131 yaratt\u0131. Zira Do\u011fu ve G\u00fcneydo\u011fu Anadolu\u2019da ya\u015fayan bir\u00e7ok vatanda\u015f, b\u00f6lgedeki illere ait plakalar\u0131 kullanan ara\u00e7lar\u0131n yol kontrollerinde maruz kald\u0131\u011f\u0131 k\u00f6t\u00fc muameleden kurtulmak i\u00e7in ara\u00e7lar\u0131n\u0131 Ankara ve \u0130stanbul gibi b\u00fcy\u00fck kentlerde tescil ettiriyor.<!--more--><\/p>\n<p style=\"text-align: justify;\">\u0130\u00e7i\u015fleri Bakanl\u0131\u011f\u0131, valiliklere \u2018Karayollar\u0131 Trafik Y\u00f6netmeli\u011fi\u2019nin 30\/b maddesi gere\u011fince ara\u00e7 sahiplerinin, ara\u00e7lar\u0131n\u0131 i\u015f veya ikamet adreslerinin bulundu\u011fu yerdeki trafik tescil kurulu\u015funda tescil ettirmeli\u2019 talimat\u0131n\u0131 i\u00e7eren bir genelge g\u00f6nderdi. Bunun ard\u0131ndan ger\u00e7ek ki\u015filer ad\u0131na yap\u0131lacak tescil i\u015flemlerinde ara\u00e7 sahiplerinin MERN\u0130S Kimlik Payla\u015f\u0131m Sistemi\u2019ndeki adresi esas al\u0131nmaya ba\u015fland\u0131.<\/p>\n<p style=\"text-align: justify;\">Bu uygulama otomobillerin \u00e7o\u011funun \u201806\u2019 ve \u201834\u2019 plakal\u0131 oldu\u011fu Diyarbak\u0131r\u2019da yeni ara\u00e7 alanlar\u0131n Diyarbak\u0131r d\u0131\u015f\u0131ndaki illerden plaka alma talebini engelledi. Uygulamadan baz\u0131 vatanda\u015f ve otomobil bayileri memnun, baz\u0131lar\u0131ysa \u015fik\u00e2yet\u00e7i.<\/p>\n<p style=\"text-align: justify;\">Diyarbak\u0131r\u2019daki otomobillerin y\u00fczde 80\u2019e yak\u0131n\u0131n\u0131n Bat\u0131 illerinin plakas\u0131n\u0131 ta\u015f\u0131d\u0131klar\u0131n\u0131 anlatan bayiler, \u201cM\u00fc\u015fterilerin bir k\u0131sm\u0131 uygulaman\u0131n y\u00fcr\u00fcrl\u00fckten kalkaca\u011f\u0131n\u0131 d\u00fc\u015f\u00fcnerek otomobilinin tescilini yapt\u0131rmadan bekliyor. Bunun yan\u0131 s\u0131ra birka\u00e7 m\u00fc\u015fteri ise ara\u00e7 al\u0131m\u0131ndan vazge\u00e7ti\u201d dediler.<\/p>\n<p style=\"text-align: justify;\">Toyota Diyarbak\u0131r Bayi Hikmet Baran ise herkesin ya\u015fad\u0131\u011f\u0131 kentin plakas\u0131n\u0131 ta\u015f\u0131mas\u0131 gerekti\u011fini ve bayi olarak kendisinden ara\u00e7 sat\u0131n almaya gelen m\u00fc\u015fterileri \u201821\u2019 plaka almalar\u0131 i\u00e7in te\u015fvik etti\u011fini belirterek, \u015f\u00f6yle konu\u015ftu: \u201cDiyarbak\u0131r\u2019daki otomobillerin b\u00fcy\u00fck \u00e7o\u011funlu\u011fu Diyarbak\u0131r\u2019\u0131n il plaka numaras\u0131 olan 21 d\u0131\u015f\u0131ndaki plakalar\u0131 ta\u015f\u0131yor. Diyarbak\u0131r\u2019a konuk olarak gelen birisi neredeyse kentin plakas\u0131n\u0131 ta\u015f\u0131yan ara\u00e7 g\u00f6rm\u00fcyor. Bu do\u011fru de\u011fildir. Sat\u0131\u015f temsilcilerimize m\u00fc\u015fterileri 21 plaka almalar\u0131 y\u00f6n\u00fcnde telkinde bulunmalar\u0131n\u0131 istiyoruz. Sat\u0131n al\u0131nan otomobil hangi kente tescil yap\u0131l\u0131yorsa vergiler de o kente \u00f6deniyor. Bu nedenle Diyarbak\u0131r\u2019a katk\u0131 yapmak isteyenlerin arac\u0131nda 21 plakas\u0131 ta\u015f\u0131mas\u0131 laz\u0131m ki, vergileri de Diyarbak\u0131r\u2019a \u00f6densin.\u201d<\/p>\n<p style=\"text-align: justify;\"><span style=\"color: #888888;\">Radikal<\/span><\/p>\n","protected":false},"excerpt":{"rendered":"<p id=\"caption-attachment-18262\" class=\"wp-caption-text\">Diyarbak\u0131r\u2019daki ara\u00e7lar\u0131n y\u00fczde 80\u2019e yak\u0131n\u0131n\u0131n tescil i\u015flemi ba\u015fka illerde yap\u0131l\u0131yor. Ara\u00e7lar\u0131n \u00e7o\u011fu \u0130stanbul ya da Ankara plakal\u0131.<\/p>\n<p style=\"text-align: justify;\">&#8216;Ayr\u0131mc\u0131l\u0131k yok&#8217; diyenlere duyurulur: \u0130\u00e7i\u015fleri&#8217;nin &#8216;Ara\u00e7lar ikamet yerinde tescil ettirilecek&#8217; talimat\u0131 Diyarbak\u0131r&#8217;da ciddi s\u0131k\u0131nt\u0131 yaratt\u0131.<\/p>\n<p style=\"text-align: justify;\">D\u0130YARBAKIR &#8211; \u0130\u00e7i\u015fleri Bakanl\u0131\u011f\u0131\u2019n\u0131n, \u201cAra\u00e7 sahipleri ara\u00e7lar\u0131n\u0131 i\u015f veya ikamet adreslerinin bulundu\u011fu yerde tescil ettirsin\u201d talimat\u0131, otomobillerin <\/p>\n","protected":false},"author":1,"featured_media":0,"comment_status":"open","ping_status":"closed","sticky":false,"template":"","format":"standard","meta":{"footnotes":""},"categories":[105],"tags":[],"class_list":["post-35980","post","type-post","status-publish","format-standard","hentry","category-gundem","odd"],"_links":{"self":[{"href":"http:\/\/www.korhanyilmaz.com\/index.php?rest_route=\/wp\/v2\/posts\/35980","targetHints":{"allow":["GET"]}}],"collection":[{"href":"http:\/\/www.korhanyilmaz.com\/index.php?rest_route=\/wp\/v2\/posts"}],"about":[{"href":"http:\/\/www.korhanyilmaz.com\/index.php?rest_route=\/wp\/v2\/types\/post"}],"author":[{"embeddable":true,"href":"http:\/\/www.korhanyilmaz.com\/index.php?rest_route=\/wp\/v2\/users\/1"}],"replies":[{"embeddable":true,"href":"http:\/\/www.korhanyilmaz.com\/index.php?rest_route=%2Fwp%2Fv2%2Fcomments&post=35980"}],"version-history":[{"count":0,"href":"http:\/\/www.korhanyilmaz.com\/index.php?rest_route=\/wp\/v2\/posts\/35980\/revisions"}],"wp:attachment":[{"href":"http:\/\/www.korhanyilmaz.com\/index.php?rest_route=%2Fwp%2Fv2%2Fmedia&parent=35980"}],"wp:term":[{"taxonomy":"category","embeddable":true,"href":"http:\/\/www.korhanyilmaz.com\/index.php?rest_route=%2Fwp%2Fv2%2Fcategories&post=35980"},{"taxonomy":"post_tag","embeddable":true,"href":"http:\/\/www.korhanyilmaz.com\/index.php?rest_route=%2Fwp%2Fv2%2Ftags&post=35980"}],"curies":[{"name":"wp","href":"https:\/\/api.w.org\/{rel}","templated":true}]}}