{"id":35978,"date":"2010-01-21T11:01:56","date_gmt":"2010-01-21T09:01:56","guid":{"rendered":"http:\/\/www.korhanyilmaz.com\/?p=18249"},"modified":"2010-01-21T11:01:56","modified_gmt":"2010-01-21T09:01:56","slug":"trakyaya-sibirya-soguklari-geliyor-2","status":"publish","type":"post","link":"http:\/\/www.korhanyilmaz.com\/?p=35978","title":{"rendered":"Trakya&#8217;ya Sibirya so\u011fuklar\u0131 geliyor"},"content":{"rendered":"<p><a href=\"http:\/\/www.korhanyilmaz.com\/wp-content\/uploads\/2010\/01\/trakya.jpg\"  class=\"lightview\"><img loading=\"lazy\" decoding=\"async\" class=\"aligncenter size-full wp-image-18250\" src=\"http:\/\/www.korhanyilmaz.com\/wp-content\/uploads\/2010\/01\/trakya.jpg\" alt=\"\" width=\"292\" height=\"219\" \/><\/a><\/p>\n<p style=\"text-align: justify;\">Edirne&#8217;de, Balkanlar&#8217;dan gelen so\u011fuk ve ya\u011f\u0131\u015fl\u0131 havan\u0131n etkisi artarak devam ediyor. Edirne&#8217;de yar\u0131n hava s\u0131cakl\u0131\u011f\u0131n\u0131n eksi 9, K\u0131rklareli&#8217;nde ise eksi 15 derece olmas\u0131 bekleniyor.<\/p>\n<p style=\"text-align: justify;\">Trakya B\u00f6lgesi&#8217;nde kar ya\u011f\u0131\u015f\u0131 nedeniyle kapanan 70 k\u00f6y yolu, ekiplerin yo\u011fun \u00e7al\u0131\u015fmalar\u0131 sonucu a\u00e7\u0131ld\u0131. Karayollar\u0131 ve Edirne Belediyesi karla m\u00fccadele ekipleri, tuzlama \u00e7al\u0131\u015fmalar\u0131n\u0131 kent merkezi ve TEM otoban\u0131nda aral\u0131ks\u0131z s\u00fcrd\u00fcr\u00fcyor. <!--more--><\/p>\n<p style=\"text-align: justify;\">Edirne Meteoroloji M\u00fcd\u00fcrl\u00fc\u011f\u00fc yetkileri, hava s\u0131cakl\u0131\u011f\u0131n\u0131n eksi 5 derece \u00f6l\u00e7\u00fcld\u00fc\u011f\u00fcn\u00fc, kentte s\u0131cakl\u0131\u011f\u0131n yar\u0131n eksi 9 derece olaca\u011f\u0131n\u0131n tahmin edildi\u011fini bildirdi. Edirne&#8217;de bug\u00fcn kar ya\u011f\u0131\u015f\u0131 beklenmedi\u011fi ancak cuma ve cumartesi g\u00fcnleri yo\u011fun ya\u011f\u0131\u015f\u0131n etkili olaca\u011f\u0131 \u00f6\u011frenildi.<\/p>\n<p style=\"text-align: justify;\"><strong><em>K\u0131rklareli eksi 15&#8217;i g\u00f6recek <\/em><\/strong><\/p>\n<p style=\"text-align: justify;\">K\u0131rklareli Meteoroloji M\u00fcd\u00fcr\u00fc Naci G\u00fcrb\u00fcz, hava s\u0131cakl\u0131\u011f\u0131n\u0131n eksi 6 derece oldu\u011fu ve bug\u00fcn kar ya\u011f\u0131\u015f\u0131 beklenmedi\u011fini s\u00f6yledi. G\u00fcrb\u00fcz, yar\u0131n ve cumartesi g\u00fcn\u00fc ise s\u0131cakl\u0131\u011f\u0131n eksi 15 dereceye kadar d\u00fc\u015fece\u011fini, kar ya\u011f\u0131\u015f\u0131n\u0131n etkili olaca\u011f\u0131n\u0131 s\u00f6yledi.<\/p>\n<p style=\"text-align: justify;\">Bu arada, yo\u011fun kar ya\u011f\u0131\u015f\u0131 nedeniyle K\u0131rklareli&#8217;nde kapanan 35 k\u00f6y yolu ula\u015f\u0131ma a\u00e7\u0131ld\u0131. K\u0131rklareli Belediyesi ve \u0130l \u00d6zel \u0130daresi, buzlanmaya kar\u015f\u0131 tuzlama \u00e7al\u0131\u015fmalar\u0131n\u0131 aral\u0131ks\u0131z s\u00fcrd\u00fcr\u00fcyor.<\/p>\n<p style=\"text-align: justify;\"><span style=\"color: #888888;\">CNN T\u00dcRK<\/span><\/p>\n","protected":false},"excerpt":{"rendered":"<\/p>\n<p style=\"text-align: justify;\">Edirne&#8217;de, Balkanlar&#8217;dan gelen so\u011fuk ve ya\u011f\u0131\u015fl\u0131 havan\u0131n etkisi artarak devam ediyor. Edirne&#8217;de yar\u0131n hava s\u0131cakl\u0131\u011f\u0131n\u0131n eksi 9, K\u0131rklareli&#8217;nde ise eksi 15 derece olmas\u0131 bekleniyor.<\/p>\n<p style=\"text-align: justify;\">Trakya B\u00f6lgesi&#8217;nde kar ya\u011f\u0131\u015f\u0131 nedeniyle kapanan 70 k\u00f6y yolu, ekiplerin yo\u011fun \u00e7al\u0131\u015fmalar\u0131 sonucu a\u00e7\u0131ld\u0131. Karayollar\u0131 ve Edirne Belediyesi karla m\u00fccadele ekipleri, tuzlama \u00e7al\u0131\u015fmalar\u0131n\u0131 kent merkezi ve <\/p>\n","protected":false},"author":1,"featured_media":0,"comment_status":"open","ping_status":"closed","sticky":false,"template":"","format":"standard","meta":{"footnotes":""},"categories":[105],"tags":[],"class_list":["post-35978","post","type-post","status-publish","format-standard","hentry","category-gundem","odd"],"_links":{"self":[{"href":"http:\/\/www.korhanyilmaz.com\/index.php?rest_route=\/wp\/v2\/posts\/35978","targetHints":{"allow":["GET"]}}],"collection":[{"href":"http:\/\/www.korhanyilmaz.com\/index.php?rest_route=\/wp\/v2\/posts"}],"about":[{"href":"http:\/\/www.korhanyilmaz.com\/index.php?rest_route=\/wp\/v2\/types\/post"}],"author":[{"embeddable":true,"href":"http:\/\/www.korhanyilmaz.com\/index.php?rest_route=\/wp\/v2\/users\/1"}],"replies":[{"embeddable":true,"href":"http:\/\/www.korhanyilmaz.com\/index.php?rest_route=%2Fwp%2Fv2%2Fcomments&post=35978"}],"version-history":[{"count":0,"href":"http:\/\/www.korhanyilmaz.com\/index.php?rest_route=\/wp\/v2\/posts\/35978\/revisions"}],"wp:attachment":[{"href":"http:\/\/www.korhanyilmaz.com\/index.php?rest_route=%2Fwp%2Fv2%2Fmedia&parent=35978"}],"wp:term":[{"taxonomy":"category","embeddable":true,"href":"http:\/\/www.korhanyilmaz.com\/index.php?rest_route=%2Fwp%2Fv2%2Fcategories&post=35978"},{"taxonomy":"post_tag","embeddable":true,"href":"http:\/\/www.korhanyilmaz.com\/index.php?rest_route=%2Fwp%2Fv2%2Ftags&post=35978"}],"curies":[{"name":"wp","href":"https:\/\/api.w.org\/{rel}","templated":true}]}}