{"id":35977,"date":"2010-01-20T18:36:10","date_gmt":"2010-01-20T16:36:10","guid":{"rendered":"http:\/\/www.korhanyilmaz.com\/?p=18240"},"modified":"2010-01-20T18:36:10","modified_gmt":"2010-01-20T16:36:10","slug":"baykaldan-ermeni-protokolu-yorumu-fiyasko-2","status":"publish","type":"post","link":"http:\/\/www.korhanyilmaz.com\/?p=35977","title":{"rendered":"Baykal&#8217;dan Ermeni protokol\u00fc yorumu: Fiyasko"},"content":{"rendered":"<p style=\"text-align: center;\"><a href=\"http:\/\/www.korhanyilmaz.com\/wp-content\/uploads\/2010\/01\/BAYKAL2.jpg\"  class=\"lightview\"><img loading=\"lazy\" decoding=\"async\" class=\"aligncenter size-full wp-image-18241\" src=\"http:\/\/www.korhanyilmaz.com\/wp-content\/uploads\/2010\/01\/BAYKAL2.jpg\" alt=\"\" width=\"307\" height=\"236\" \/><\/a><\/p>\n<p style=\"text-align: justify;\">CHP Genel Ba\u015fkan\u0131 Deniz Baykal, Ermenistan Anayasa Mahkemesi&#8217;nin, T\u00fcrkiye ve Ermenistan aras\u0131ndaki protokollere ili\u015fkin karar\u0131n\u0131 de\u011ferlendirirken, &#8220;Bu protokoller ge\u00e7erlili\u011fini kaybetmi\u015ftir&#8221; dedi.<\/p>\n<p style=\"text-align: justify;\">CHP Merkez Y\u00f6netim Kurulu (MYK), Genel Ba\u015fkan Baykal ba\u015fkanl\u0131\u011f\u0131nda parti genel merkezinde topland\u0131. <!--more--><\/p>\n<p style=\"text-align: justify;\">Al\u0131nan bilgiye g\u00f6re, g\u00fcndemdeki konular\u0131n g\u00f6r\u00fc\u015f\u00fcld\u00fc\u011f\u00fc toplant\u0131da, Ermenistan Anayasa Mahkemesi&#8217;nin, T\u00fcrkiye ve Ermenistan aras\u0131ndaki protokollere ili\u015fkin karar\u0131 da de\u011ferlendirildi.<\/p>\n<p style=\"text-align: justify;\">Baykal, &#8220;Protokollerin b\u00fcy\u00fck bir reklamla imzaland\u0131\u011f\u0131n\u0131 ancak sonucun fiyasko&#8221; oldu\u011funu ileri s\u00fcrerek, &#8220;Bu protokoller ge\u00e7erlili\u011fini kaybetmi\u015ftir. AKP&#8217;nin \u015fova d\u00f6n\u00fck a\u00e7\u0131l\u0131mlar\u0131 hep fiyasko ile sonu\u00e7lan\u0131yor. &#8216;Ermeni a\u00e7\u0131l\u0131m\u0131&#8217; diye g\u00fcnlerce bu olay konu\u015fuldu ve fiyaskoyla bitti&#8221; dedi.<\/p>\n<p style=\"text-align: justify;\">Baykal, &#8220;Zaten Ermenistan Anayasa Mahkemesi, b\u00f6yle bir karar vermeseydi de bu protokol\u00fcn TBMM&#8217;den ge\u00e7mesi s\u00f6z konusu de\u011fildi. \u00c7\u00fcnk\u00fc, Ermenistan&#8217;\u0131n i\u015fgal etti\u011fi Azerbaycan topraklar\u0131ndan \u00e7ekilmeyi d\u00fc\u015f\u00fcnmedi\u011fi g\u00f6r\u00fcl\u00fcyor. &#8216;Kom\u015fularla s\u0131f\u0131r sorun&#8217; diye yola \u00e7\u0131k\u0131yorsunuz, s\u0131f\u0131rla kapatam\u0131yor hatta eksiye ge\u00e7iyorsunuz. &#8216;S\u0131f\u0131r sorun&#8217; diye yola \u00e7\u0131kt\u0131n\u0131z. Eksi 1 sorunla kar\u015f\u0131 kar\u015f\u0131ya kald\u0131n\u0131z&#8221; diye konu\u015ftu.<\/p>\n<p style=\"text-align: justify;\">Baykal, AK Parti&#8217;nin &#8216;a\u00e7\u0131l\u0131m&#8217; ad\u0131 alt\u0131nda sundu\u011fu \u00e7al\u0131\u015fmalar\u0131n, ba\u015far\u0131s\u0131zl\u0131kla sonu\u00e7land\u0131\u011f\u0131n\u0131 \u00f6ne s\u00fcrerek, &#8220;AKP, do\u011fru d\u00fcr\u00fcst \u00f6n haz\u0131rl\u0131k yapmadan, &#8216;\u00f6n\u00fcnde arkas\u0131nda ne var&#8217; diye bakmadan yola \u00e7\u0131k\u0131yor. &#8216;A\u00e7\u0131l\u0131m&#8217; diye kamuoyunda bir dalgalanma yarat\u0131yor ama bu dalgalanmalar hep bo\u015f \u00e7\u0131k\u0131yor&#8221; de\u011ferlendirmesinde bulundu.<\/p>\n<p style=\"text-align: justify;\">Anayasa de\u011fi\u015fikli\u011fi konusunun da da ele al\u0131nd\u0131\u011f\u0131 toplant\u0131da, de\u011fi\u015fikli\u011finin bir mutabakatla haz\u0131rlanmas\u0131n\u0131n zorunlu oldu\u011fu ancak \u015fu an b\u00f6yle bir mutabakat\u0131n olmad\u0131\u011f\u0131n\u0131n g\u00f6r\u00fcld\u00fc\u011f\u00fc ifade edildi.<\/p>\n<p style=\"text-align: justify;\">Baykal, yarg\u0131 ba\u011f\u0131ms\u0131zl\u0131\u011f\u0131n\u0131 etkileyecek bir anayasa de\u011fi\u015fikli\u011fini kabul etmelerinin m\u00fcmk\u00fcn olmad\u0131\u011f\u0131n\u0131 vurgulayarak, bu y\u00f6ndeki giri\u015fimlerin g\u00fcndemden d\u00fc\u015f\u00fcr\u00fclmesi ve halk\u0131n bo\u015fu bo\u015funa me\u015fgul edilmemesi gerekti\u011fini kaydetti.<\/p>\n<p style=\"text-align: justify;\">CHP MYK Toplant\u0131s\u0131&#8217;nda, Kar\u015f\u0131yaka Belediyesince i\u015ften \u00e7\u0131kar\u0131lan kent A.\u015e i\u015f\u00e7ilerinin, CHP Genel Merkezi \u00f6n\u00fcndeki protesto ama\u00e7l\u0131 bekleyi\u015fleri de de\u011ferlendirildi.<\/p>\n<p style=\"text-align: justify;\">Toplant\u0131da, Kar\u015f\u0131yaka Belediyesinin, belediyelere y\u00f6nelik yap\u0131lan d\u00fczenlemenin ard\u0131ndan ikiye b\u00f6l\u00fcnd\u00fc\u011f\u00fc, bunun \u00fczerine ta\u015feron firmada \u00e7al\u0131\u015fan bu i\u015f\u00e7ilerin k\u0131dem ve ihbar tazminatlar\u0131 \u00f6denerek i\u015ften \u00e7\u0131kar\u0131ld\u0131klar\u0131 vurguland\u0131.<\/p>\n<p style=\"text-align: justify;\">Konunun, CHP ile do\u011frudan ilgisi olmad\u0131\u011f\u0131 de\u011ferlendirmesinin yap\u0131ld\u0131\u011f\u0131 toplant\u0131da, genel merkezin i\u015f\u00e7ileri talimat vererek i\u015flerine geri ald\u0131rma ya da istihdam etme gibi bir durumunun da s\u00f6z konusu olamayaca\u011f\u0131 kaydedildi.<\/p>\n<p style=\"text-align: justify;\"><span style=\"color: #888888;\">CNN T\u00dcRK<\/span><\/p>\n","protected":false},"excerpt":{"rendered":"<p style=\"text-align: center;\">\n<p style=\"text-align: justify;\">CHP Genel Ba\u015fkan\u0131 Deniz Baykal, Ermenistan Anayasa Mahkemesi&#8217;nin, T\u00fcrkiye ve Ermenistan aras\u0131ndaki protokollere ili\u015fkin karar\u0131n\u0131 de\u011ferlendirirken, &#8220;Bu protokoller ge\u00e7erlili\u011fini kaybetmi\u015ftir&#8221; dedi.<\/p>\n<p style=\"text-align: justify;\">CHP Merkez Y\u00f6netim Kurulu (MYK), Genel Ba\u015fkan Baykal ba\u015fkanl\u0131\u011f\u0131nda parti genel merkezinde topland\u0131. <\/p>\n","protected":false},"author":1,"featured_media":0,"comment_status":"open","ping_status":"closed","sticky":false,"template":"","format":"standard","meta":{"footnotes":""},"categories":[105],"tags":[],"class_list":["post-35977","post","type-post","status-publish","format-standard","hentry","category-gundem","odd"],"_links":{"self":[{"href":"http:\/\/www.korhanyilmaz.com\/index.php?rest_route=\/wp\/v2\/posts\/35977","targetHints":{"allow":["GET"]}}],"collection":[{"href":"http:\/\/www.korhanyilmaz.com\/index.php?rest_route=\/wp\/v2\/posts"}],"about":[{"href":"http:\/\/www.korhanyilmaz.com\/index.php?rest_route=\/wp\/v2\/types\/post"}],"author":[{"embeddable":true,"href":"http:\/\/www.korhanyilmaz.com\/index.php?rest_route=\/wp\/v2\/users\/1"}],"replies":[{"embeddable":true,"href":"http:\/\/www.korhanyilmaz.com\/index.php?rest_route=%2Fwp%2Fv2%2Fcomments&post=35977"}],"version-history":[{"count":0,"href":"http:\/\/www.korhanyilmaz.com\/index.php?rest_route=\/wp\/v2\/posts\/35977\/revisions"}],"wp:attachment":[{"href":"http:\/\/www.korhanyilmaz.com\/index.php?rest_route=%2Fwp%2Fv2%2Fmedia&parent=35977"}],"wp:term":[{"taxonomy":"category","embeddable":true,"href":"http:\/\/www.korhanyilmaz.com\/index.php?rest_route=%2Fwp%2Fv2%2Fcategories&post=35977"},{"taxonomy":"post_tag","embeddable":true,"href":"http:\/\/www.korhanyilmaz.com\/index.php?rest_route=%2Fwp%2Fv2%2Ftags&post=35977"}],"curies":[{"name":"wp","href":"https:\/\/api.w.org\/{rel}","templated":true}]}}