{"id":35964,"date":"2010-01-13T14:58:18","date_gmt":"2010-01-13T12:58:18","guid":{"rendered":"http:\/\/www.korhanyilmaz.com\/?p=18056"},"modified":"2010-01-13T14:58:18","modified_gmt":"2010-01-13T12:58:18","slug":"gul-ya-aksama-kadar-ozur-dileyin-ya-da-2","status":"publish","type":"post","link":"http:\/\/www.korhanyilmaz.com\/?p=35964","title":{"rendered":"G\u00fcl: &#8220;Ya ak\u015fama kadar \u00f6z\u00fcr dileyin ya da&#8230;&#8221;"},"content":{"rendered":"<p style=\"text-align: center;\"><a href=\"http:\/\/www.korhanyilmaz.com\/wp-content\/uploads\/2010\/01\/gul2.jpg\"  class=\"lightview\"><img loading=\"lazy\" decoding=\"async\" class=\"aligncenter size-full wp-image-18057\" src=\"http:\/\/www.korhanyilmaz.com\/wp-content\/uploads\/2010\/01\/gul2.jpg\" alt=\"\" width=\"307\" height=\"236\" \/><\/a><\/p>\n<p style=\"text-align: justify;\">Cumhurba\u015fkan\u0131 Abdullah G\u00fcl, T\u00fcrkiye&#8217;nin Tel Aviv B\u00fcy\u00fckel\u00e7isi O\u011fuz \u00c7elikkol&#8217;a y\u00f6nelik davran\u0131\u015fla ilgili olarak, &#8220;\u0130srail sorumlular\u0131n\u0131n, bizim D\u0131\u015fi\u015fleri Bakanl\u0131\u011f\u0131&#8217;n\u0131n yapt\u0131\u011f\u0131 a\u00e7\u0131klama \u00e7er\u00e7evesinde bu i\u015fi d\u00fczeltmelerini bekliyoruz. Bug\u00fcn ak\u015fama kadar yaparlar yaparlar, yapmazlar ise B\u00fcy\u00fckel\u00e7i yar\u0131n gelir izahat verir. Sabah ilk u\u00e7akla T\u00fcrkiye&#8217;ye gelir, isti\u015farelere ba\u015flar&#8221; dedi. <!--more--><\/p>\n<p style=\"text-align: justify;\">Cumhurba\u015fkan\u0131 G\u00fcl, \u00c7ankaya K\u00f6\u015fk\u00fc&#8217;nde yap\u0131lan &#8220;7. e-T\u00fcrkiye \u00d6d\u00fcl T\u00f6reni&#8221;nin ard\u0131ndan gazetecilerin \u0130srail&#8217;le ya\u015fanan diplomatik krizle ilgili sorular\u0131n\u0131 yan\u0131tlad\u0131.<\/p>\n<p style=\"text-align: justify;\">G\u00fcl, &#8220;Say\u0131n Cumhurba\u015fkan\u0131m \u0130srail olay\u0131n\u0131 merak ediyoruz. B\u00fcy\u00fckel\u00e7imize yap\u0131lan tavr\u0131 siz nas\u0131l de\u011ferlendirdiniz?&#8221; sorusu \u00fczerine, &#8220;Tabii ne yapt\u0131\u011f\u0131n\u0131 bilmez bir adam\u0131n yapt\u0131\u011f\u0131 i\u015f ama nihayetinde \u0130srail&#8217;i ba\u011flar. O bak\u0131mdan \u0130srail sorumlular\u0131n\u0131n, bizim D\u0131\u015fi\u015fleri Bakanl\u0131\u011f\u0131n\u0131n yapt\u0131\u011f\u0131 a\u00e7\u0131klama \u00e7er\u00e7evesinde bu i\u015fi d\u00fczeltmelerini bekliyoruz. Bug\u00fcn ak\u015fama kadar yaparlar yaparlar, yapmazlar ise B\u00fcy\u00fckel\u00e7i yar\u0131n gelir izahat verir. Sabah ilk u\u00e7akla T\u00fcrkiye&#8217;ye gelir, isti\u015farelere ba\u015flar&#8221; kar\u015f\u0131l\u0131\u011f\u0131n\u0131 verdi.<\/p>\n<p style=\"text-align: justify;\">Bir gazetecinin &#8220;resmi uyar\u0131 yaz\u0131s\u0131n\u0131n ula\u015ft\u0131\u011f\u0131n\u0131&#8221; ifade etmesi \u00fczerine Cumhurba\u015fkan\u0131 G\u00fcl, &#8220;Bug\u00fcn ak\u015fama kadar \u0130srail&#8217;in sorumlular\u0131 bu i\u015fi d\u00fczeltirler. Ak\u015fama kadar s\u00fcre verilmi\u015ftir&#8221; dedi.<\/p>\n<p style=\"text-align: justify;\">G\u00fcl, bir ba\u015fka gazetecinin &#8220;B\u00fcy\u00fckel\u00e7i isti\u015fareler i\u00e7in mi \u00e7a\u011fr\u0131l\u0131yor?&#8221; sorusunu da, &#8220;\u00d6nce B\u00fcy\u00fckel\u00e7i bilgilendirmek i\u00e7in gelir, sonra de\u011ferlendiririz&#8221; diye yan\u0131tlad\u0131.<\/p>\n<p style=\"text-align: justify;\">Cumhurba\u015fkan\u0131, &#8220;D\u00fczeltme gelmezse maslahatg\u00fczar seviyesine mi indirilir?&#8221; sorusu \u00fczerine de &#8220;De\u011ferlendirilir&#8221; kar\u015f\u0131l\u0131\u011f\u0131n\u0131 verdi.<\/p>\n<p style=\"text-align: justify;\">Cumhurba\u015fkan\u0131 G\u00fcl, bir gazetecinin &#8220;B\u00f6lgede di\u011fer \u00fclkelerle ili\u015fkiler d\u00fczelirken \u0130srail ile ili\u015fkilerde neden sorun ya\u015fand\u0131\u011f\u0131na&#8221; ili\u015fkin sorusu \u00fczerine, &#8220;Onlar\u0131n yapt\u0131klar\u0131 i\u015fe bak\u0131n. Onu \u0130sraillilere sormak laz\u0131m. &#8216;Niye kendinizi bu kadar b\u00f6lgeden ve d\u00fcnyadan d\u0131\u015flat\u0131yorsunuz&#8217; diye onlara sormak laz\u0131m. Kendilerine \u00e7eki d\u00fczen vermeleri laz\u0131m&#8221; ifadeini kulland\u0131.<\/p>\n<p style=\"text-align: justify;\">Cumhurba\u015fkan\u0131 G\u00fcl, bir gazetecinin &#8220;\u0130srail neden bunu yap\u0131yor&#8221; sorusunu &#8220;Alt d\u00fczeyde bir adam\u0131 ben muhatap alacak de\u011filim. Bu i\u015fi d\u00fczeltmesi gereken \u0130srail&#8217;in \u00fcst y\u00f6netimidir&#8221; diye yan\u0131tlad\u0131. G\u00fcl, \u0130srail Cumhurba\u015fkan\u0131 \u015eimon Perez&#8217;le g\u00f6r\u00fc\u015f\u00fcp g\u00f6r\u00fc\u015fmedi\u011fine ili\u015fkin bir soruya da &#8220;Yok&#8221; kar\u015f\u0131l\u0131\u011f\u0131n\u0131 verdi.<\/p>\n<p style=\"text-align: justify;\">\u0130srail D\u0131\u015fi\u015fleri Bakan Yard\u0131mc\u0131s\u0131 Danny Ayalon, d\u00fcn gece yar\u0131s\u0131 bir \u00f6z\u00fcr a\u00e7\u0131klamas\u0131 yapm\u0131\u015f, genel bir ifade kullanarak, &#8220;Amac\u0131n\u0131n el\u00e7ilerin onurlar\u0131yla oynamak olmad\u0131\u011f\u0131n\u0131&#8221; belirtmi\u015f, &#8220;protestosunun T\u00fcrkiye&#8217;nin \u0130srail kar\u015f\u0131t\u0131 sald\u0131r\u0131lar\u0131na y\u00f6nelik oldu\u011funu&#8221; dile getirerek, bundan sonra yabanc\u0131 diplomatlara protestolar\u0131n\u0131 daha diplomatik yollarla ifade edece\u011fini kaydetmi\u015fti.<\/p>\n<p style=\"text-align: justify;\"><span style=\"color: #888888;\">CNN T\u00dcRK<\/span><\/p>\n","protected":false},"excerpt":{"rendered":"<p style=\"text-align: center;\">\n<p style=\"text-align: justify;\">Cumhurba\u015fkan\u0131 Abdullah G\u00fcl, T\u00fcrkiye&#8217;nin Tel Aviv B\u00fcy\u00fckel\u00e7isi O\u011fuz \u00c7elikkol&#8217;a y\u00f6nelik davran\u0131\u015fla ilgili olarak, &#8220;\u0130srail sorumlular\u0131n\u0131n, bizim D\u0131\u015fi\u015fleri Bakanl\u0131\u011f\u0131&#8217;n\u0131n yapt\u0131\u011f\u0131 a\u00e7\u0131klama \u00e7er\u00e7evesinde bu i\u015fi d\u00fczeltmelerini bekliyoruz. Bug\u00fcn ak\u015fama kadar yaparlar yaparlar, yapmazlar ise B\u00fcy\u00fckel\u00e7i yar\u0131n gelir izahat verir. Sabah ilk u\u00e7akla T\u00fcrkiye&#8217;ye gelir, isti\u015farelere ba\u015flar&#8221; dedi. <\/p>\n","protected":false},"author":1,"featured_media":0,"comment_status":"open","ping_status":"closed","sticky":false,"template":"","format":"standard","meta":{"footnotes":""},"categories":[105],"tags":[],"class_list":["post-35964","post","type-post","status-publish","format-standard","hentry","category-gundem","odd"],"_links":{"self":[{"href":"http:\/\/www.korhanyilmaz.com\/index.php?rest_route=\/wp\/v2\/posts\/35964","targetHints":{"allow":["GET"]}}],"collection":[{"href":"http:\/\/www.korhanyilmaz.com\/index.php?rest_route=\/wp\/v2\/posts"}],"about":[{"href":"http:\/\/www.korhanyilmaz.com\/index.php?rest_route=\/wp\/v2\/types\/post"}],"author":[{"embeddable":true,"href":"http:\/\/www.korhanyilmaz.com\/index.php?rest_route=\/wp\/v2\/users\/1"}],"replies":[{"embeddable":true,"href":"http:\/\/www.korhanyilmaz.com\/index.php?rest_route=%2Fwp%2Fv2%2Fcomments&post=35964"}],"version-history":[{"count":0,"href":"http:\/\/www.korhanyilmaz.com\/index.php?rest_route=\/wp\/v2\/posts\/35964\/revisions"}],"wp:attachment":[{"href":"http:\/\/www.korhanyilmaz.com\/index.php?rest_route=%2Fwp%2Fv2%2Fmedia&parent=35964"}],"wp:term":[{"taxonomy":"category","embeddable":true,"href":"http:\/\/www.korhanyilmaz.com\/index.php?rest_route=%2Fwp%2Fv2%2Fcategories&post=35964"},{"taxonomy":"post_tag","embeddable":true,"href":"http:\/\/www.korhanyilmaz.com\/index.php?rest_route=%2Fwp%2Fv2%2Ftags&post=35964"}],"curies":[{"name":"wp","href":"https:\/\/api.w.org\/{rel}","templated":true}]}}