{"id":35947,"date":"2010-01-09T09:29:15","date_gmt":"2010-01-09T07:29:15","guid":{"rendered":"http:\/\/www.korhanyilmaz.com\/?p=17721"},"modified":"2010-01-09T09:29:15","modified_gmt":"2010-01-09T07:29:15","slug":"edirnede-gizli-kamera-skandali-2","status":"publish","type":"post","link":"http:\/\/www.korhanyilmaz.com\/?p=35947","title":{"rendered":"Edirne&#8217;de gizli kamera skandal\u0131"},"content":{"rendered":"<p style=\"text-align: center;\"><a href=\"http:\/\/www.korhanyilmaz.com\/wp-content\/uploads\/2010\/01\/sedefci.jpeg\"  class=\"lightview\"><img loading=\"lazy\" decoding=\"async\" class=\"aligncenter size-full wp-image-17722\" src=\"http:\/\/www.korhanyilmaz.com\/wp-content\/uploads\/2010\/01\/sedefci.jpeg\" alt=\"\" width=\"306\" height=\"204\" \/><\/a><\/p>\n<p style=\"text-align: justify;\">Edirne Belediye Ba\u015fkan\u0131 Sedef\u00e7i&#8217;nin, odas\u0131ndaki televizyonun i\u00e7ine yerle\u015ftirilmi\u015f kamera sistemiyle izlendi\u011fi ortaya \u00e7\u0131kt\u0131. Sedef\u00e7i: Televizyon geldi\u011finde Hanefi Avc\u0131 emniyet m\u00fcd\u00fcr\u00fcyd\u00fc.<\/p>\n<p style=\"text-align: justify;\">Edirne Belediyesi Makine \u0130kmal Bak\u0131m ve Onar\u0131m \u015eefi\u2019nin odas\u0131ndaki oda spreyi s\u0131kma makinesinin i\u00e7inde dinleme cihaz\u0131n\u0131n bulunmas\u0131n\u0131n ard\u0131ndan, \u015fimdi de Edirne Belediye Ba\u015fkan\u0131 Hamdi Sedef\u00e7i\u2019nin odas\u0131ndaki televizyonun i\u00e7inde kamera bulundu.<!--more--><\/p>\n<p style=\"text-align: justify;\">Aral\u0131k 2009\u2019da, Makine \u0130kmal Bak\u0131m ve Onar\u0131m Birimi \u015eefi\u2019nin odas\u0131nda, oda spreyi s\u0131kma makinesinin i\u00e7inde, dinlemede kullan\u0131ld\u0131\u011f\u0131 d\u00fc\u015f\u00fcn\u00fclen bir cihaz bulunmu\u015ftu. Anteni ve seri numaras\u0131 tespit edilen cihaz\u0131, Emniyet M\u00fcd\u00fcrl\u00fc\u011f\u00fc \u2018demirba\u015f\u2019 oldu\u011funu belirterek istemi\u015fti. Bunun \u00fczerine de cihaz yaz\u0131l\u0131 bir tutanakla Emniyet\u2019e teslim edilmi\u015f, belediye yetkilileri savc\u0131l\u0131\u011fa su\u00e7 duyurusunda da bulunmu\u015ftu.<\/p>\n<p style=\"text-align: justify;\">Tam dinleme cihaz\u0131 olay\u0131 unutulmaya ba\u015flanm\u0131\u015fken, Edirne Belediye Ba\u015fkan\u0131 Hamdi Sedef\u00e7i\u2019nin odas\u0131nda bulunan televizyonun i\u00e7inden kamera \u00e7\u0131kt\u0131. Radikal\u2019in sorular\u0131n\u0131 yan\u0131tlayan Sedef\u00e7i, \u015fu bilgileri verdi:<\/p>\n<p style=\"text-align: justify;\">\u201cTelevizyonun 6 ay \u00f6nce ald\u0131k ve odama koyduk. Son 15 g\u00fcnden beri birka\u00e7 kez ar\u0131za yapt\u0131. Ben de fi\u015finden \u00e7ektim ve tamire g\u00f6ndermek isterken, konuyu CHP Genel Ba\u015fkan Yard\u0131mc\u0131s\u0131 Y\u0131lmaz Ate\u015f\u2019le payla\u015ft\u0131m. O d\u00f6nemde Hanefi Avc\u0131, Emniyet M\u00fcd\u00fcr\u00fc olarak g\u00f6rev yap\u0131yordu ilimizde. Konuyu Y\u0131lmaz Ate\u015f\u2019le payla\u015fd\u0131ktan sonra, milletvekili Tacidar Seyhan geldi. Birlikte, noter \u00e7a\u011f\u0131rd\u0131k, Sony yetkili servisi ve bir de bilgisayar uzman\u0131 ile birlikte televizyon a\u00e7\u0131ld\u0131.<\/p>\n<p style=\"text-align: justify;\">Televizyonun i\u00e7inde, izledi\u011fim dijital ve karasal yay\u0131nlar\u0131 bir merkeze aktaran bir cihaz ile dinleme ve g\u00f6r\u00fcnt\u00fc kaydetmeye yarayan bir cihaz bulduk. Yine de tatmin olmad\u0131m ve yine ayn\u0131 marka, ayn\u0131 model bir televizyon getirterek onun da i\u00e7ini a\u00e7t\u0131k. \u0130\u00e7inden s\u00f6z\u00fcn\u00fc etti\u011fim cihazlar\u0131n hi\u00e7biri \u00e7\u0131kmad\u0131.<\/p>\n<p style=\"text-align: justify;\">Bu televizyon geldi\u011fi zaman Emniyet M\u00fcd\u00fcr\u00fc Hanefi Avc\u0131 idi; beni i\u00e7eriye t\u0131kt\u0131ran emniyet m\u00fcd\u00fcr\u00fc&#8230; Duygusal davran\u0131yor olabilirim ama ben bu cihazlar\u0131 onun koydurdu\u011funu d\u00fc\u015f\u00fcn\u00fcyorum. Yani, onun kal\u0131nt\u0131s\u0131. Hanefi Avc\u0131\u2019n\u0131n bu olay\u0131 kan davas\u0131na \u00e7evirdi\u011fini ve pe\u015fini b\u0131rakmad\u0131\u011f\u0131n\u0131 d\u00fc\u015f\u00fcn\u00fcyorum. \u00c7\u00fcnk\u00fc mahkeme lehime i\u015fliyor ve beraatim istendi.\u201d<\/p>\n<p style=\"text-align: justify;\">CHP\u2019li Y\u0131lmaz Ate\u015f AKP\u2019yi su\u00e7larken, \u201cSay\u0131n Ba\u015fbakan ve yard\u0131mc\u0131lar\u0131 ile \u0130\u00e7i\u015fleri Bakan\u0131 oturup Ankara\u2019daki teori komplolar\u0131na k\u0131l\u0131f bulmak yerine, somut olay\u0131n gerek\u00e7elerini T\u00fcrkiye kamuoyuna ve bizlere a\u00e7\u0131klamak durumundad\u0131rlar\u201d dedi.<\/p>\n<p style=\"text-align: justify;\"><strong><em>Seyhan: Nerede depolan\u0131yor<\/em><\/strong><\/p>\n<p style=\"text-align: justify;\">TBMM Telekulak Ara\u015ft\u0131rma Komisyonu \u00dcyesi CHP Adana Milletvekili Tacidar Seyhan ise, \u015funlar\u0131 s\u00f6yledi: \u201cTelevizyonun a\u00e7\u0131k olmas\u0131n\u0131na gerek yok. 220 volt elektrik al\u0131narak hem g\u00f6r\u00fcnt\u00fc kart\u0131na, hem de ses kart\u0131na gidiyor kablolar. VHS sistem, yak\u0131ndan ortam dinlemeye yarayacak bir sistem. Ayr\u0131ca iki tane anten koymu\u015flar. Hem de bu ses buradan ana borda gidiyor ve karasal ve dijital yay\u0131n \u00fczerinden merkezde kaydediliyor. Ayn\u0131 \u015fekilde g\u00f6r\u00fcnt\u00fc de ethernet kablosu \u00fczerinden geliyor ve ana borda aktar\u0131larak bir merkeze gidiyor. Basit bir dinleme ve kamera de\u011fil. Bunun a\u00e7\u0131klanmas\u0131 gereken T\u00fcrkiye\u2019de hangi merkezde depoland\u0131\u011f\u0131d\u0131r.\u201d<\/p>\n<p style=\"text-align: justify;\"><span style=\"color: #888888;\">Radikal<\/span><\/p>\n","protected":false},"excerpt":{"rendered":"<p style=\"text-align: center;\">\n<p style=\"text-align: justify;\">Edirne Belediye Ba\u015fkan\u0131 Sedef\u00e7i&#8217;nin, odas\u0131ndaki televizyonun i\u00e7ine yerle\u015ftirilmi\u015f kamera sistemiyle izlendi\u011fi ortaya \u00e7\u0131kt\u0131. Sedef\u00e7i: Televizyon geldi\u011finde Hanefi Avc\u0131 emniyet m\u00fcd\u00fcr\u00fcyd\u00fc.<\/p>\n<p style=\"text-align: justify;\">Edirne Belediyesi Makine \u0130kmal Bak\u0131m ve Onar\u0131m \u015eefi\u2019nin odas\u0131ndaki oda spreyi s\u0131kma makinesinin i\u00e7inde dinleme cihaz\u0131n\u0131n bulunmas\u0131n\u0131n ard\u0131ndan, \u015fimdi de Edirne Belediye Ba\u015fkan\u0131 Hamdi Sedef\u00e7i\u2019nin odas\u0131ndaki televizyonun i\u00e7inde <\/p>\n","protected":false},"author":1,"featured_media":0,"comment_status":"open","ping_status":"closed","sticky":false,"template":"","format":"standard","meta":{"footnotes":""},"categories":[105],"tags":[],"class_list":["post-35947","post","type-post","status-publish","format-standard","hentry","category-gundem","odd"],"_links":{"self":[{"href":"http:\/\/www.korhanyilmaz.com\/index.php?rest_route=\/wp\/v2\/posts\/35947","targetHints":{"allow":["GET"]}}],"collection":[{"href":"http:\/\/www.korhanyilmaz.com\/index.php?rest_route=\/wp\/v2\/posts"}],"about":[{"href":"http:\/\/www.korhanyilmaz.com\/index.php?rest_route=\/wp\/v2\/types\/post"}],"author":[{"embeddable":true,"href":"http:\/\/www.korhanyilmaz.com\/index.php?rest_route=\/wp\/v2\/users\/1"}],"replies":[{"embeddable":true,"href":"http:\/\/www.korhanyilmaz.com\/index.php?rest_route=%2Fwp%2Fv2%2Fcomments&post=35947"}],"version-history":[{"count":0,"href":"http:\/\/www.korhanyilmaz.com\/index.php?rest_route=\/wp\/v2\/posts\/35947\/revisions"}],"wp:attachment":[{"href":"http:\/\/www.korhanyilmaz.com\/index.php?rest_route=%2Fwp%2Fv2%2Fmedia&parent=35947"}],"wp:term":[{"taxonomy":"category","embeddable":true,"href":"http:\/\/www.korhanyilmaz.com\/index.php?rest_route=%2Fwp%2Fv2%2Fcategories&post=35947"},{"taxonomy":"post_tag","embeddable":true,"href":"http:\/\/www.korhanyilmaz.com\/index.php?rest_route=%2Fwp%2Fv2%2Ftags&post=35947"}],"curies":[{"name":"wp","href":"https:\/\/api.w.org\/{rel}","templated":true}]}}