{"id":35945,"date":"2010-01-08T01:24:48","date_gmt":"2010-01-07T23:24:48","guid":{"rendered":"http:\/\/www.korhanyilmaz.com\/?p=17706"},"modified":"2010-01-08T01:24:48","modified_gmt":"2010-01-07T23:24:48","slug":"canli-bombanin-turk-esi-umarim-sehittir-2","status":"publish","type":"post","link":"http:\/\/www.korhanyilmaz.com\/?p=35945","title":{"rendered":"Canl\u0131 bomban\u0131n T\u00fcrk e\u015fi: &#8220;Umar\u0131m \u015fehittir&#8221;"},"content":{"rendered":"<p style=\"text-align: justify;\"><a href=\"http:\/\/www.korhanyilmaz.com\/wp-content\/uploads\/2010\/01\/defne_bayrak.jpg\"  class=\"lightview\"><img loading=\"lazy\" decoding=\"async\" class=\"alignleft size-full wp-image-17707\" style=\"margin-left: 10px; margin-right: 10px;\" src=\"http:\/\/www.korhanyilmaz.com\/wp-content\/uploads\/2010\/01\/defne_bayrak.jpg\" alt=\"\" width=\"175\" height=\"207\" \/><\/a>Afganistan&#8217;da 7 CIA g\u00f6revlisi ile bir \u00dcrd\u00fcn&#8217;l\u00fc ajan\u0131n \u00f6ld\u00fc\u011f\u00fc intihar sald\u0131r\u0131s\u0131n\u0131 ger\u00e7ekle\u015ftiren \u00dcrd\u00fcn do\u011fumlu Humam Halil Abu Mulal El Balavi&#8217;nin e\u015fi bug\u00fcn kameralar kar\u015f\u0131s\u0131ndayd\u0131. Hayli sinirli oldu\u011fu g\u00f6zlenen Defne Bayrak e\u015finin b\u00f6yle bir eylemi yapmas\u0131na de\u011fil de, CIA ile bir ili\u015fkisi oldu\u011fu iddialar\u0131na daha \u00e7ok \u015fa\u015f\u0131rd\u0131\u011f\u0131n\u0131 s\u00f6yledi. Bayrak, e\u015fi i\u00e7in &#8220;Umar\u0131m \u015fehit olmu\u015ftur&#8221; diyerek son temennisinde de bulundu. \u0130stanbul Emniyet M\u00fcd\u00fcrl\u00fc\u011f\u00fc ise Defne Bayrak&#8217;\u0131n ifadesine ba\u015fvurdu. <!--more--><\/p>\n<p style=\"text-align: justify;\">Bayrak, Fatih&#8217;te gazetecilere yapt\u0131\u011f\u0131 a\u00e7\u0131klamada, 2002 y\u0131l\u0131nda yerle\u015ftikleri \u00dcrd\u00fcn&#8217;de e\u015fi El Balavi&#8217;nin bir hastanede doktor oldu\u011funu, kendisinin de T\u00fcrkiye&#8217;de baz\u0131 bas\u0131n-yay\u0131n kurulu\u015flar\u0131na \u00e7eviri yapt\u0131\u011f\u0131n\u0131 s\u00f6yledi.<\/p>\n<p style=\"text-align: justify;\">\u00dcrd\u00fcn&#8217;de s\u0131radan bir ya\u015fant\u0131lar\u0131n\u0131n oldu\u011funu ifade eden Bayrak, e\u015finin &#8220;evden i\u015fe, i\u015ften eve giden biri&#8221; oldu\u011funu ve d\u0131\u015far\u0131yla pek alakas\u0131n\u0131n bulunmad\u0131\u011f\u0131n\u0131 belirtti.<\/p>\n<p style=\"text-align: justify;\">&#8220;E\u015finin g\u00f6zalt\u0131na al\u0131nd\u0131\u011f\u0131nda \u00dcrd\u00fcn istihbarat\u0131yla anla\u015ft\u0131\u011f\u0131, daha sonra Afganistan&#8217;a g\u00f6nderildi\u011fi&#8221; iddialar\u0131n\u0131n hat\u0131rlat\u0131lmas\u0131 \u00fczerine Bayrak, &#8220;Ge\u00e7en y\u0131l 19 Ocakta, \u00dcrd\u00fcn istihbarat g\u00f6revlileri evimize geldi. Yakla\u015f\u0131k 20 ki\u015fiydiler. Daha sonra e\u015fimi ve evdeki bilgisayar\u0131 ald\u0131lar. E\u015fim, genellikle bilgisayarla forumlara yaz\u0131lar yazan biriydi. Bunun i\u00e7in san\u0131r\u0131m bilgisayar\u0131 da ald\u0131lar. \u00dc\u00e7 g\u00fcn g\u00f6zalt\u0131nda kald\u0131ktan sonra serbest b\u0131rak\u0131ld\u0131. Ge\u00e7en y\u0131l 18 Martta da Pakistan&#8217;a gitti. Bize e\u011fitim ama\u00e7l\u0131 gitti\u011fini, cerrahi b\u00f6l\u00fcm\u00fc \u00e7ok iyi oldu\u011fu i\u00e7in t\u0131pta uzmanl\u0131k e\u011fitimini orada alaca\u011f\u0131n\u0131 s\u00f6ylemi\u015fti. Oraya gittikten k\u0131sa bir s\u00fcre sonra \u00e7al\u0131\u015fmaya ba\u015flad\u0131. Bana bir s\u00fcre orada \u00e7al\u0131\u015faca\u011f\u0131n\u0131 s\u00f6ylemi\u015fti. &#8216;Bakaca\u011f\u0131m, deneyece\u011fim olursa sizi de \u00e7a\u011f\u0131raca\u011f\u0131m&#8217; dedi. Bir m\u00fcddet b\u00f6yle ge\u00e7ti&#8221; dedi.<\/p>\n<p style=\"text-align: justify;\">S\u00f6z konusu olay\u0131, kendisine e\u015finin bir arkada\u015f\u0131n\u0131n telefon a\u00e7arak s\u00f6yledi\u011fini ifade eden Defne Bayrak, \u00e7ocuklar\u0131 evde oldu\u011fu i\u00e7in duygular\u0131n\u0131 fazla belli edemedi\u011fini belirterek, &#8220;\u00dczerimde \u015fokla kar\u0131\u015f\u0131k bir bask\u0131 duydum. Arayan ki\u015fi sab\u0131rl\u0131 olmam\u0131 tavsiye etti. Sonra, e\u015fimin vasiyetini ve mektubunu g\u00f6nderece\u011fini s\u00f6yledi&#8221; dedi.<\/p>\n<p style=\"text-align: justify;\"><strong><em>T\u00fcrk vatanda\u015fl\u0131\u011f\u0131na ge\u00e7ecekti <\/em><\/strong><\/p>\n<p style=\"text-align: justify;\">Gazetecilerin, e\u015fiyle yapt\u0131\u011f\u0131 son g\u00f6r\u00fc\u015fmede nelerin konu\u015fuldu\u011funu sormas\u0131 \u00fczerine Bayrak, &#8220;Beni en son arad\u0131\u011f\u0131 telefon numaras\u0131 Pakistan numaras\u0131yd\u0131. Olay zaten Pakistan s\u0131n\u0131r\u0131nda olmu\u015f. Belki son anda ge\u00e7mi\u015ftir Afganistan&#8217;a. Telefonla g\u00f6r\u00fc\u015ft\u00fc\u011f\u00fcm\u00fczde, s\u00fcrekli T\u00fcrkiye&#8217;ye gelece\u011finden bahsediyordu. Pakistan&#8217;da okumaktan vazge\u00e7ti\u011fini s\u00f6yl\u00fcyordu. Burada uzmanl\u0131k yapmak istiyordu. Biliyorsunuz \u00c7apa mezunu kendisi. O y\u00fczden bana &#8216;T\u00fcrkiye&#8217;ye gidin. Ben de arkan\u0131zdan gelece\u011fim&#8217; mesaj\u0131 yollad\u0131. O niyetle geldik T\u00fcrkiye&#8217;ye. E\u015fim kesin olarak T\u00fcrkiye&#8217;ye gelecek ve burada t\u0131pta uzmanl\u0131k e\u011fitimini alaca\u011f\u0131 havas\u0131na girmi\u015ftik. Geldik buraya yerle\u015ftik. Ayr\u0131ca e\u015fim T\u00fcrk vatanda\u015fl\u0131\u011f\u0131na ge\u00e7ece\u011fini de s\u00f6yl\u00fcyordu&#8221; cevab\u0131n\u0131 verdi.<\/p>\n<p style=\"text-align: justify;\">&#8220;Size ve \u00e7ocuklar\u0131n\u0131za kar\u015f\u0131 nas\u0131l biriydi, \u015fiddet e\u011filimi var m\u0131yd\u0131?&#8221; sorusuna Bayrak, &#8220;Yok, aksine \u00e7ok \u015fefkatli bir insand\u0131 diyebilirim. Ailesine akrabalar\u0131na \u00e7ok d\u00fc\u015fk\u00fcnd\u00fc. Annesine, babas\u0131na da \u00e7ok d\u00fc\u015fk\u00fcnd\u00fc. \u00d6yle \u015fiddet e\u011fitilimli bir tavr\u0131 bize kar\u015f\u0131 olmad\u0131&#8221; dedi.<\/p>\n<p style=\"text-align: justify;\"><strong><em>&#8220;\u015eehitse Allah kabul etsin&#8221; <\/em><\/strong><\/p>\n<p style=\"text-align: justify;\">&#8220;E\u015finizin b\u00f6yle bir eylemde bulanabilece\u011fini tahmin edebilir miydiniz? \u015eu an neler hissediyorsunuz?&#8221; sorusuna Bayrak, &#8220;E\u015fimin e\u011filimlerini bilen biriydim, ama b\u00f6yle bir eylem yapaca\u011f\u0131n\u0131 bilmiyordum. Hatta ilk haberini ald\u0131\u011f\u0131mda \u00e7ok \u015fa\u015f\u0131rd\u0131m. \u00c7\u00fcnk\u00fc s\u00fcrekli &#8216;Gelece\u011fim, gelece\u011fim&#8217; diyordu bize. Ama yapm\u0131\u015f, \u00e7\u00fcnk\u00fc inanan bir insand\u0131. Orada ne \u015fekilde buna karar verdi bilemiyorum. E\u015fimle gurur duyuyorum. B\u00f6yle bir sava\u015fta \u00e7ok b\u00fcy\u00fck bir operasyon ger\u00e7ekle\u015ftirdi. \u0130n\u015fallah \u015fehitse Allah \u015fahadetini kabul etsin.&#8221;<\/p>\n<p style=\"text-align: justify;\">Defne Bayrak, &#8220;Hem \u00dcrd\u00fcn istihbarat\u0131na ve CIA&#8217;ye, hem de El Kaide&#8217;ye \u00e7al\u0131\u015ft\u0131\u011f\u0131 s\u00f6yleniyor. Bu iddialara ne diyeceksiniz?&#8221; sorusu \u00fczerine de &#8220;Bu konuyu ben bas\u0131ndan \u00f6\u011frendim. Bilgi d\u0131\u015f\u0131nda \u015fu tahmini y\u00fcr\u00fctebilirim: E\u015fim zaten cihad\u0131 forumlarda yazan bir insand\u0131. O y\u00fczden o insanlara kat\u0131lmas\u0131 garipsenemeyecek bir \u015fey. Ne olursa olsun. Hani belki oraya, okuma veya \u00e7al\u0131\u015fma niyetiyle gitti. Belki orada ortam\u0131 g\u00f6r\u00fcnce fikrini de\u011fi\u015ftirmi\u015f de olabilir. O konuda bir bilgim yok. Ama \u00dcrd\u00fcn istihbarat\u0131n\u0131n olayla ilgisi varsa da, o \u00fc\u00e7 g\u00fcnl\u00fck g\u00f6zalt\u0131 s\u00fcrecinde bir olay geli\u015fmi\u015fse de, zannederim e\u015fim onlar\u0131 kullanmak istedi. Kullanm\u0131\u015f da oldu a\u00e7\u0131k\u00e7as\u0131. E\u015fimin ajan oldu\u011funa ihtimal vermiyorum. \u00c7\u00fcnk\u00fc e\u015fim ajan olmayacak kadar Amerikan d\u00fc\u015fman\u0131 bir ki\u015fiydi. E\u015fim ancak Amerika&#8217;y\u0131 ve \u00dcrd\u00fcn&#8217;\u00fc kullanm\u0131\u015f olabilir.&#8221;<\/p>\n<p style=\"text-align: justify;\">E\u015finin ailesiyle olaydan sonra g\u00f6r\u00fc\u015f\u00fcp g\u00f6r\u00fc\u015fmedi\u011finin sorulmas\u0131 \u00fczerine Bayrak, &#8220;Maalesef oras\u0131 da istihbarat\u0131n s\u0131k\u0131 ablukas\u0131 alt\u0131nda. Yaln\u0131z kay\u0131n babamla bir kez g\u00f6r\u00fc\u015ft\u00fcm. Daha sonra gazeteden kay\u0131n babam\u0131n sorguya \u00e7ekildi\u011fini ve e\u015fimin karde\u015finin tutukland\u0131\u011f\u0131n\u0131 \u00f6\u011frendim. Zaten \u015fu an i\u00e7in aramamaya karar verdim. Orada hem evin \u00e7evresinin, hem de bize en yak\u0131n caminin \u00e7evresinin istihbarat taraf\u0131ndan s\u0131k\u0131 g\u00f6zetim alt\u0131na al\u0131nd\u0131\u011f\u0131n\u0131 ve kimseyle g\u00f6r\u00fc\u015fmelerine izin verilmedi\u011fini \u00f6\u011frendim&#8221; diye konu\u015ftu.<\/p>\n<p style=\"text-align: justify;\">&#8220;Can g\u00fcvenli\u011fi konusunda endi\u015feniz var m\u0131?&#8221; sorusuna Bayrak, &#8220;Can g\u00fcvenli\u011fi a\u00e7\u0131s\u0131ndan bir endi\u015fe duymuyorum \u015fu an. Yani olay\u0131 e\u015fim yapm\u0131\u015f, bundan utanm\u0131yorum da. E\u015fim \u00e7\u00fcnk\u00fc neticede Amerikan i\u015fgaline kar\u015f\u0131 bunu yapm\u0131\u015ft\u0131r. Bana ne zarar verebilir ki?&#8221; yan\u0131t\u0131n\u0131 verdi.<\/p>\n<p style=\"text-align: justify;\"><strong><em>\u00c7ocuklar\u0131 bilmiyor <\/em><\/strong><\/p>\n<p style=\"text-align: justify;\">&#8220;\u00c7ocuklar\u0131n\u0131z babalar\u0131n\u0131 soruyorlar m\u0131 ve siz de \u00f6zlediniz mi?&#8221; sorusuna ise Bayrak, &#8220;Muhakkak \u00f6zleyece\u011fim. \u00c7ocuklar\u0131m da tabii soruyorlar. \u015eu an i\u00e7in onlara olay\u0131 s\u00f6ylemeyi d\u00fc\u015f\u00fcnm\u00fcyorum. Biraz b\u00fcy\u00fcmelerini bekleyece\u011fim. E\u011fer f\u0131rsat bulabilirsem, e\u011fer medyadan veya ba\u015fka bir yerden \u00f6\u011frenmezlerse b\u00fcy\u00fcmelerini beklemek istiyorum&#8221; dedi.<\/p>\n<p style=\"text-align: justify;\">Defne Bayrak, bundan sonra medyan\u0131n kar\u015f\u0131s\u0131na \u00e7\u0131kmak istemedi\u011fini, buna da herkesin sayg\u0131l\u0131 olmas\u0131 gerekti\u011fini s\u00f6zlerine ekledi.<\/p>\n<p style=\"text-align: justify;\">Emniyetin verdi\u011fi bilgiye g\u00f6re, 31 Aral\u0131k&#8217;ta Afganistan&#8217;daki CIA \u00fcss\u00fcne intihar sald\u0131r\u0131s\u0131 d\u00fczenleyen ve &#8220;Humam Halil Abu Mulal El Balavi&#8221; olarak bilinen ki\u015fi, T\u00fcrkiye&#8217;ye giri\u015f ve \u00e7\u0131k\u0131\u015flar\u0131nda &#8220;Homam Khaleel Mohammad Abumallal&#8221; ad\u0131na d\u00fczenlenen \u00dcrd\u00fcn pasaportu kullan\u0131yordu.<\/p>\n<p style=\"text-align: justify;\">Canl\u0131 bomban\u0131n T\u00fcrkiye&#8217;de Defne Bayrak olarak bilinen e\u015fi de &#8220;Defne Mohammad Abumallal&#8221; ad\u0131na kay\u0131tl\u0131 pasaport ta\u015f\u0131yor.<\/p>\n<p style=\"text-align: justify;\"><strong><em>Emniyette ifade verdi <\/em><\/strong><\/p>\n<p style=\"text-align: justify;\">Bu arada Afganistan&#8217;daki CIA \u00fcss\u00fcne sald\u0131r\u0131 d\u00fczenleyen &#8220;canl\u0131 bomba&#8221;n\u0131n T\u00fcrk e\u015finin, \u0130stanbul Emniyet M\u00fcd\u00fcrl\u00fc\u011f\u00fc&#8217;nde ifadesine ba\u015fvuruldu.<\/p>\n<p style=\"text-align: justify;\">\u0130stanbul Emniyet M\u00fcd\u00fcrl\u00fc\u011f\u00fc&#8217;nden yap\u0131lan yaz\u0131l\u0131 a\u00e7\u0131klamaya g\u00f6re &#8220;Defne Bayrak,\u0130stanbul Cumhuriyet Ba\u015fsavc\u0131l\u0131\u011f\u0131&#8217;n\u0131n konuyla ilgili olarak bilgisine ba\u015fvurulmas\u0131 \u015feklindeki talebi do\u011frultusunda saat 18.00 s\u0131ralar\u0131nda davet edildi\u011fi m\u00fcd\u00fcrl\u00fc\u011f\u00fcm\u00fcze gelmi\u015f olup, m\u00fcd\u00fcrl\u00fc\u011f\u00fcm\u00fcz g\u00f6revlilerince bilgisine ba\u015fvurulmas\u0131 sonras\u0131nda saat 22.45  itibariyle ayr\u0131lm\u0131\u015ft\u0131r. Konuyla ili\u015fkin baz\u0131 medya organlar\u0131nda yer alan spek\u00fclatif haberler ger\u00e7e\u011fi yans\u0131tmamaktad\u0131r&#8221; denildi.<\/p>\n<p style=\"text-align: justify;\">Defne Bayrak , 18.00 s\u0131ralar\u0131nda \u0130stanbul Emniyet M\u00fcd\u00fcrl\u00fc\u011f\u00fc&#8217;ne gelmi\u015fti.<\/p>\n<p style=\"text-align: justify;\">Yan kap\u0131dan gizlice giren Bayrak, ifadesinin ard\u0131ndan yine gazetecilere g\u00f6r\u00fcnmeden yan kap\u0131dan ayr\u0131ld\u0131. Bu arada Bayrak&#8217;\u0131n 5  saate yak\u0131n s\u00fcren ifade al\u0131nma i\u015flemi s\u0131ras\u0131nda g\u00f6revli polislerin emniyete yemek getirdi\u011fi g\u00f6r\u00fcld\u00fc.<\/p>\n<p style=\"text-align: justify;\"><span style=\"color: #888888;\">CNN T\u00dcRK<\/span><\/p>\n","protected":false},"excerpt":{"rendered":"<p style=\"text-align: justify;\">Afganistan&#8217;da 7 CIA g\u00f6revlisi ile bir \u00dcrd\u00fcn&#8217;l\u00fc ajan\u0131n \u00f6ld\u00fc\u011f\u00fc intihar sald\u0131r\u0131s\u0131n\u0131 ger\u00e7ekle\u015ftiren \u00dcrd\u00fcn do\u011fumlu Humam Halil Abu Mulal El Balavi&#8217;nin e\u015fi bug\u00fcn kameralar kar\u015f\u0131s\u0131ndayd\u0131. Hayli sinirli oldu\u011fu g\u00f6zlenen Defne Bayrak e\u015finin b\u00f6yle bir eylemi yapmas\u0131na de\u011fil de, CIA ile bir ili\u015fkisi oldu\u011fu iddialar\u0131na daha \u00e7ok \u015fa\u015f\u0131rd\u0131\u011f\u0131n\u0131 s\u00f6yledi. Bayrak, e\u015fi i\u00e7in &#8220;Umar\u0131m \u015fehit olmu\u015ftur&#8221; <\/p>\n","protected":false},"author":1,"featured_media":0,"comment_status":"open","ping_status":"closed","sticky":false,"template":"","format":"standard","meta":{"footnotes":""},"categories":[105],"tags":[],"class_list":["post-35945","post","type-post","status-publish","format-standard","hentry","category-gundem","odd"],"_links":{"self":[{"href":"http:\/\/www.korhanyilmaz.com\/index.php?rest_route=\/wp\/v2\/posts\/35945","targetHints":{"allow":["GET"]}}],"collection":[{"href":"http:\/\/www.korhanyilmaz.com\/index.php?rest_route=\/wp\/v2\/posts"}],"about":[{"href":"http:\/\/www.korhanyilmaz.com\/index.php?rest_route=\/wp\/v2\/types\/post"}],"author":[{"embeddable":true,"href":"http:\/\/www.korhanyilmaz.com\/index.php?rest_route=\/wp\/v2\/users\/1"}],"replies":[{"embeddable":true,"href":"http:\/\/www.korhanyilmaz.com\/index.php?rest_route=%2Fwp%2Fv2%2Fcomments&post=35945"}],"version-history":[{"count":0,"href":"http:\/\/www.korhanyilmaz.com\/index.php?rest_route=\/wp\/v2\/posts\/35945\/revisions"}],"wp:attachment":[{"href":"http:\/\/www.korhanyilmaz.com\/index.php?rest_route=%2Fwp%2Fv2%2Fmedia&parent=35945"}],"wp:term":[{"taxonomy":"category","embeddable":true,"href":"http:\/\/www.korhanyilmaz.com\/index.php?rest_route=%2Fwp%2Fv2%2Fcategories&post=35945"},{"taxonomy":"post_tag","embeddable":true,"href":"http:\/\/www.korhanyilmaz.com\/index.php?rest_route=%2Fwp%2Fv2%2Ftags&post=35945"}],"curies":[{"name":"wp","href":"https:\/\/api.w.org\/{rel}","templated":true}]}}