{"id":3594,"date":"2009-02-24T15:08:30","date_gmt":"2009-02-24T13:08:30","guid":{"rendered":"http:\/\/www.korhanyilmaz.com\/?p=3594"},"modified":"2009-02-24T15:08:30","modified_gmt":"2009-02-24T13:08:30","slug":"hedef-yine-basin","status":"publish","type":"post","link":"http:\/\/www.korhanyilmaz.com\/?p=3594","title":{"rendered":"Hedef yine bas\u0131n!"},"content":{"rendered":"<p style=\"text-align: center;\"><img loading=\"lazy\" decoding=\"async\" class=\"aligncenter size-full wp-image-3595\" title=\"Erdo\u011fan yine Ayd\u0131n Do\u011fan'\u0131 hedef ald\u0131...\" src=\"http:\/\/www.korhanyilmaz.com\/wp-content\/uploads\/2009\/02\/250220090440575218441.jpg\" alt=\"Erdo\u011fan yine Ayd\u0131n Do\u011fan'\u0131 hedef ald\u0131...\" width=\"376\" height=\"240\" \/><\/p>\n<p style=\"text-align: justify;\"><strong>\u0130\u015fte konu\u015fmas\u0131ndan sat\u0131r ba\u015flar\u0131:<\/strong><\/p>\n<p style=\"text-align: justify;\"><strong>&#8220;SANDIK C\u0130N\u0130 BUNLAR&#8221;<\/strong><\/p>\n<p style=\"text-align: justify;\">29 Mart&#8217;ta bir kez daha bunlara derslerini vereceksiniz. Bir kez daha sand\u0131\u011fa kilitleyeceksiniz. Hani Alaaddin&#8217;in lambas\u0131 vard\u0131r i\u00e7inden cin \u00e7\u0131kar ya bunlar da sand\u0131k cini olmu\u015flar.<\/p>\n<p style=\"text-align: justify;\">Masallardaki gibi dile benden ne dilersen diyorlar? Kim size ben g\u00f6kteki y\u0131ld\u0131zlar\u0131 sayar\u0131m diyorsa, inan\u0131l\u0131r m\u0131? Bunlar da b\u00f6yle. &#8211; Kaf Da\u011f\u0131&#8217;n\u0131n alt\u0131ndaki sahte cenneti vaat ediyorlar. Onlara buradan Yozgat&#8217;tan sesleniyorum. Medyadan k\u0131lavuz olmaz. K\u0131lavuzu karga olan\u0131n&#8230; Medyaya aldanma. 29 Mart&#8217;a kadar man\u015feti medya yazar, ama son man\u015feti benim Bozok yaylas\u0131&#8217;n\u0131n evlatlar\u0131 yazacak.<!--more--><\/p>\n<p style=\"text-align: justify;\">Gel Baykal Yozgat meydan\u0131ndan T\u00fcrkiye&#8217;ye bakta g\u00f6reyim seni.<\/p>\n<p style=\"text-align: justify;\">&#8211; Bug\u00fcn se\u00e7ime 32 g\u00fcn kald\u0131. Yozgat 16. mitingi yaz\u0131yor burada. Ama bunlar daha meydanlara \u00e7\u0131kamad\u0131lar. Baykal kapal\u0131 salonlarda dola\u015f\u0131yor. Odas\u0131nda dola\u015f\u0131yor. Ama biz kar tipi demeden meydanlarda dola\u015f\u0131yoruz.<\/p>\n<p style=\"text-align: justify;\"><strong>Erdo\u011fan bu kez &#8216;d\u0131\u015f bas\u0131na&#8217; da k\u0131zd\u0131! <\/strong><\/p>\n<p style=\"text-align: justify;\">Ba\u015fbakan Erdo\u011fan, partisinin d\u00fcn Yozgat&#8217;ta d\u00fczenledi\u011fi mitingte muhalefete ve medyaya y\u00fcklendi. Konu\u015fmas\u0131nda Erdo\u011fan, Do\u011fan Yay\u0131n Holding&#8217;e d\u00fcnya bas\u0131n tarihinde g\u00f6r\u00fclmemi\u015f haks\u0131z vergi cezas\u0131n\u0131n uluslararas\u0131 bas\u0131ndaki yank\u0131lar\u0131ndan rahats\u0131zl\u0131\u011f\u0131n\u0131 ortaya koydu. D\u00fcnyan\u0131n en etkili finans gazetelerinden The Wall Street Journal&#8217;da konuya ili\u015fkin yorum ve haberlerle Ayd\u0131n Do\u011fan&#8217;\u0131n r\u00f6portaj\u0131n\u0131n yer almas\u0131na sinirlenen Erdo\u011fan, \u015f\u00f6yle dedi:<\/p>\n<p style=\"text-align: justify;\">* Buradan Say\u0131n Do\u011fan&#8217;a da sesleniyorum. Amerikan gazetelerinden bir tanesine a\u00e7\u0131klama yap\u0131yor. &#8216;Ba\u015fbakan\u0131n \u00e7ocuklar\u0131yla ilgili haberlerimizden rahats\u0131z oldu\u011fu i\u00e7in bunlar\u0131 koyma dedi. Biz de reddetti\u011fimiz i\u00e7in bundan dolay\u0131 bize bunlar\u0131 yapt\u0131&#8217; diyor. Say\u0131n Do\u011fan, \u00f6nce kendine gel. Bu Ba\u015fbakan \u00f6yle k\u00fc\u00e7\u00fck d\u00fc\u015f\u00fcnen bir Ba\u015fbakan de\u011fil. Bu Ba\u015fbakan T\u00fcrkiye&#8217;nin \u015fan\u0131na yak\u0131\u015fan Ba\u015fbakan. \u00c7\u00fcnk\u00fc sizler kar\u015f\u0131n\u0131zda el pen\u00e7e divan duran ba\u015fbakanlara al\u0131\u015fm\u0131\u015ft\u0131n\u0131z. \u00c7\u00fcnk\u00fc sizler \u0130kitelli&#8217;den, Bab\u0131ali&#8217;den iktidarlar\u0131 y\u00f6netmeye al\u0131\u015fm\u0131\u015ft\u0131n\u0131z. Maliye Bakanl\u0131\u011f\u0131&#8217;n\u0131n size y\u00f6nelik yapm\u0131\u015f oldu\u011fu rutin bir incelemeden ni\u00e7in rahats\u0131z oluyorsunuz? Mahkemeye bile gitmediniz, uzla\u015fmaya gittiniz. Uzla\u015fmada da 200 trilyonu a\u015fk\u0131n ceza \u00f6dediniz. Say\u0131n Do\u011fan&#8217;a dedim ki &#8216;Bak, belden a\u015fa\u011f\u0131 vurmay\u0131n. \u00c7ocuklar\u0131m\u0131z\u0131, ailelerimizi, mahremimizi yalan yanl\u0131\u015f haberlerle gelip de gazetelerinize basmay\u0131n.&#8217; Te\u015fkilat\u0131ma bir sivil inisiyatif olarak &#8216;\u015fu gazete&#8217; demedim; &#8216;Yalan yanl\u0131\u015f haber yapan gazeteleri boykot edin almay\u0131n&#8217; dedim. \u015eimdi bu medya grubunun avukatl\u0131\u011f\u0131n\u0131 kim yap\u0131yor? Baykal yap\u0131yor. Peki bu medya grubu ne yap\u0131yor? O da Baykal&#8217;\u0131n, CHP&#8217;nin ta\u015feronlu\u011funu yap\u0131yor.<\/p>\n<p style=\"text-align: justify;\">* Yozgat&#8217;\u0131n anlaml\u0131 bir t\u00fcrk\u00fcs\u00fc var, &#8216;Dersini alm\u0131\u015f da ediyor ezber&#8217; Bunlar son 3 se\u00e7imde derslerini ald\u0131lar, ama ezberleyemediler. 29 Mart&#8217;ta bir kez daha bunlara derslerini vereceksiniz. Medyaya aldanma. 29 Mart&#8217;a kadar man\u015feti medya yazar ama 29 Mart&#8217;ta son man\u015feti bu millet atacak.<\/p>\n<p style=\"text-align: justify;\"><strong>BAH\u00c7EL\u0130 N\u0130YE KA\u00c7TIN?<\/strong><\/p>\n<p style=\"text-align: justify;\">Say\u0131n Bah\u00e7eli T\u00fcrkiye 5 y\u0131ll\u0131\u011f\u0131na iktidar g\u00f6revi verdi mi? 3.5 y\u0131l iktidar olabildiler. 3.5 y\u0131l\u0131n sonunda b\u0131rak\u0131p ka\u00e7t\u0131lar m\u0131? Niye ka\u00e7t\u0131n Bah\u00e7eli kalsayd\u0131n ya&#8230;<\/p>\n<p style=\"text-align: justify;\">Y\u00fczde 65 kamu net bor\u00e7 stoku o zaman olu\u015fmu\u015ftu. \u015eimdi y\u00fczde 64&#8217;t\u00fc, \u015fimdi y\u00fczde 25&#8217;e d\u00fc\u015ft\u00fc. Yani onlar\u0131n d\u00f6neminde 100 liran\u0131n 65 liras\u0131 bor\u00e7tu, \u015fimdi ise 25 liras\u0131 bor\u00e7.<\/p>\n<p style=\"text-align: justify;\">Devletin bor\u00e7lanma faizi y\u00fczde 63&#8217;t\u00fc, \u015fimdi 11.5&#8217;e d\u00fc\u015ft\u00fc. Enflasyon onlar\u0131n d\u00f6neminde y\u00fczde 30&#8217;du. \u015eimdi 9.5 oldu. Bu enflasyon senin cebindeki paray\u0131 al\u0131p g\u00f6t\u00fcr\u00fcyordu.<br \/>\nMHP&#8217;nin CHP&#8217;nin T\u00fcrkiye&#8217;si art\u0131k \u00e7ok gerilerde kald\u0131. D\u00fcnyada 152 \u00fclken\u0130Nn deste\u011fini alarak, BM G\u00fcvenlik Konseyi&#8217;nin \u00fcyesi olduk, 41 y\u0131l aradan sonra. Bizden \u00f6ncekiler neden bunu yapamad\u0131?\n<\/p>\n<p style=\"text-align: justify;\"><span style=\"color: #888888;\">Kaynak : Vatan Gazetesi<\/span><\/p>\n","protected":false},"excerpt":{"rendered":"<p style=\"text-align: center;\">\n<p style=\"text-align: justify;\">\u0130\u015fte konu\u015fmas\u0131ndan sat\u0131r ba\u015flar\u0131:<\/p>\n<p style=\"text-align: justify;\">&#8220;SANDIK C\u0130N\u0130 BUNLAR&#8221;<\/p>\n<p style=\"text-align: justify;\">29 Mart&#8217;ta bir kez daha bunlara derslerini vereceksiniz. Bir kez daha sand\u0131\u011fa kilitleyeceksiniz. Hani Alaaddin&#8217;in lambas\u0131 vard\u0131r i\u00e7inden cin \u00e7\u0131kar ya bunlar da sand\u0131k cini olmu\u015flar.<\/p>\n<p style=\"text-align: justify;\">Masallardaki gibi dile benden ne dilersen diyorlar? Kim size ben g\u00f6kteki <\/p>\n","protected":false},"author":1,"featured_media":0,"comment_status":"open","ping_status":"closed","sticky":false,"template":"","format":"standard","meta":{"footnotes":""},"categories":[105],"tags":[],"class_list":["post-3594","post","type-post","status-publish","format-standard","hentry","category-gundem","odd"],"_links":{"self":[{"href":"http:\/\/www.korhanyilmaz.com\/index.php?rest_route=\/wp\/v2\/posts\/3594","targetHints":{"allow":["GET"]}}],"collection":[{"href":"http:\/\/www.korhanyilmaz.com\/index.php?rest_route=\/wp\/v2\/posts"}],"about":[{"href":"http:\/\/www.korhanyilmaz.com\/index.php?rest_route=\/wp\/v2\/types\/post"}],"author":[{"embeddable":true,"href":"http:\/\/www.korhanyilmaz.com\/index.php?rest_route=\/wp\/v2\/users\/1"}],"replies":[{"embeddable":true,"href":"http:\/\/www.korhanyilmaz.com\/index.php?rest_route=%2Fwp%2Fv2%2Fcomments&post=3594"}],"version-history":[{"count":0,"href":"http:\/\/www.korhanyilmaz.com\/index.php?rest_route=\/wp\/v2\/posts\/3594\/revisions"}],"wp:attachment":[{"href":"http:\/\/www.korhanyilmaz.com\/index.php?rest_route=%2Fwp%2Fv2%2Fmedia&parent=3594"}],"wp:term":[{"taxonomy":"category","embeddable":true,"href":"http:\/\/www.korhanyilmaz.com\/index.php?rest_route=%2Fwp%2Fv2%2Fcategories&post=3594"},{"taxonomy":"post_tag","embeddable":true,"href":"http:\/\/www.korhanyilmaz.com\/index.php?rest_route=%2Fwp%2Fv2%2Ftags&post=3594"}],"curies":[{"name":"wp","href":"https:\/\/api.w.org\/{rel}","templated":true}]}}