{"id":35936,"date":"2011-07-08T08:52:18","date_gmt":"2011-07-08T05:52:18","guid":{"rendered":"http:\/\/www.korhanyilmaz.com\/?p=35614"},"modified":"2011-07-09T23:37:39","modified_gmt":"2011-07-09T23:37:39","slug":"kilicdaroglu-yemine-kadar-maas-almayalim","status":"publish","type":"post","link":"http:\/\/www.korhanyilmaz.com\/?p=35936","title":{"rendered":"K\u0131l\u0131\u00e7daro\u011flu: Yemine kadar maa\u015f almayal\u0131m"},"content":{"rendered":"<p style=\"text-align: center;\"><a href=\"http:\/\/www.korhanyilmaz.com\/wp-content\/uploads\/2011\/07\/1008.jpeg\"  class=\"lightview\"><img loading=\"lazy\" decoding=\"async\" class=\"aligncenter size-full wp-image-35615\" src=\"http:\/\/www.korhanyilmaz.com\/wp-content\/uploads\/2011\/07\/1008.jpeg\" alt=\"\" width=\"384\" height=\"254\" \/><\/a><\/p>\n<p style=\"text-align: justify;\">Yemin krizinin \u00e7\u00f6z\u00fcm\u00fc i\u00e7in Meclis Ba\u015fkan\u0131 Cemil \u00c7i\u00e7ek&#8217;le g\u00f6r\u00fc\u015fen CHP lideri Kemal K\u0131l\u0131\u00e7daro\u011flu&#8217;nun, yemin edilene kadar milletvekili maa\u015flar\u0131n\u0131n kendilerine \u00f6denmemesini istedi\u011fi \u00f6\u011frenildi.<\/p>\n<p style=\"text-align: justify;\">ANKARA &#8211; Yemin krizinin \u00e7\u00f6z\u00fcm\u00fc konusunda d\u00fcn TBMM\u2019de \u00f6nemli bir bulu\u015fma ger\u00e7ekle\u015fti. CHP Genel Ba\u015fkan\u0131 Kemal K\u0131l\u0131\u00e7daro\u011flu ile Meclis Ba\u015fkan\u0131 Cemil \u00c7i\u00e7ek biraraya geldi. <!--more--><\/p>\n<p style=\"text-align: justify;\">Kemal K\u0131l\u0131\u00e7daro\u011flu, CHP kurmaylar\u0131n\u0131n da kat\u0131ld\u0131\u011f\u0131 g\u00f6r\u00fc\u015fmede, \u00e7\u00f6z\u00fcm i\u00e7in h\u00fck\u00fcmetten g\u00fcvence beklediklerini iletti. K\u0131l\u0131\u00e7daro\u011flu, Cemil \u00c7i\u00e7ek\u2019in partilerin grup ba\u015fkanvekilleriyle g\u00f6r\u00fc\u015ferek durumu de\u011ferlendirece\u011fini s\u00f6yledi.<\/p>\n<p style=\"text-align: justify;\">Vatan gazetesinin haberine g\u00f6re; Kemal K\u0131l\u0131\u00e7daro\u011flu, g\u00f6r\u00fc\u015fmede Ba\u015fbakan Recep Tayyip Erdo\u011fan\u2019\u0131n \u201cbankamatik vekil\u201d de\u011ferlendirmesinden rahats\u0131z olduklar\u0131n\u0131 da dile getirdi.<\/p>\n<p style=\"text-align: justify;\">K\u0131l\u00e7daro\u011flu, \u201cHi\u00e7bir CHP\u2019li yemin etmeden \u2018bankamatik vekil\u2019 olma arzusunda de\u011fildir. Hatta sizden yemin edinceye kadar CHP\u2019li vekillerin maa\u015flar\u0131n\u0131n da yat\u0131r\u0131lmamas\u0131n\u0131 talep ediyoruz\u201d dedi.<\/p>\n<p style=\"text-align: justify;\"><strong>\u2018VEK\u0130LL\u0130K D\u00dc\u015eERSE D\u00dc\u015eS\u00dcN\u2019<\/strong><\/p>\n<p style=\"text-align: justify;\">Bu arada, K\u0131l\u0131\u00e7daro\u011flu\u2019nun grup ba\u015fkanvekilleriyle yapt\u0131\u011f\u0131 toplant\u0131da, kararl\u0131l\u0131\u011f\u0131n\u0131 bir kez daha ifade etti\u011fi belirtildi. K\u0131l\u0131\u00e7daro\u011flu\u2019nun \u201cYemin etmeme tavr\u0131m\u0131z \u00e7\u00f6z\u00fcm yoksa devam edecek, milletvekilli\u011fi d\u00fc\u015ferse d\u00fc\u015fs\u00fcn\u201d dedi\u011fi \u00f6\u011frenildi. G\u00f6zler bug\u00fcn TBMM Ba\u015fkan\u0131 Cemil \u00c7i\u00e7ek ile Ba\u015fbakan Erdo\u011fan\u2019\u0131n yapaca\u011f\u0131 toplant\u0131ya \u00e7evrildi.<\/p>\n<p style=\"text-align: justify;\"><a href=\"http:\/\/www.radikal.com.tr\/Radikal.aspx?aType=RadikalDetayV3&amp;ArticleID=1055559&amp;Date=08.07.2011&amp;CategoryID=78\" target=\"_blank\">Kaynak : Radikal.com.tr<\/a><\/p>\n","protected":false},"excerpt":{"rendered":"<p style=\"text-align: center;\">\n<p style=\"text-align: justify;\">Yemin krizinin \u00e7\u00f6z\u00fcm\u00fc i\u00e7in Meclis Ba\u015fkan\u0131 Cemil \u00c7i\u00e7ek&#8217;le g\u00f6r\u00fc\u015fen CHP lideri Kemal K\u0131l\u0131\u00e7daro\u011flu&#8217;nun, yemin edilene kadar milletvekili maa\u015flar\u0131n\u0131n kendilerine \u00f6denmemesini istedi\u011fi \u00f6\u011frenildi.<\/p>\n<p style=\"text-align: justify;\">ANKARA &#8211; Yemin krizinin \u00e7\u00f6z\u00fcm\u00fc konusunda d\u00fcn TBMM\u2019de \u00f6nemli bir bulu\u015fma ger\u00e7ekle\u015fti. CHP Genel Ba\u015fkan\u0131 Kemal K\u0131l\u0131\u00e7daro\u011flu ile Meclis Ba\u015fkan\u0131 Cemil \u00c7i\u00e7ek biraraya geldi. <\/p>\n","protected":false},"author":1,"featured_media":0,"comment_status":"open","ping_status":"closed","sticky":false,"template":"","format":"standard","meta":{"footnotes":""},"categories":[105],"tags":[],"class_list":["post-35936","post","type-post","status-publish","format-standard","hentry","category-gundem","odd"],"_links":{"self":[{"href":"http:\/\/www.korhanyilmaz.com\/index.php?rest_route=\/wp\/v2\/posts\/35936","targetHints":{"allow":["GET"]}}],"collection":[{"href":"http:\/\/www.korhanyilmaz.com\/index.php?rest_route=\/wp\/v2\/posts"}],"about":[{"href":"http:\/\/www.korhanyilmaz.com\/index.php?rest_route=\/wp\/v2\/types\/post"}],"author":[{"embeddable":true,"href":"http:\/\/www.korhanyilmaz.com\/index.php?rest_route=\/wp\/v2\/users\/1"}],"replies":[{"embeddable":true,"href":"http:\/\/www.korhanyilmaz.com\/index.php?rest_route=%2Fwp%2Fv2%2Fcomments&post=35936"}],"version-history":[{"count":0,"href":"http:\/\/www.korhanyilmaz.com\/index.php?rest_route=\/wp\/v2\/posts\/35936\/revisions"}],"wp:attachment":[{"href":"http:\/\/www.korhanyilmaz.com\/index.php?rest_route=%2Fwp%2Fv2%2Fmedia&parent=35936"}],"wp:term":[{"taxonomy":"category","embeddable":true,"href":"http:\/\/www.korhanyilmaz.com\/index.php?rest_route=%2Fwp%2Fv2%2Fcategories&post=35936"},{"taxonomy":"post_tag","embeddable":true,"href":"http:\/\/www.korhanyilmaz.com\/index.php?rest_route=%2Fwp%2Fv2%2Ftags&post=35936"}],"curies":[{"name":"wp","href":"https:\/\/api.w.org\/{rel}","templated":true}]}}