{"id":35935,"date":"2011-07-08T06:45:55","date_gmt":"2011-07-08T03:45:55","guid":{"rendered":"http:\/\/www.korhanyilmaz.com\/?p=35609"},"modified":"2011-07-09T22:58:07","modified_gmt":"2011-07-09T22:58:07","slug":"aziz-yildirim-konusursam-herkes-yanar","status":"publish","type":"post","link":"http:\/\/www.korhanyilmaz.com\/?p=35935","title":{"rendered":"Aziz Y\u0131ld\u0131r\u0131m: Konu\u015fursam herkes yanar"},"content":{"rendered":"<p style=\"text-align: center;\"><a href=\"http:\/\/www.korhanyilmaz.com\/wp-content\/uploads\/2011\/07\/1007.jpeg\"  class=\"lightview\"><img loading=\"lazy\" decoding=\"async\" class=\"aligncenter size-full wp-image-35610\" src=\"http:\/\/www.korhanyilmaz.com\/wp-content\/uploads\/2011\/07\/1007.jpeg\" alt=\"\" width=\"384\" height=\"254\" \/><\/a><\/p>\n<p style=\"text-align: justify;\">\u015eike soru\u015fturmas\u0131nda bug\u00fcn saat 08.30&#8217;da adliyeye sevk edilecek olan Fenerbah\u00e7e Ba\u015fkan\u0131 Aziz Y\u0131ld\u0131r\u0131m, anjiyo olmak i\u00e7in gitti\u011fi \u0130\u00dc Kardiyoloji Enstit\u00fcs\u00fc&#8217;nde yak\u0131n \u00e7evresine, &#8220;G\u00f6rd\u00fc\u011f\u00fcm kadar\u0131yla ihale benim \u00fczerime kald\u0131, ama konu\u015fursam herkes yanar&#8221; demi\u015f.<!--more--><\/p>\n<p style=\"text-align: justify;\">Futbolda \u015fike iddialar\u0131yla ilgili pazar g\u00fcn\u00fc g\u00f6zalt\u0131na al\u0131nan Fenerbah\u00e7e Ba\u015fkan\u0131 Aziz Y\u0131ld\u0131r\u0131m, anjiyo olmak i\u00e7in yatt\u0131\u011f\u0131 \u0130stanbul \u00dcniversitesi Kardiyoloji Enstit\u00fcs\u00fc\u2019nde kendisini ziyarete gelen yak\u0131n \u00e7evresine bomba gibi a\u00e7\u0131klamalar yapt\u0131. \u0130ki g\u00fcn hastanede kalan Y\u0131ld\u0131r\u0131m\u2019\u0131n \u201cG\u00f6rd\u00fc\u011f\u00fcm kadar\u0131yla ihale benim \u00fczerime kald\u0131. Beni g\u00f6zden \u00e7\u0131karm\u0131\u015flar anla\u015f\u0131lan! Beni harcamak istiyorlar, her \u015feyi benim \u00fczerime yak\u0131yorlar, ama konu\u015fursam herkes yanar&#8230;\u201d dedi\u011fi iddia ediliyor. Y\u0131ld\u0131r\u0131m\u2019\u0131n \u2018Konu\u015furum\u2019 resti \u00e7ekmesinde, bas\u0131nda geni\u015f yer tutan iddialar\u0131n ve TFF Ba\u015fkan\u0131 Mehmet Ali Ayd\u0131nlar\u2019\u0131n da tavr\u0131n\u0131n \u00f6nemli bir etken oldu\u011fu \u00f6ne s\u00fcr\u00fcl\u00fcyor. Y\u0131ld\u0131r\u0131m\u2019\u0131n d\u00fcn bir gazetede g\u00f6zalt\u0131ndayken \u00e7ekilmi\u015f \u2018fi\u015f\u2019 foto\u011fraf\u0131n\u0131n yay\u0131mlanmas\u0131na \u00e7ok i\u00e7erledi\u011fi de gelen bilgiler aras\u0131nda.<\/p>\n<p style=\"text-align: justify;\">\u2018Konu\u015fursam\u2019 resti \u00e7eken ancak d\u00fcn yeniden geldi\u011fi \u0130stanbul Emniyet M\u00fcd\u00fcrl\u00fc\u011f\u00fc\u2019nde \u2018susma hakk\u0131\u2019n\u0131 kullanan Y\u0131ld\u0131r\u0131m\u2019\u0131n soru\u015fturmay\u0131 y\u00fcr\u00fcten Savc\u0131 Mehmet Berk\u2019e verece\u011fi ifade b\u00fcy\u00fck \u00f6nem ta\u015f\u0131yor. Y\u0131ld\u0131r\u0131m, ya hakk\u0131ndaki iddialar\u0131 reddedecek ya da kabul edip konu\u015fma yoluna gidecek. Bas\u0131nda \u00e7\u0131kan iddialara bak\u0131l\u0131rsa Y\u0131ld\u0131r\u0131m\u2019\u0131n i\u015fi zor! Her ne kadar Y\u0131ld\u0131r\u0131m bu haberlere \u00e7ok k\u0131zm\u0131\u015f olsa da teknik takip sonu\u00e7lar\u0131 ve deliller, savc\u0131n\u0131n elini g\u00fc\u00e7lendiriyor.<\/p>\n<p style=\"text-align: justify;\"><strong>\u2018Operasyon var, K\u0131br\u0131s\u2019a gidelim\u2019<\/strong><\/p>\n<p style=\"text-align: justify;\">Bu arada pazar g\u00fcn\u00fc sabah\u0131 start alan operasyonun \u015fifreleri de ortaya \u00e7\u0131kmaya ba\u015flad\u0131. Asl\u0131nda sekiz ayl\u0131k bir takipten sonra t\u00fcm delilleri toplayan Organize Su\u00e7larla M\u00fccadele \u015eubesi polisleri, 4 Temmuz 2011 tarihinde saat 06.00\u2019da 60 ayr\u0131 noktaya ayn\u0131 anda bask\u0131n i\u00e7in emir alm\u0131\u015ft\u0131. Ancak Fenerbah\u00e7e\u2019nin \u00fcst d\u00fczey y\u00f6neticilerine bask\u0131n yap\u0131laca\u011f\u0131 haberi 2 Temmuz Cumartesi g\u00fcn\u00fc \u00f6\u011fle saatlerinde s\u0131zd\u0131.<\/p>\n<p style=\"text-align: justify;\">Emniyet\u2019ten bir polisin yapt\u0131\u011f\u0131 \u2018Bo\u015fbo\u011fazl\u0131k\u2019 birka\u00e7 saat i\u00e7inde \u015eekip Mosturo\u011flu\u2019na ula\u015ft\u0131. Mosturo\u011flu da Aziz Y\u0131ld\u0131r\u0131m\u2019a hemen telefon a\u00e7\u0131p \u201cKul\u00fcple ilgili \u00f6nemli bir konu var. Toplant\u0131 yapmam\u0131z laz\u0131m\u201d dedi. Bu s\u00f6zler \u00fczerine polis, bilgi s\u0131zmas\u0131 oldu\u011funu anlad\u0131. Di\u011fer \u015f\u00fcpheliler aras\u0131nda da bir hareketlenme ba\u015flay\u0131nca polis, operasyonu 24 saat \u00f6nceye pazar sabah\u0131na almaya karar verdi. Bu arada operasyon bilgisini alan baz\u0131 \u015f\u00fcphelilerin pazar g\u00fcn\u00fc THY u\u00e7a\u011f\u0131 ile K\u0131br\u0131s\u2019a gitmek i\u00e7in haz\u0131rl\u0131k yapt\u0131\u011f\u0131 iddia ediliyor.<\/p>\n<p style=\"text-align: justify;\"><strong>\u2018Fi\u015f foto\u011fraf\u0131\u2019n\u0131 s\u0131zd\u0131ran g\u00f6zalt\u0131nda<\/strong><\/p>\n<p style=\"text-align: justify;\">Aziz Y\u0131ld\u0131r\u0131m\u2019\u0131n d\u00fcn bir gazetede yay\u0131mlanan g\u00f6zalt\u0131ndaki fi\u015f foto\u011fraflar\u0131n\u0131 s\u0131zd\u0131rd\u0131\u011f\u0131 iddia edilen bir polis memuru hakk\u0131nda soru\u015fturma ba\u015flat\u0131ld\u0131. Foto\u011fraf\u0131n yay\u0131mlanmas\u0131n\u0131n ard\u0131ndan emniyette krize neden olay sonras\u0131 savc\u0131l\u0131k harekete ge\u00e7ti. Soru\u015fturmay\u0131 y\u00fcr\u00fcten savc\u0131l\u0131k talimat\u0131yla harekete ge\u00e7en Organize Su\u00e7lar \u015eubesi ekipleri yapt\u0131klar\u0131 incelemenin ard\u0131ndan fi\u015f foto\u011fraf\u0131n\u0131n Beyo\u011flu \u0130l\u00e7e Emniyet M\u00fcd\u00fcrl\u00fc\u011f\u00fc\u2019nde g\u00f6revli bir polis memuru taraf\u0131ndan sistemdeki fotonun, kendi bilgisayar\u0131na kaydedildi\u011fi belirlendi. Yap\u0131lan bu incelemenin ard\u0131ndan savc\u0131l\u0131k talimat\u0131yla soru\u015fturma a\u00e7\u0131ld\u0131 ve s\u00f6z konusu memur ak\u015fam saatlerinde g\u00f6zalt\u0131na al\u0131nd\u0131.<\/p>\n<p style=\"text-align: justify;\"><strong>Ayd\u0131nlar: Bomba kuca\u011f\u0131mda<\/strong><\/p>\n<p style=\"text-align: justify;\">\u00d6te yandan \u00f6nceki g\u00fcn \u015fike soru\u015fturmas\u0131n\u0131 y\u00fcr\u00fcten Savc\u0131 Berk\u2019le g\u00f6r\u00fc\u015fen TFF Ba\u015fkan\u0131 Mehmet Ali Ayd\u0131nlar, toplant\u0131dan bir araya geldi\u011fi kurmaylar\u0131na \u201cBomba kuca\u011f\u0131m\u0131zda\u201d yorumu yapt\u0131. En k\u0131sa zamanda en do\u011fru karar\u0131 vermeleri gerekti\u011fini s\u00f6yleyen Ayd\u0131nlar, \u201cBiliyorum i\u015fimiz \u00e7ok zor. \u0130ddialar \u00e7ok ciddi. Deliller ortada. Hi\u00e7 kimseyi, hi\u00e7bir tak\u0131m\u0131 ma\u011fdur etmeden, kimsenin hakk\u0131n\u0131 yemeden \u00e7ok h\u0131zl\u0131 bir karar vermeliyiz\u201d dedi. Savc\u0131l\u0131ktan \u00e7\u0131kt\u0131ktan sonra Fenerbah\u00e7e Ba\u015fkanvekili Nihat \u00d6zdemir ve Asba\u015fkan Ali Ko\u00e7\u2019la \u0130stinye\u2019deki TFF binas\u0131nda bir araya gelen Ayd\u0131nlar, Sar\u0131-Lacivertli y\u00f6neticilerin olay\u0131n kul\u00fcb\u00fc ba\u011flamayaca\u011f\u0131 ve Fenerbah\u00e7e\u2019ye ceza verilemeyece\u011fini s\u00f6ylemesi \u00fczerine \u201cSizin s\u00f6ylediklerinizle benim savc\u0131l\u0131k ve emniyette yapt\u0131\u011f\u0131m g\u00f6r\u00fc\u015fmelerde ald\u0131\u011f\u0131m bilgiler \u00e7ok farkl\u0131. Hak, hukuk, adalet var\u201d \u015feklinde konu\u015ftu\u011fu belirtiliyor.<\/p>\n<p style=\"text-align: justify;\"><a href=\"http:\/\/www.radikal.com.tr\/Radikal.aspx?aType=RadikalDetayV3&amp;ArticleID=1055551&amp;Date=08.07.2011&amp;CategoryID=84\" target=\"_blank\">Kaynak : Radikal.com.tr<\/a><\/p>\n","protected":false},"excerpt":{"rendered":"<p style=\"text-align: center;\">\n<p style=\"text-align: justify;\">\u015eike soru\u015fturmas\u0131nda bug\u00fcn saat 08.30&#8217;da adliyeye sevk edilecek olan Fenerbah\u00e7e Ba\u015fkan\u0131 Aziz Y\u0131ld\u0131r\u0131m, anjiyo olmak i\u00e7in gitti\u011fi \u0130\u00dc Kardiyoloji Enstit\u00fcs\u00fc&#8217;nde yak\u0131n \u00e7evresine, &#8220;G\u00f6rd\u00fc\u011f\u00fcm kadar\u0131yla ihale benim \u00fczerime kald\u0131, ama konu\u015fursam herkes yanar&#8221; demi\u015f.<\/p>\n","protected":false},"author":1,"featured_media":0,"comment_status":"open","ping_status":"closed","sticky":false,"template":"","format":"standard","meta":{"footnotes":""},"categories":[105],"tags":[],"class_list":["post-35935","post","type-post","status-publish","format-standard","hentry","category-gundem","odd"],"_links":{"self":[{"href":"http:\/\/www.korhanyilmaz.com\/index.php?rest_route=\/wp\/v2\/posts\/35935","targetHints":{"allow":["GET"]}}],"collection":[{"href":"http:\/\/www.korhanyilmaz.com\/index.php?rest_route=\/wp\/v2\/posts"}],"about":[{"href":"http:\/\/www.korhanyilmaz.com\/index.php?rest_route=\/wp\/v2\/types\/post"}],"author":[{"embeddable":true,"href":"http:\/\/www.korhanyilmaz.com\/index.php?rest_route=\/wp\/v2\/users\/1"}],"replies":[{"embeddable":true,"href":"http:\/\/www.korhanyilmaz.com\/index.php?rest_route=%2Fwp%2Fv2%2Fcomments&post=35935"}],"version-history":[{"count":0,"href":"http:\/\/www.korhanyilmaz.com\/index.php?rest_route=\/wp\/v2\/posts\/35935\/revisions"}],"wp:attachment":[{"href":"http:\/\/www.korhanyilmaz.com\/index.php?rest_route=%2Fwp%2Fv2%2Fmedia&parent=35935"}],"wp:term":[{"taxonomy":"category","embeddable":true,"href":"http:\/\/www.korhanyilmaz.com\/index.php?rest_route=%2Fwp%2Fv2%2Fcategories&post=35935"},{"taxonomy":"post_tag","embeddable":true,"href":"http:\/\/www.korhanyilmaz.com\/index.php?rest_route=%2Fwp%2Fv2%2Ftags&post=35935"}],"curies":[{"name":"wp","href":"https:\/\/api.w.org\/{rel}","templated":true}]}}