{"id":35933,"date":"2011-07-08T07:19:50","date_gmt":"2011-07-08T04:19:50","guid":{"rendered":"http:\/\/www.korhanyilmaz.com\/?p=35600"},"modified":"2011-07-09T22:57:30","modified_gmt":"2011-07-09T22:57:30","slug":"cihaner-hakli-cikti-ismailaga-teror-orgutu-degilmis","status":"publish","type":"post","link":"http:\/\/www.korhanyilmaz.com\/?p=35933","title":{"rendered":"Cihaner hakl\u0131 \u00e7\u0131kt\u0131: \u0130smaila\u011fa &#8216;ter\u00f6r \u00f6rg\u00fct\u00fc&#8217; de\u011filmi\u015f"},"content":{"rendered":"<p style=\"text-align: center;\"><a href=\"http:\/\/www.korhanyilmaz.com\/wp-content\/uploads\/2011\/07\/1005.jpeg\"  class=\"lightview\"><img loading=\"lazy\" decoding=\"async\" class=\"aligncenter size-full wp-image-35601\" src=\"http:\/\/www.korhanyilmaz.com\/wp-content\/uploads\/2011\/07\/1005.jpeg\" alt=\"\" width=\"384\" height=\"254\" \/><\/a><\/p>\n<p style=\"text-align: justify;\">T\u00fcrkiye&#8217;yi sarsan Erzurum-Erzincan kavgas\u0131n\u0131 \u00e7\u0131karan \u0130smaila\u011fa cemaati davas\u0131 Savc\u0131 \u0130lhan Cihaner&#8217;i hakl\u0131 \u00e7\u0131karan kararla bitti.<\/p>\n<p style=\"text-align: justify;\">Erzurum 2. A\u011f\u0131r Ceza Mahkemesi\u2019nde d\u00fcn g\u00f6r\u00fclen karar duru\u015fmas\u0131nda heyet, Savc\u0131 Ender Karadeniz\u2019in m\u00fctalaas\u0131 do\u011frultusunda \u00fc\u00e7\u00fc kad\u0131n 16 san\u0131\u011f\u0131n \u2018anayasal d\u00fczeni ortadan kald\u0131rmaya te\u015febb\u00fcs etme su\u00e7unu i\u015flediklerinin sabit olmad\u0131\u011f\u0131n\u0131\u2019 bildirerek bu su\u00e7tan beraatlar\u0131n\u0131 uygun g\u00f6rd\u00fc. Fakat 11 san\u0131\u011fa \u2018yasalara ayk\u0131r\u0131 olarak e\u011fitim kurumu a\u00e7mak\u2019 su\u00e7undan be\u015fer ay hapis cezas\u0131 verildi. Bu ceza be\u015f y\u0131l s\u00fcreyle ertelendi. <!--more--><\/p>\n<p style=\"text-align: justify;\">Buna kar\u015f\u0131n Cihaner hakk\u0131nda, \u2018silahl\u0131\u2019 olmas\u0131na ra\u011fmen \u0130smaila\u011fa Davas\u0131\u2019n\u0131 Erzurum\u2019a g\u00f6ndermedi\u011fi i\u00e7in Yarg\u0131tay\u2019da \u2018g\u00f6revi ihmal\u2019 su\u00e7lamas\u0131yla dava a\u00e7\u0131lm\u0131\u015ft\u0131.<\/p>\n<p style=\"text-align: justify;\"><strong>Cihaner: Demek ki su\u00e7 var<\/strong><\/p>\n<p style=\"text-align: justify;\">CHP Denizli Milletvekili \u0130lhan Cihaner, karar\u0131n kendi hakl\u0131l\u0131\u011f\u0131n\u0131 ortaya \u00e7\u0131kard\u0131\u011f\u0131n\u0131 belirterek, \u015f\u00f6yle dedi: \u201cSilahl\u0131 \u00f6rg\u00fct ve anayasal d\u00fczeni zorla de\u011fi\u015ftirmenin yasal unsurlar\u0131 yoktur demi\u015ftik. Nihayet biz hakl\u0131 \u00e7\u0131kt\u0131k. Hani biz bu soru\u015fturmay\u0131 \u2018Islak \u0130mza\u2019y\u0131 hayata ge\u00e7irmek i\u00e7in yapm\u0131\u015ft\u0131k? Demek ki ortada bir su\u00e7 var. Ayn\u0131 dosyada, doland\u0131r\u0131c\u0131l\u0131ktan \u00e7ocuklar\u0131n cinsel istismar\u0131na ve ihaleye fesat kar\u0131\u015ft\u0131rmaya kadar, bir\u00e7ok delil vard\u0131. Maalesef bu su\u00e7lara bak\u0131lmad\u0131. Ayr\u0131ca, \u2018izinsiz e\u011fitim kurma\u2019 su\u00e7u, bu mahkemenin alan\u0131na girmedi\u011fi ve g\u00f6revsizlik vermesi gerekti\u011fi halde, karar verildi. Oysa g\u00f6revsizlik verilmeliydi. Dosya ellerinden \u00e7\u0131kmas\u0131n diye bu karar\u0131 verdiler. G\u00f6revsizlik verseler ba\u015fka bir mahkeme, g\u00f6revini yapacakt\u0131.\u201d<\/p>\n<p style=\"text-align: justify;\">Erzurum-Erzincan kavgas\u0131, Cihaner\u2019in Kas\u0131m 2007\u2019de \u0130smaila\u011fa tarikat\u0131na y\u00f6nelik olarak, \u2018basit su\u00e7 \u00f6rg\u00fct\u00fc\u2019 sav\u0131 \u00e7er\u00e7evesinde soru\u015fturma a\u00e7mas\u0131yla ba\u015flam\u0131\u015ft\u0131. Ancak bir y\u0131l sonra Erzincan Emniyeti\u2019ne, \u0130smaila\u011fa\u2019n\u0131n silahl\u0131 \u00f6rg\u00fct oldu\u011fu y\u00f6n\u00fcnde ihbar geldi ve eski Erzurum \u00d6zel Yetkili Savc\u0131s\u0131 Osman \u015eanal dava dosyas\u0131n\u0131 Cihaner\u2019den istedi. \u0130ddialara g\u00f6re bu ihbarla tarikat dosyas\u0131 beraat ettirilece\u011fi Erzurum \u00d6zel Yetkili Savc\u0131l\u0131\u011f\u0131\u2019na g\u00f6t\u00fcr\u00fclmek istenmi\u015fti, \u00e7\u00fcnk\u00fc silahl\u0131 bir \u00f6rg\u00fct olmas\u0131 halinde soru\u015fturmay\u0131 sadece \u00f6zel yetkili savc\u0131lar yap\u0131yordu.<\/p>\n<p style=\"text-align: justify;\">Ancak dosyay\u0131 vermek istemeyen Cihaner, \u0130smaila\u011fa\u2019n\u0131n \u2018silahl\u0131 \u00f6rg\u00fct olmad\u0131\u011f\u0131n\u0131\u2019 savunuyordu. Uzun s\u00fcren \u00e7eki\u015fme sonucunda dosya Erzurum \u00d6zel Yetkili Savc\u0131s\u0131 Osman \u015eanal\u2019a gitti. \u015eanal, \u0130smaila\u011fa\u2019da oldu\u011fu gibi, Cihaner\u2019in y\u00fcr\u00fctt\u00fc\u011f\u00fc G\u00fclen Cemaati soru\u015fturmas\u0131n\u0131 da, yine bu grubun \u2018silahl\u0131 ter\u00f6r \u00f6rg\u00fct\u00fc\u2019 oldu\u011fu gerek\u00e7esiyle istedi. Fakat Cihaner, dosyay\u0131 g\u00f6ndermedi.<\/p>\n<p style=\"text-align: justify;\">Ayn\u0131 s\u00fcre\u00e7te, Erzincan\u2019daki bir g\u00f6lette bomba bulundu\u011fu iddias\u0131yla ba\u015flat\u0131lan soru\u015fturma \u00e7er\u00e7evesinde \u015eanal 16 \u015eubat 2010\u2019da Cihaner\u2019i makam\u0131n\u0131 basarak g\u00f6zalt\u0131na ald\u0131. Cihaner, ertesi g\u00fcn tutuklanarak cezaevine konuldu. Bu dosya da Yarg\u0131tay\u2019a ta\u015f\u0131nd\u0131. Cihaner ve di\u011fer tutuklu san\u0131klar 18 Haziran 2010\u2019daki duru\u015fmada tahliye edildi.<\/p>\n<p style=\"text-align: justify;\"><a href=\"http:\/\/www.radikal.com.tr\/Radikal.aspx?aType=RadikalDetayV3&amp;ArticleID=1055553&amp;Date=08.07.2011&amp;CategoryID=77\" target=\"_blank\">Kaynak : Radikal.com.tr<\/a><\/p>\n","protected":false},"excerpt":{"rendered":"<p style=\"text-align: center;\">\n<p style=\"text-align: justify;\">T\u00fcrkiye&#8217;yi sarsan Erzurum-Erzincan kavgas\u0131n\u0131 \u00e7\u0131karan \u0130smaila\u011fa cemaati davas\u0131 Savc\u0131 \u0130lhan Cihaner&#8217;i hakl\u0131 \u00e7\u0131karan kararla bitti.<\/p>\n<p style=\"text-align: justify;\">Erzurum 2. A\u011f\u0131r Ceza Mahkemesi\u2019nde d\u00fcn g\u00f6r\u00fclen karar duru\u015fmas\u0131nda heyet, Savc\u0131 Ender Karadeniz\u2019in m\u00fctalaas\u0131 do\u011frultusunda \u00fc\u00e7\u00fc kad\u0131n 16 san\u0131\u011f\u0131n \u2018anayasal d\u00fczeni ortadan kald\u0131rmaya te\u015febb\u00fcs etme su\u00e7unu i\u015flediklerinin sabit olmad\u0131\u011f\u0131n\u0131\u2019 bildirerek bu su\u00e7tan beraatlar\u0131n\u0131 <\/p>\n","protected":false},"author":1,"featured_media":0,"comment_status":"open","ping_status":"closed","sticky":false,"template":"","format":"standard","meta":{"footnotes":""},"categories":[105],"tags":[],"class_list":["post-35933","post","type-post","status-publish","format-standard","hentry","category-gundem","odd"],"_links":{"self":[{"href":"http:\/\/www.korhanyilmaz.com\/index.php?rest_route=\/wp\/v2\/posts\/35933","targetHints":{"allow":["GET"]}}],"collection":[{"href":"http:\/\/www.korhanyilmaz.com\/index.php?rest_route=\/wp\/v2\/posts"}],"about":[{"href":"http:\/\/www.korhanyilmaz.com\/index.php?rest_route=\/wp\/v2\/types\/post"}],"author":[{"embeddable":true,"href":"http:\/\/www.korhanyilmaz.com\/index.php?rest_route=\/wp\/v2\/users\/1"}],"replies":[{"embeddable":true,"href":"http:\/\/www.korhanyilmaz.com\/index.php?rest_route=%2Fwp%2Fv2%2Fcomments&post=35933"}],"version-history":[{"count":0,"href":"http:\/\/www.korhanyilmaz.com\/index.php?rest_route=\/wp\/v2\/posts\/35933\/revisions"}],"wp:attachment":[{"href":"http:\/\/www.korhanyilmaz.com\/index.php?rest_route=%2Fwp%2Fv2%2Fmedia&parent=35933"}],"wp:term":[{"taxonomy":"category","embeddable":true,"href":"http:\/\/www.korhanyilmaz.com\/index.php?rest_route=%2Fwp%2Fv2%2Fcategories&post=35933"},{"taxonomy":"post_tag","embeddable":true,"href":"http:\/\/www.korhanyilmaz.com\/index.php?rest_route=%2Fwp%2Fv2%2Ftags&post=35933"}],"curies":[{"name":"wp","href":"https:\/\/api.w.org\/{rel}","templated":true}]}}