{"id":35932,"date":"2011-07-07T19:50:02","date_gmt":"2011-07-07T16:50:02","guid":{"rendered":"http:\/\/www.korhanyilmaz.com\/?p=35593"},"modified":"2011-07-09T22:58:51","modified_gmt":"2011-07-09T22:58:51","slug":"top-cicekte-duduk-erdoganda","status":"publish","type":"post","link":"http:\/\/www.korhanyilmaz.com\/?p=35932","title":{"rendered":"Top \u00c7i\u00e7ek&#8217;te d\u00fcd\u00fck Erdo\u011fan&#8217;da!"},"content":{"rendered":"<p style=\"text-align: center;\"><a href=\"http:\/\/www.korhanyilmaz.com\/wp-content\/uploads\/2011\/07\/1004.jpg\"  class=\"lightview\"><img loading=\"lazy\" decoding=\"async\" class=\"aligncenter size-full wp-image-35594\" src=\"http:\/\/www.korhanyilmaz.com\/wp-content\/uploads\/2011\/07\/1004.jpg\" alt=\"\" width=\"393\" height=\"234\" \/><\/a><\/p>\n<p style=\"text-align: justify;\">Meclis Ba\u015fkan\u0131 \u00c7i\u00e7ek, yemin krizi d\u00fc\u011f\u00fcm\u00fcn\u00fcn \u00e7\u00f6z\u00fcm\u00fc i\u00e7in son randevuyu Ba\u015fbakan Erdo\u011fan\u2019a verdi. G\u00f6zler yar\u0131n saat 14.00\u2019teki bu zirve ile 15.00\u2019teki h\u00fck\u00fcmet program\u0131n\u0131n okunaca\u011f\u0131 Meclis Genel Kurulu\u2019nda olacak.<\/p>\n<p style=\"text-align: justify;\">ANKARA &#8211; Yemin ve boykot krizini \u00e7\u00f6zmek i\u00e7in insiyatif alan, d\u00fcn BDP&#8217;li Hasip Kaplan ve S\u0131rr\u0131 Sak\u0131k\u2019la g\u00f6r\u00fc\u015fen TBMM Ba\u015fkan\u0131 Cemil \u00c7i\u00e7ek, MHP ve CHP\u2019yi de dinledi. <!--more--><\/p>\n<p style=\"text-align: justify;\">CHP\u2019den y\u00fckselen ses &#8216;top \u00c7i\u00e7ek\u2019te&#8217; \u015feklinde olurken, Meclis Ba\u015fkan\u0131\u2019n\u0131n kritik randevusu yar\u0131n saat 14.00\u2019te Ba\u015fbakan Erdo\u011fan\u2019la olacak.<\/p>\n<p style=\"text-align: justify;\">Kritik g\u00f6r\u00fc\u015fmedeki tavr\u0131n\u0131n krizin \u00e7\u00f6z\u00fcm\u00fcnde belirleyici olmas\u0131 beklenen Erda\u011fan, bas\u0131na kapal\u0131 grup toplant\u0131s\u0131nda &#8220;kendi d\u00fc\u015ft\u00fckleri kuyudan kendileri \u00e7\u0131ks\u0131nlar&#8221; derken, CHP\u2019nin &#8216;yemin i\u00e7in teminat&#8217; \u015fart\u0131na da &#8220;yarg\u0131 veriyorsa als\u0131nlar&#8221; yan\u0131t\u0131 verdi.<\/p>\n<p style=\"text-align: justify;\">Yemin krizi d\u00fc\u011f\u00fcm\u00fcn\u00fcn \u00e7\u00f6z\u00fcm\u00fc yolunda yo\u011fun bir g\u00fcn ya\u015fand\u0131; ak\u015fam saatlerinde de beklenen geli\u015fme ger\u00e7ekle\u015fti ve Meclis Ba\u015fkan\u0131 Cemil \u00c7i\u00e7ek\u2019in yar\u0131n saat 14.00\u2019te Ba\u015fbakan Erdo\u011fan\u2019la g\u00f6r\u00fc\u015fece\u011fi a\u00e7\u0131kland\u0131.<\/p>\n<p style=\"text-align: justify;\">\u00c7i\u00e7ek&#8217;in Meclis ba\u015fkanl\u0131\u011f\u0131na se\u00e7ilmesi dolay\u0131s\u0131yla kutlama ziyareti olarak duyurulan g\u00f6r\u00fc\u015fmede, yemin krizinin konu\u015fulmas\u0131 bekleniyor.<\/p>\n<p style=\"text-align: justify;\"><strong>SICAK G\u00dcN!<\/strong><\/p>\n<p style=\"text-align: justify;\">D\u00fcn BDP\u2019li Hasip Kaplan ve S\u0131rr\u0131 Sak\u0131k\u2019la g\u00f6r\u00fc\u015fen, ard\u0131ndan MHP\u2019li Oktay Vural ve Mehmet \u015eand\u0131r\u2019\u0131n krizin \u00e7\u00f6z\u00fcm\u00fcne y\u00f6nelik \u00f6nerilerini dinleyen Cemil \u00c7i\u00e7ek, son olarak CHP lideri Kemal K\u0131l\u0131\u00e7daro\u011flu\u2019yla biraraya geldi.<\/p>\n<p style=\"text-align: justify;\">MHP grup ba\u015fkanvekillerinin AK Parti ve CHP\u2019yi ziyeret ederek 4 a\u015famal\u0131 bir plan sunmas\u0131 \u00e7\u00f6z\u00fcme y\u00f6nelik bir ad\u0131m olurken, Cemil \u00c7i\u00e7ek yar\u0131n saat 14.00\u2019te Ba\u015fbakan Erdo\u011fan\u2019la yapaca\u011f\u0131 g\u00f6r\u00fc\u015fmenin ard\u0131ndan partilerin grup ba\u015fkanvekilleriyle biraraya gelmesi de bekleniyor. Burada, yemin krizini nas\u0131l \u00e7\u00f6z\u00fclece\u011fi sorusuna yan\u0131t aranacak.<\/p>\n<p style=\"text-align: justify;\"><strong>TOP \u00c7\u0130\u00c7EK\u2019TE, HAKEM ERDO\u011eAN<\/strong><\/p>\n<p style=\"text-align: justify;\">CHP Genel Ba\u015fkan\u0131 Kemal K\u0131l\u0131\u00e7daro\u011flu\u2019nun, \u00c7i\u00e7ek ile g\u00f6r\u00fc\u015fmesinin hemen ard\u0131ndan yapt\u0131\u011f\u0131 &#8220;Ba\u015fbakan ya da AK Parti teminat versin, yemin edelim&#8221; a\u00e7\u0131klamas\u0131, grup toplant\u0131s\u0131 sonras\u0131 Ba\u015fabakan Erdo\u011fan\u2019a soruldu.<\/p>\n<p style=\"text-align: justify;\">&#8220;Biz de teminat yok, yarg\u0131 veriyorsa als\u0131nlar&#8221; diyen Erdo\u011fan\u2019\u0131n, bas\u0131na kapal\u0131 grup toplant\u0131s\u0131ndaki s\u00f6zleri de d\u0131\u015far\u0131ya yans\u0131d\u0131: &#8220;CHP\u2019liler Meclis\u2019e gelip yemin etmeliler. Kendi d\u00fc\u015ft\u00fckleri kuyudan onlar\u0131 biz mi \u00e7\u0131karaca\u011f\u0131z. Kuyudan \u00e7\u0131kmak i\u00e7in gayret sarf etmeleri gerekirken, bize sald\u0131r\u0131yorlar. Biz de kuyudan \u00e7\u0131kmalar\u0131n\u0131 istiyoruz ama onlar bize &#8216;diz \u00e7\u00f6kt\u00fcrece\u011fiz&#8217; ifadelerini kullan\u0131yorlar. Umutsuz de\u011filiz ama \u00e7ok \u00fcmitli de de\u011fiiz.&#8221;<\/p>\n<p style=\"text-align: justify;\"><strong>15.00&#8217;TE GENEL KURUL VAR<\/strong><\/p>\n<p style=\"text-align: justify;\">Erdo\u011fan, yar\u0131nki \u00c7i\u00e7ek g\u00f6r\u00fc\u015fmesi \u00f6ncesi tavr\u0131n\u0131 bu s\u00f6zlerle ortaya koyarken, g\u00f6zler, kritik zirveden 1 saat sonra toplanacak Meclis Genel Kurulu\u2019nda olacak. CHP\u2019lilerin topu att\u0131\u011f\u0131 \u00c7i\u00e7ek ile &#8216;umutvar&#8217; olmayan Erdo\u011fan g\u00f6r\u00fc\u015fmesinden \u00e7\u0131kacak sonu\u00e7, h\u00fckmet program\u0131n\u0131n okunaca\u011f\u0131 Genel Kurul\u2019da yemin krizinin a\u015f\u0131l\u0131p a\u015f\u0131lmayaca\u011f\u0131n\u0131 da belirleyecek.<\/p>\n<p style=\"text-align: justify;\"><strong>&#8220;YARIN YEM\u0130N VAR MI?&#8221;<\/strong><\/p>\n<p style=\"text-align: justify;\">\u00d6te yandan, CHP Genel Ba\u015fkan\u0131 K\u0131l\u0131\u00e7daro\u011flu, makam\u0131ndan \u00e7\u0131k\u0131\u015f\u0131nda, &#8221;Say\u0131n Cemil \u00c7i\u00e7ek&#8217;in a\u00e7\u0131klamas\u0131nda anlamad\u0131\u011f\u0131m\u0131z b\u00f6l\u00fcmler var. Grup ba\u015fkanvekillerine \u00e7a\u011fr\u0131 yaparsa yemin edecek misiniz? Bu yeterli olacak m\u0131?&#8221; sorusuna, &#8221;G\u00f6relim, bakal\u0131m&#8221; yan\u0131t\u0131n\u0131 verdi.<\/p>\n<p style=\"text-align: justify;\">&#8221;Bu y\u00f6nde bir ad\u0131m bekliyorsunuz de\u011fil mi?&#8221; sorusu \u00fczerine de K\u0131l\u0131\u00e7daro\u011flu, &#8221;Zaten s\u00f6yledi, \u00e7a\u011f\u0131raca\u011f\u0131n\u0131 ifade etti&#8221; dedi.<\/p>\n<p style=\"text-align: justify;\"><strong>&#8220;BA\u015eBAKAN OLUMLU DA KONU\u015eTU&#8221;<\/strong><\/p>\n<p style=\"text-align: justify;\">&#8220;\u00c7i\u00e7ek\u2019in g\u00f6r\u00fc\u015fme sonras\u0131 a\u00e7\u0131klamalar\u0131 olmuluydu&#8221; \u015feklinde konu\u015fan grup ba\u015fkanvekillerinden Akif Hamza\u00e7ebi ise, &#8220;Yar\u0131n yemin var m\u0131?\u201d sorusuna, &#8220;Anla\u015fma zemini ortaya \u00e7\u0131kmal\u0131. Meclis Ba\u015fkan\u0131 uzla\u015fma zemini yaratma gayretinde&#8221; yan\u0131t\u0131n\u0131 verdi.<\/p>\n<p style=\"text-align: justify;\">Ba\u015fbakan Erdo\u011fan&#8217;\u0131n, &#8216;Kendi d\u00fc\u015ft\u00fckleri kuyudan kendileri \u00e7\u0131ks\u0131nlar&#8217; a\u00e7\u0131klamas\u0131 hat\u0131rlat\u0131lan Hamza\u00e7ebi, Say\u0131n Ba\u015fbakan&#8217;\u0131n a\u00e7\u0131klamalar\u0131 \u00fczerine bir olumsuz de\u011ferlendirme yapmay\u0131 do\u011fru bulmam. Say\u0131n Ba\u015fbakan d\u00fcn de olumlu a\u00e7\u0131klamalar yapt\u0131. Ben Say\u0131n Ba\u015fbakan&#8217;\u0131n d\u00fcnk\u00fc a\u00e7\u0131klamas\u0131n\u0131n oldu\u011fu yerdeyim. O olumlu havay\u0131 devam ettirmek gerekir&#8221; dedi.<\/p>\n<p style=\"text-align: justify;\">Bug\u00fcnk\u00fc yo\u011fun trafi\u011fin ard\u0131ndan, CHP\u2019nin topu att\u0131\u011f\u0131 Cemil \u00c7i\u00e7ek ile Ba\u015fbakan Erdo\u011fan&#8217;\u0131n yar\u0131nki g\u00f6r\u00fc\u015fmesinin yemin krizini \u00e7\u00f6zmede etkili olup olmayaca\u011f\u0131 merak ediliyor.<\/p>\n<p style=\"text-align: justify;\"><strong>AK\u0130F HAMZA\u00c7EB\u0130&#8217;N\u0130N A\u00c7IKLAMALARI<\/strong><\/p>\n<p style=\"text-align: justify;\">&#8221;Say\u0131n Meclis Ba\u015fkan\u0131, sorunun \u00e7\u00f6z\u00fcm\u00fc konusunda kendi \u00fczerlerine d\u00fc\u015feni yapaca\u011f\u0131 anlam\u0131nda bir de\u011ferlendirme yapt\u0131. Olumlu buluyorum&#8221; diyen Hamza\u00e7ebi, bir gazetecinin, &#8221;Sizi yemin etmeye davet etti&#8221; s\u00f6zleri \u00fczerine &#8221;Ama onun \u00f6ncesinde Say\u0131n Meclis Ba\u015fkan\u0131, grup ba\u015fkanvekilleriyle bir \u00e7al\u0131\u015fma yapma anlam\u0131nda g\u00f6r\u00fc\u015f\u00fcn\u00fc ortaya koydu. Konu\u015fman\u0131n b\u00fct\u00fcn\u00fcn\u00fc de\u011ferlendirmek gerekir. Son c\u00fcmle tek ba\u015f\u0131na bir anlam ifade etmiyor&#8221; \u015feklinde konu\u015ftu.<\/p>\n<p style=\"text-align: justify;\">&#8221;Grup ba\u015fkanvekillerinin \u00e7a\u011fr\u0131l\u0131p ortak bir \u00e7al\u0131\u015fma yap\u0131lmas\u0131 konusunda davet bekliyor musunuz?&#8221; sorusuna Hamza\u00e7ebi, &#8221;Say\u0131n Meclis Ba\u015fkan\u0131, grup ba\u015fkanvekilleriyle ilgili bir araya gelinebilece\u011fi \u015feklinde bir a\u00e7\u0131klama yapt\u0131 ama bu bir araya gelme hangi \u015fekilde, ne zaman olacakt\u0131r buna y\u00f6nelik bir ipucu vermedi. Bekleyip g\u00f6rmek gerekir. Parlamentonun me\u015fru organlar\u0131 var. Grup ba\u015fkanvekilleri Meclis Dan\u0131\u015fma Kurulunda da bir araya gelebilirler ba\u015fka \u015fekilde de bir araya gelebilirler&#8221; \u015feklinde yan\u0131t verdi.<\/p>\n<p style=\"text-align: justify;\">Hamza\u00e7ebi, &#8221;Say\u0131n Ba\u015fkan, konuyla ilgili olarak yasama faaliyetini i\u015faret etti. CHP d\u00fcn Dan\u0131\u015fma Kurulu&#8217;na \u00e7a\u011fr\u0131lmad\u0131&#8221; s\u00f6zleri \u00fczerine, &#8221;Say\u0131n Meclis Ba\u015fkan\u0131 nas\u0131l bir y\u00f6ntem d\u00fc\u015f\u00fcn\u00fcyor onu bilecek durumda de\u011filim. \u00d6nce anla\u015fma, uzla\u015fma zemininin ortaya \u00e7\u0131kmas\u0131 gerekir. Say\u0131n Meclis Ba\u015fkan\u0131 da uzla\u015fma zeminini yaratma gayreti i\u00e7erisinde. Hen\u00fcz bu zemin ortaya \u00e7\u0131km\u0131\u015f de\u011fil&#8221; diye konu\u015ftu.<\/p>\n<p style=\"text-align: justify;\">Bir ba\u015fka gazetecinin, &#8221;Say\u0131n Ba\u015fbakan az \u00f6nce bir a\u00e7\u0131klama yapt\u0131. &#8216;Kendi d\u00fc\u015ft\u00fckleri kuyudan kendileri \u00e7\u0131ks\u0131nlar&#8217; dedi. Nas\u0131l de\u011ferlendiriyorsunuz?&#8221; sorusunu yan\u0131tlarken &#8221;S\u00fcrecin b\u00fct\u00fcn\u00fcne bakmak laz\u0131m. \u00d6yle g\u00fcnl\u00fck, anl\u0131k a\u00e7\u0131klamalar \u00fczerine bir de\u011ferlendirme yapmak s\u00fcrece zarar verir. Say\u0131n Ba\u015fbakan&#8217;\u0131n a\u00e7\u0131klamalar\u0131 \u00fczerine bir olumsuz de\u011ferlendirme yapmay\u0131 do\u011fru bulmam. Say\u0131n Ba\u015fbakan d\u00fcn de olumlu a\u00e7\u0131klamalar yapt\u0131. Ben Say\u0131n Ba\u015fbakan&#8217;\u0131n d\u00fcnk\u00fc a\u00e7\u0131klamas\u0131n\u0131n oldu\u011fu yerdeyim. O olumlu havay\u0131 devam ettirmek gerekir&#8221; dedi.<\/p>\n<p style=\"text-align: justify;\"><a href=\"http:\/\/www.ntvmsnbc.com\/id\/25230453\/\" target=\"_blank\">Kaynak : NTVMSNBC<\/a><\/p>\n","protected":false},"excerpt":{"rendered":"<p style=\"text-align: center;\">\n<p style=\"text-align: justify;\">Meclis Ba\u015fkan\u0131 \u00c7i\u00e7ek, yemin krizi d\u00fc\u011f\u00fcm\u00fcn\u00fcn \u00e7\u00f6z\u00fcm\u00fc i\u00e7in son randevuyu Ba\u015fbakan Erdo\u011fan\u2019a verdi. G\u00f6zler yar\u0131n saat 14.00\u2019teki bu zirve ile 15.00\u2019teki h\u00fck\u00fcmet program\u0131n\u0131n okunaca\u011f\u0131 Meclis Genel Kurulu\u2019nda olacak.<\/p>\n<p style=\"text-align: justify;\">ANKARA &#8211; Yemin ve boykot krizini \u00e7\u00f6zmek i\u00e7in insiyatif alan, d\u00fcn BDP&#8217;li Hasip Kaplan ve S\u0131rr\u0131 Sak\u0131k\u2019la g\u00f6r\u00fc\u015fen TBMM Ba\u015fkan\u0131 <\/p>\n","protected":false},"author":1,"featured_media":0,"comment_status":"open","ping_status":"closed","sticky":false,"template":"","format":"standard","meta":{"footnotes":""},"categories":[105],"tags":[],"class_list":["post-35932","post","type-post","status-publish","format-standard","hentry","category-gundem","odd"],"_links":{"self":[{"href":"http:\/\/www.korhanyilmaz.com\/index.php?rest_route=\/wp\/v2\/posts\/35932","targetHints":{"allow":["GET"]}}],"collection":[{"href":"http:\/\/www.korhanyilmaz.com\/index.php?rest_route=\/wp\/v2\/posts"}],"about":[{"href":"http:\/\/www.korhanyilmaz.com\/index.php?rest_route=\/wp\/v2\/types\/post"}],"author":[{"embeddable":true,"href":"http:\/\/www.korhanyilmaz.com\/index.php?rest_route=\/wp\/v2\/users\/1"}],"replies":[{"embeddable":true,"href":"http:\/\/www.korhanyilmaz.com\/index.php?rest_route=%2Fwp%2Fv2%2Fcomments&post=35932"}],"version-history":[{"count":0,"href":"http:\/\/www.korhanyilmaz.com\/index.php?rest_route=\/wp\/v2\/posts\/35932\/revisions"}],"wp:attachment":[{"href":"http:\/\/www.korhanyilmaz.com\/index.php?rest_route=%2Fwp%2Fv2%2Fmedia&parent=35932"}],"wp:term":[{"taxonomy":"category","embeddable":true,"href":"http:\/\/www.korhanyilmaz.com\/index.php?rest_route=%2Fwp%2Fv2%2Fcategories&post=35932"},{"taxonomy":"post_tag","embeddable":true,"href":"http:\/\/www.korhanyilmaz.com\/index.php?rest_route=%2Fwp%2Fv2%2Ftags&post=35932"}],"curies":[{"name":"wp","href":"https:\/\/api.w.org\/{rel}","templated":true}]}}