{"id":35906,"date":"2010-01-29T16:20:03","date_gmt":"2010-01-29T14:20:03","guid":{"rendered":"http:\/\/www.korhanyilmaz.com\/?p=18637"},"modified":"2010-01-29T16:20:03","modified_gmt":"2010-01-29T14:20:03","slug":"bakan-yildirimdan-cok-tartisilacak-sozler-2","status":"publish","type":"post","link":"http:\/\/www.korhanyilmaz.com\/?p=35906","title":{"rendered":"Bakan Y\u0131ld\u0131r\u0131m&#039;dan \u00e7ok tart\u0131\u015f\u0131lacak s\u00f6zler"},"content":{"rendered":"<p style=\"text-align: justify;\"><a href=\"http:\/\/www.korhanyilmaz.com\/wp-content\/uploads\/2010\/01\/binali.jpg\"  class=\"lightview\"><img loading=\"lazy\" decoding=\"async\" class=\"aligncenter size-full wp-image-18638\" src=\"http:\/\/www.korhanyilmaz.com\/wp-content\/uploads\/2010\/01\/binali.jpg\" alt=\"\" width=\"272\" height=\"204\" \/><\/a><strong><em>&#8216;Bankalar zekat\u0131n\u0131 verecek&#8217; <\/em><\/strong><\/p>\n<p style=\"text-align: justify;\">Ula\u015ft\u0131rma Bakan\u0131 Binali Y\u0131ld\u0131r\u0131m, d\u00fcn \u00e7ok tart\u0131\u015f\u0131lacak c\u00fcmleler kurdu.<\/p>\n<p style=\"text-align: justify;\">Bankalara getirilen \u015fube harc\u0131n\u0131 \u201cBankalar \u00e7ok k\u00e2r etti, zekat\u0131n\u0131 verecek\u201d \u015feklinde yorumlayan Y\u0131ld\u0131r\u0131m, TEKEL\u2019le ilgili olarak da \u201cBizde para bol ama Tekel i\u015f\u00e7isi hakk\u0131na raz\u0131 olacak\u201d dedi.<!--more--><\/p>\n<p style=\"text-align: justify;\">Ula\u015ft\u0131rma Bakan\u0131 Binali Y\u0131ld\u0131r\u0131m, Ekonomi Muhabirleri Derne\u011fi (EMD) \u00fcyeleri ile biraraya gelerek, gazetecilerin g\u00fcndeme ili\u015fkin sorular\u0131n\u0131 yan\u0131tlad\u0131.<\/p>\n<p style=\"text-align: justify;\">Binali Y\u0131ld\u0131r\u0131m, h\u00fck\u00fcmetin banka \u015fubelerine 12 bin-200 bin aras\u0131nda getirdi\u011fi har\u00e7larla ilgili sorulara kar\u015f\u0131l\u0131k ilgin\u00e7 bir de\u011ferlendirme yapt\u0131. Bankalar\u0131n ge\u00e7ti\u011fimiz y\u0131l \u00e7ok y\u00fcksek k\u00e2rlar elde ettiklerini ve getirilen har\u00e7la 400 milyon lira toplanaca\u011f\u0131n\u0131 belirten Y\u0131ld\u0131r\u0131m, \u201cBankalar zekat\u0131n\u0131 verecek. Bu da kazan\u00e7lar\u0131n\u0131n zekat\u0131d\u0131r\u201d dedi. Y\u0131ld\u0131r\u0131m, kendi bakanl\u0131\u011f\u0131 i\u00e7in 400 milyon liran\u0131n leblebi-\u00e7ekirdek oldu\u011funu belirterek, \u201cBiz bu parayla 1.000 km. b\u00f6l\u00fcnm\u00fc\u015f yol yapar\u0131z\u201d diye konu\u015ftu.<\/p>\n<p style=\"text-align: justify;\">Bakan Y\u0131ldr\u0131m, bug\u00fcne kadar binlerce kilometre yol yapt\u0131klar\u0131n\u0131 ancak bu yollar\u0131n albenisini sa\u011flayan peyzaj, i\u015faretleme gibi i\u015flerine fazla dikkat etmedikleri i\u00e7in bu yollar\u0131n g\u00f6r\u00fcnmedi\u011fini s\u00f6yledi. Bu ama\u00e7la 2010 y\u0131l\u0131nda yollar\u0131n \u00e7evre d\u00fczeni ve di\u011fer cazibe \u00f6zelliklerine e\u011fileceklerini anlatan Bakan Y\u0131ld\u0131r\u0131m, yollar\u0131n estetik taraf\u0131 ve makyaj\u0131yla da ilgileneceklerini belirtti. Y\u0131ld\u0131r\u0131m \u015f\u00f6yle konu\u015ftu:<\/p>\n<p style=\"text-align: justify;\">\u201cYollar\u0131n albenisi konusunda yetersiz kal\u0131yoruz. Yeni yapt\u0131\u011f\u0131m\u0131z bir yolun \u00e7evre d\u00fczeni yap\u0131lmay\u0131nca yol sanki eski bir yolmu\u015f gibi g\u00f6r\u00fcn\u00fcyor. Bu y\u0131l yollar\u0131n estetik taraf\u0131yla ilgili artan bir \u00e7al\u0131\u015fma yapaca\u011f\u0131z.\u201d<\/p>\n<p style=\"text-align: justify;\">Y\u0131ld\u0131r\u0131m, \u201cBunun maliyeti ne olacak?\u201d sorusuna, \u201cUcu a\u00e7\u0131k. Ne kadar gerekirse\u201d yan\u0131t\u0131n\u0131 verdi. Arkas\u0131ndan da, \u201cPara s\u0131k\u0131nt\u0131m\u0131z yok. Para bol, para bol\u201d dedi. Bakan\u2019\u0131n bu s\u00f6zlerine kar\u015f\u0131l\u0131k gazeteciler, \u201cTekel i\u015f\u00e7ilerine gelince para yok diyorsunuz, yollar\u0131 makyajlamaya gelince para bol diyorsunuz\u201d dedi. Bunun \u00fczerine Y\u0131ld\u0131r\u0131m ise, \u201cBak\u0131n arkada\u015flar, \u00f6yle de\u011fil. Herkes hakk\u0131na raz\u0131 olacak\u201d \u015feklinde konu\u015ftu.<\/p>\n<p style=\"text-align: justify;\">Ankara Metrosu\u2019nu biz yapaca\u011f\u0131z<\/p>\n<p style=\"text-align: justify;\">Ankara B\u00fcy\u00fck\u015fehir Belediyesi\u2019nin y\u0131lan hikayesine d\u00f6nen metro in\u015faat\u0131nda h\u00fck\u00fcmet devreye girdi. Ula\u015ft\u0131rma Bakan\u0131 Binali Y\u0131ld\u0131r\u0131m ge\u00e7en y\u0131l g\u00fcndeme gelen ancak en az 1.5 milyar dolar gerekti\u011fi i\u00e7in vazge\u00e7ilen \u201cAnkara metro in\u015faat\u0131n\u0131n bakanl\u0131k taraf\u0131ndan \u00fcstlenilmesi\u201d y\u00f6n\u00fcnde karar verildi\u011fini belirtti. Ge\u00e7ti\u011fimiz y\u0131l bir yasal d\u00fczenlemeyle Meclis\u2019e getirilen \u201cmetro yap\u0131mlar\u0131n\u0131 Ula\u015ft\u0131rma Bakanl\u0131\u011f\u0131\u2019n\u0131n \u00fcstlenmesine ili\u015fkin madde\u201d, son anda tasar\u0131dan \u00e7\u0131kar\u0131lm\u0131\u015ft\u0131. Ancak Bakan Y\u0131ld\u0131r\u0131m, gelinen noktada bakanl\u0131\u011f\u0131n EGO\u2019nun konuyla ilgili birimlerinde \u00e7al\u0131\u015fma ba\u015flatt\u0131\u011f\u0131n\u0131, 4 hatta y\u00fcr\u00fcyen metro projesinin mevcut s\u00f6zle\u015fmelerle devral\u0131naca\u011f\u0131n\u0131 s\u00f6yledi.<\/p>\n<p style=\"text-align: justify;\"><strong><em>\u00d6\u0130V\u2019de art\u0131\u015f olmayacak <\/em><\/strong><\/p>\n<p style=\"text-align: justify;\">Sanal i\u015fletmecilerin vergi sorununa da de\u011finen Bakan Binali Y\u0131ld\u0131r\u0131m, bununla ilgili konunun Maliye\u2019nin g\u00fcndeminde oldu\u011funu, yak\u0131n zamanda Maliye Bakanl\u0131\u011f\u0131 ile bir g\u00f6r\u00fc\u015fme yapacaklar\u0131n\u0131 dile getirdi. \u00d6te yandan internete uygulanan ve ge\u00e7ti\u011fimiz y\u0131l indirilen \u00d6zel \u0130leti\u015fim Vergilerinin yeniden art\u0131r\u0131laca\u011f\u0131na ili\u015fkin haberlere tehpki g\u00f6steren Bakan Y\u0131ld\u0131r\u0131m, \u201cYok \u00f6yle bir\u015fey. Bunu da g\u00fcndeme getirenler&#8230; Yani biz indirmeye \u00e7al\u0131\u015f\u0131yoruz millet bindirmeye \u00e7al\u0131\u015f\u0131yor. K\u0131z evinde ses yok, o\u011flan evi g\u00fcmb\u00fcr g\u00fcmb\u00fcr\u201d dedi.<\/p>\n<p style=\"text-align: justify;\"><strong><em>Kargo ta\u015f\u0131mac\u0131l\u0131\u011f\u0131nda s\u0131n\u0131r kalkt\u0131 <\/em><\/strong><\/p>\n<p style=\"text-align: justify;\">T\u00fcrkiye ile Bulgaristan aras\u0131ndaki kargo ta\u015f\u0131malar\u0131nda s\u0131n\u0131rlar\u0131 kald\u0131ran mutabakat, Ula\u015ft\u0131rma Bakan\u0131 Binali Y\u0131ld\u0131r\u0131m (sa\u011fda) ile Bulgaristan Ula\u015ft\u0131rma Bakan\u0131 Aleksander Tsvetkov taraf\u0131ndan imzaland\u0131.<\/p>\n<p style=\"text-align: justify;\"><strong><em>Etli kuzu k\u00f6zde belli olur <\/em><\/strong><\/p>\n<p style=\"text-align: justify;\">\u0130stanbul\u2019a yap\u0131lacak \u00fc\u00e7\u00fcnc\u00fc k\u00f6pr\u00fc ile ilgili \u00e7al\u0131\u015fmalar\u0131n an\u0131msat\u0131lmas\u0131 \u00fczerine Bakan Y\u0131ld\u0131r\u0131m, k\u00f6pr\u00fcn\u00fcn ve ba\u011flant\u0131l\u0131 yollar\u0131n\u0131n bak\u0131m\u0131 konusunda kararlar\u0131nda de\u011fi\u015fiklik olmad\u0131\u011f\u0131n\u0131, bunun \u00e7al\u0131\u015fmalar\u0131n\u0131n da s\u00fcrd\u00fcrd\u00fc\u011f\u00fcn\u00fc belirtti. Projeyle herkesin ilgilendi\u011fini vurgulayan Y\u0131ld\u0131r\u0131m, \u201c\u00c7inliler var, Koreliler var, Avrupal\u0131 firmalar var. Yar\u0131\u015facaklar. Neticede etlik kuzu, k\u00f6zde belli olur. Herkes marifetini g\u00f6sterecek\u201d dedi.<\/p>\n<p style=\"text-align: justify;\"><span style=\"color: #888888;\">Haber Kayna\u011f\u0131 : Haber1.com<\/span><\/p>\n","protected":false},"excerpt":{"rendered":"<p style=\"text-align: justify;\">&#8216;Bankalar zekat\u0131n\u0131 verecek&#8217; <\/p>\n<p style=\"text-align: justify;\">Ula\u015ft\u0131rma Bakan\u0131 Binali Y\u0131ld\u0131r\u0131m, d\u00fcn \u00e7ok tart\u0131\u015f\u0131lacak c\u00fcmleler kurdu.<\/p>\n<p style=\"text-align: justify;\">Bankalara getirilen \u015fube harc\u0131n\u0131 \u201cBankalar \u00e7ok k\u00e2r etti, zekat\u0131n\u0131 verecek\u201d \u015feklinde yorumlayan Y\u0131ld\u0131r\u0131m, TEKEL\u2019le ilgili olarak da \u201cBizde para bol ama Tekel i\u015f\u00e7isi hakk\u0131na raz\u0131 olacak\u201d dedi.<\/p>\n","protected":false},"author":1,"featured_media":0,"comment_status":"open","ping_status":"closed","sticky":false,"template":"","format":"standard","meta":{"footnotes":""},"categories":[7],"tags":[],"class_list":["post-35906","post","type-post","status-publish","format-standard","hentry","category-ekonomi","odd"],"_links":{"self":[{"href":"http:\/\/www.korhanyilmaz.com\/index.php?rest_route=\/wp\/v2\/posts\/35906","targetHints":{"allow":["GET"]}}],"collection":[{"href":"http:\/\/www.korhanyilmaz.com\/index.php?rest_route=\/wp\/v2\/posts"}],"about":[{"href":"http:\/\/www.korhanyilmaz.com\/index.php?rest_route=\/wp\/v2\/types\/post"}],"author":[{"embeddable":true,"href":"http:\/\/www.korhanyilmaz.com\/index.php?rest_route=\/wp\/v2\/users\/1"}],"replies":[{"embeddable":true,"href":"http:\/\/www.korhanyilmaz.com\/index.php?rest_route=%2Fwp%2Fv2%2Fcomments&post=35906"}],"version-history":[{"count":0,"href":"http:\/\/www.korhanyilmaz.com\/index.php?rest_route=\/wp\/v2\/posts\/35906\/revisions"}],"wp:attachment":[{"href":"http:\/\/www.korhanyilmaz.com\/index.php?rest_route=%2Fwp%2Fv2%2Fmedia&parent=35906"}],"wp:term":[{"taxonomy":"category","embeddable":true,"href":"http:\/\/www.korhanyilmaz.com\/index.php?rest_route=%2Fwp%2Fv2%2Fcategories&post=35906"},{"taxonomy":"post_tag","embeddable":true,"href":"http:\/\/www.korhanyilmaz.com\/index.php?rest_route=%2Fwp%2Fv2%2Ftags&post=35906"}],"curies":[{"name":"wp","href":"https:\/\/api.w.org\/{rel}","templated":true}]}}