{"id":35901,"date":"2010-01-22T17:50:44","date_gmt":"2010-01-22T15:50:44","guid":{"rendered":"http:\/\/www.korhanyilmaz.com\/?p=18344"},"modified":"2010-01-22T17:50:44","modified_gmt":"2010-01-22T15:50:44","slug":"galatasarayda-kewell-soku-2","status":"publish","type":"post","link":"http:\/\/www.korhanyilmaz.com\/?p=35901","title":{"rendered":"Galatasaray&#039;da Kewell \u015foku"},"content":{"rendered":"<p style=\"text-align: center;\"><a href=\"http:\/\/www.korhanyilmaz.com\/wp-content\/uploads\/2010\/01\/GALATASARAY.jpg\"  class=\"lightview\"><img loading=\"lazy\" decoding=\"async\" class=\"size-full wp-image-18345 aligncenter\" src=\"http:\/\/www.korhanyilmaz.com\/wp-content\/uploads\/2010\/01\/GALATASARAY.jpg\" alt=\"\" width=\"410\" height=\"179\" \/><\/a><\/p>\n<p style=\"text-align: justify;\">Galatasaray&#8217;da sa\u011f kas\u0131\u011f\u0131ndan sakatlanan Harry Kewell, uzun bir s\u00fcre tak\u0131mdan ayr\u0131 kalacak.<\/p>\n<p style=\"text-align: justify;\">Galatasaray Harry Kewell&#8217;dan gelen sakatl\u0131k haberiyle sars\u0131ld\u0131.<\/p>\n<p style=\"text-align: justify;\">Kas\u0131\u011f\u0131nda ikinci derecede y\u0131rt\u0131k tespit edilen Avustralyal\u0131 futbolcunun tak\u0131ma d\u00f6n\u00fc\u015f\u00fc iki ay\u0131 bulacak. <!--more--><\/p>\n<p style=\"text-align: justify;\">Galatasaray&#8217;\u0131n T\u00fcrkiye Kupas\u0131&#8217;nda Orduspor ile oynad\u0131\u011f\u0131 ma\u00e7ta sakatlanan Kewell, tamamlanan tedavisinin ard\u0131ndan hafta ba\u015f\u0131nda tak\u0131mla \u00e7al\u0131\u015fmalara ba\u015flam\u0131\u015ft\u0131.<\/p>\n<p style=\"text-align: justify;\">Ancak son antrenmanda eski sakatl\u0131k b\u00f6lgesine yak\u0131n bir yerde a\u011fr\u0131 hisseden Avustralyal\u0131 oyuncu, \u00e7al\u0131\u015fmay\u0131 yar\u0131da b\u0131rakt\u0131.<\/p>\n<p style=\"text-align: justify;\">Kewell&#8217;\u0131n kontrollerinde sa\u011f kas\u0131\u011f\u0131nda ikinci derece y\u0131rt\u0131k tespit edildi. En az bir ay ko\u015fu dahi yapamayacak y\u0131ld\u0131z oyuncunun sahalara d\u00f6n\u00fc\u015f\u00fc de sekiz haftay\u0131 bulacak.<\/p>\n<p style=\"text-align: justify;\"><span style=\"color: #888888;\">CNN T\u00dcRK<\/span><\/p>\n","protected":false},"excerpt":{"rendered":"<p style=\"text-align: center;\">\n<p style=\"text-align: justify;\">Galatasaray&#8217;da sa\u011f kas\u0131\u011f\u0131ndan sakatlanan Harry Kewell, uzun bir s\u00fcre tak\u0131mdan ayr\u0131 kalacak.<\/p>\n<p style=\"text-align: justify;\">Galatasaray Harry Kewell&#8217;dan gelen sakatl\u0131k haberiyle sars\u0131ld\u0131.<\/p>\n<p style=\"text-align: justify;\">Kas\u0131\u011f\u0131nda ikinci derecede y\u0131rt\u0131k tespit edilen Avustralyal\u0131 futbolcunun tak\u0131ma d\u00f6n\u00fc\u015f\u00fc iki ay\u0131 bulacak. <\/p>\n","protected":false},"author":1,"featured_media":0,"comment_status":"open","ping_status":"closed","sticky":false,"template":"","format":"standard","meta":{"footnotes":""},"categories":[42],"tags":[],"class_list":["post-35901","post","type-post","status-publish","format-standard","hentry","category-spor","odd"],"_links":{"self":[{"href":"http:\/\/www.korhanyilmaz.com\/index.php?rest_route=\/wp\/v2\/posts\/35901","targetHints":{"allow":["GET"]}}],"collection":[{"href":"http:\/\/www.korhanyilmaz.com\/index.php?rest_route=\/wp\/v2\/posts"}],"about":[{"href":"http:\/\/www.korhanyilmaz.com\/index.php?rest_route=\/wp\/v2\/types\/post"}],"author":[{"embeddable":true,"href":"http:\/\/www.korhanyilmaz.com\/index.php?rest_route=\/wp\/v2\/users\/1"}],"replies":[{"embeddable":true,"href":"http:\/\/www.korhanyilmaz.com\/index.php?rest_route=%2Fwp%2Fv2%2Fcomments&post=35901"}],"version-history":[{"count":0,"href":"http:\/\/www.korhanyilmaz.com\/index.php?rest_route=\/wp\/v2\/posts\/35901\/revisions"}],"wp:attachment":[{"href":"http:\/\/www.korhanyilmaz.com\/index.php?rest_route=%2Fwp%2Fv2%2Fmedia&parent=35901"}],"wp:term":[{"taxonomy":"category","embeddable":true,"href":"http:\/\/www.korhanyilmaz.com\/index.php?rest_route=%2Fwp%2Fv2%2Fcategories&post=35901"},{"taxonomy":"post_tag","embeddable":true,"href":"http:\/\/www.korhanyilmaz.com\/index.php?rest_route=%2Fwp%2Fv2%2Ftags&post=35901"}],"curies":[{"name":"wp","href":"https:\/\/api.w.org\/{rel}","templated":true}]}}