{"id":35900,"date":"2010-01-22T12:04:27","date_gmt":"2010-01-22T10:04:27","guid":{"rendered":"http:\/\/www.korhanyilmaz.com\/?p=18316"},"modified":"2010-01-22T12:04:27","modified_gmt":"2010-01-22T10:04:27","slug":"kim-jong-ilin-dag-icindeki-gizli-siginagi-2","status":"publish","type":"post","link":"http:\/\/www.korhanyilmaz.com\/?p=35900","title":{"rendered":"Kim Jong-Il&#039;in da\u011f i\u00e7indeki gizli s\u0131\u011f\u0131na\u011f\u0131"},"content":{"rendered":"<p><a href=\"http:\/\/www.korhanyilmaz.com\/wp-content\/uploads\/2010\/01\/kimjong.jpg\"  class=\"lightview\"><img loading=\"lazy\" decoding=\"async\" class=\"aligncenter size-full wp-image-18317\" src=\"http:\/\/www.korhanyilmaz.com\/wp-content\/uploads\/2010\/01\/kimjong.jpg\" alt=\"\" width=\"292\" height=\"219\" \/><\/a><\/p>\n<p style=\"text-align: justify;\">Kuzey Kore lideri Kim Jong-Il&#8217;in \u00c7in s\u0131n\u0131r\u0131 yak\u0131nlar\u0131ndaki bir da\u011f\u0131n i\u00e7ine askeri kumanda merkezi in\u015fa etti\u011fi iddia edildi.<\/p>\n<p style=\"text-align: justify;\">2 bin 700 metre y\u00fcksekli\u011findeki Paektusan Da\u011f\u0131&#8217;n\u0131n i\u00e7i oyularak yap\u0131ld\u0131\u011f\u0131 belirtilen merkezin Kuzey Kore&#8217;nin i\u015fgal edilmesi durumunda gerilla faaliyeti y\u00fcr\u00fct\u00fclmesi i\u00e7in yap\u0131ld\u0131\u011f\u0131 belirlendi. <!--more--><\/p>\n<p style=\"text-align: justify;\">Kumanda merkezinin yak\u0131nlardaki bir havaalan\u0131na ba\u011flant\u0131s\u0131 olaca\u011f\u0131 ve bu alana ini\u015f yapan helikopter ve jetlerin in\u015fa edilen gizli \u00fcsse saklanmas\u0131n\u0131n planland\u0131\u011f\u0131 iddia edildi.<\/p>\n<p style=\"text-align: justify;\">Bu iddialar askeri analizler yapan Kanwa Bilgi Merkezi&#8217;nin Hong Kong&#8217;daki b\u00fcrosuna ait.<\/p>\n<p style=\"text-align: justify;\"><a href=\"http:\/\/www.korhanyilmaz.com\/wp-content\/uploads\/2010\/01\/laketianchi.jpg\"  class=\"lightview\"><img loading=\"lazy\" decoding=\"async\" class=\"alignleft size-full wp-image-18318\" style=\"margin-left: 10px; margin-right: 10px;\" src=\"http:\/\/www.korhanyilmaz.com\/wp-content\/uploads\/2010\/01\/laketianchi.jpg\" alt=\"\" width=\"292\" height=\"193\" \/><\/a>Kim Jong Il&#8217;in babas\u0131 Kim Il-Song 20&#8217;nci y\u00fczy\u0131l\u0131n ba\u015flar\u0131nda Japon i\u015fgaline kar\u015f\u0131 gerilla harekat\u0131 yapm\u0131\u015ft\u0131. Bu t\u00fcr sava\u015f\u0131n Kuzey Kore&#8217;nin tarihinde s\u0131k g\u00f6r\u00fcld\u00fc\u011f\u00fc belirtiliyor.<\/p>\n<p style=\"text-align: justify;\">Benzeri bir yap\u0131n\u0131n Afganistan&#8217;da da kurulu oldu\u011funu s\u00f6yleyen uzmanlar, komuta merkezinin \u00c7in s\u0131n\u0131r\u0131na yak\u0131n yap\u0131lmas\u0131n\u0131n sebebinin Kim Jong-Il&#8217;in helikopterle k\u0131sa s\u00fcrede \u00c7in&#8217;e s\u0131\u011f\u0131nmas\u0131n\u0131 sa\u011flamak oldu\u011funu d\u00fc\u015f\u00fcn\u00fcyor. Kanwa Bilgi Merkezi&#8217;ne g\u00f6re bu Kuzey Kore&#8217;nin olabilecek en k\u00f6t\u00fc durum senaryosunun bir par\u00e7as\u0131.<\/p>\n<p style=\"text-align: justify;\">Askeri uzmanlar bu in\u015faat\u0131n y\u0131llard\u0131r s\u00fcrd\u00fc\u011f\u00fcn\u00fc belirterek son y\u0131llarda rejime y\u00f6nelik tehdidin artmas\u0131 nedeniyle \u00e7al\u0131\u015fmalara h\u0131z verildi\u011fi kaydediliyor.<\/p>\n<p style=\"text-align: justify;\">Komuta merkezi ve senaryolarda her detay\u0131n d\u00fc\u015f\u00fcn\u00fcld\u00fc\u011f\u00fcn\u00fc belirten uzmanlar G\u00fcney Kore ve ABD&#8217;nin ortak sald\u0131r\u0131s\u0131 ya da i\u00e7eride \u00e7\u0131kacak bir ayaklanman\u0131n olas\u0131 sonu\u00e7lar\u0131n\u0131n tek tek de\u011ferlendirildi\u011fini ifade ettiler.<\/p>\n<p style=\"text-align: justify;\">Komuta merkezinin kuruldu\u011fu Paektusan Da\u011f\u0131, mitolojide Kore&#8217;nin efsanevi kurucusu Tan-Gun&#8217;un do\u011fum yeri olarak biliniyor.<\/p>\n<p style=\"text-align: justify;\"><span style=\"color: #888888;\">CNN T\u00dcRK<\/span><\/p>\n","protected":false},"excerpt":{"rendered":"<\/p>\n<p style=\"text-align: justify;\">Kuzey Kore lideri Kim Jong-Il&#8217;in \u00c7in s\u0131n\u0131r\u0131 yak\u0131nlar\u0131ndaki bir da\u011f\u0131n i\u00e7ine askeri kumanda merkezi in\u015fa etti\u011fi iddia edildi.<\/p>\n<p style=\"text-align: justify;\">2 bin 700 metre y\u00fcksekli\u011findeki Paektusan Da\u011f\u0131&#8217;n\u0131n i\u00e7i oyularak yap\u0131ld\u0131\u011f\u0131 belirtilen merkezin Kuzey Kore&#8217;nin i\u015fgal edilmesi durumunda gerilla faaliyeti y\u00fcr\u00fct\u00fclmesi i\u00e7in yap\u0131ld\u0131\u011f\u0131 belirlendi. <\/p>\n","protected":false},"author":1,"featured_media":0,"comment_status":"open","ping_status":"closed","sticky":false,"template":"","format":"standard","meta":{"footnotes":""},"categories":[3],"tags":[],"class_list":["post-35900","post","type-post","status-publish","format-standard","hentry","category-dunya","odd"],"_links":{"self":[{"href":"http:\/\/www.korhanyilmaz.com\/index.php?rest_route=\/wp\/v2\/posts\/35900","targetHints":{"allow":["GET"]}}],"collection":[{"href":"http:\/\/www.korhanyilmaz.com\/index.php?rest_route=\/wp\/v2\/posts"}],"about":[{"href":"http:\/\/www.korhanyilmaz.com\/index.php?rest_route=\/wp\/v2\/types\/post"}],"author":[{"embeddable":true,"href":"http:\/\/www.korhanyilmaz.com\/index.php?rest_route=\/wp\/v2\/users\/1"}],"replies":[{"embeddable":true,"href":"http:\/\/www.korhanyilmaz.com\/index.php?rest_route=%2Fwp%2Fv2%2Fcomments&post=35900"}],"version-history":[{"count":0,"href":"http:\/\/www.korhanyilmaz.com\/index.php?rest_route=\/wp\/v2\/posts\/35900\/revisions"}],"wp:attachment":[{"href":"http:\/\/www.korhanyilmaz.com\/index.php?rest_route=%2Fwp%2Fv2%2Fmedia&parent=35900"}],"wp:term":[{"taxonomy":"category","embeddable":true,"href":"http:\/\/www.korhanyilmaz.com\/index.php?rest_route=%2Fwp%2Fv2%2Fcategories&post=35900"},{"taxonomy":"post_tag","embeddable":true,"href":"http:\/\/www.korhanyilmaz.com\/index.php?rest_route=%2Fwp%2Fv2%2Ftags&post=35900"}],"curies":[{"name":"wp","href":"https:\/\/api.w.org\/{rel}","templated":true}]}}