{"id":3590,"date":"2009-02-25T10:07:26","date_gmt":"2009-02-25T08:07:26","guid":{"rendered":"http:\/\/www.korhanyilmaz.com\/?p=3590"},"modified":"2009-02-25T10:07:26","modified_gmt":"2009-02-25T08:07:26","slug":"iett%e2%80%99den-ulker-dagiticiligina-oradan-en-zengin-basbakanina","status":"publish","type":"post","link":"http:\/\/www.korhanyilmaz.com\/?p=3590","title":{"rendered":"\u0130ETT\u2019den \u00dclker da\u011f\u0131t\u0131c\u0131l\u0131\u011f\u0131na oradan en zengin ba\u015fbakan\u0131na"},"content":{"rendered":"<p style=\"text-align: center;\"><img loading=\"lazy\" decoding=\"async\" class=\"aligncenter size-full wp-image-3591\" title=\"\u0130ETT\u2019den \u00dclker da\u011f\u0131t\u0131c\u0131l\u0131\u011f\u0131na oradan en zengin ba\u015fbakan\u0131na \" src=\"http:\/\/www.korhanyilmaz.com\/wp-content\/uploads\/2009\/02\/250220090820430400570.jpg\" alt=\"\u0130ETT\u2019den \u00dclker da\u011f\u0131t\u0131c\u0131l\u0131\u011f\u0131na oradan en zengin ba\u015fbakan\u0131na \" width=\"376\" height=\"240\" \/><\/p>\n<p style=\"text-align: justify;\">CHP lideri Deniz Baykal, Do\u011fan Grubu&#8217;na &#8220;vergi ka\u00e7ak\u00e7\u0131l\u0131\u011f\u0131&#8221; gerek\u00e7esiyle verilen cezaya ili\u015fkin olarak, &#8220;Ba\u015fbakan, &#8216;Ergenekon&#8217;un savc\u0131s\u0131y\u0131m&#8217; dedi. \u015eimdi de kendisini defterdar olarak g\u00f6r\u00fcyor. T\u00fcrkiye&#8217;nin vergi rekortmeninden, vergi ka\u00e7ak\u00e7\u0131s\u0131 yarat\u0131yor; vergi ka\u00e7ak\u00e7\u0131lar\u0131ndan da bakan. \u00dcstelik o bakan i\u00e7in de 5 kez vergi aff\u0131 \u00e7\u0131kart\u0131yor. Yap\u0131lan bir mali Ergenekondur&#8221; de\u011ferlendirmesinde bulundu. Grup toplant\u0131s\u0131nda konu\u015fan Baykal&#8217;\u0131n \u015f\u00f6yle dedi:<br \/>\nSABAH-atv: \u00dcstelik yolsuzluklar sadece bununla da bitmiyor. Bir de Sabah-atv sat\u0131\u015f\u0131 var. TMSF&#8217;nin yapaca\u011f\u0131 sat\u0131\u015f allem edildi, kallem edildi, devlet bankas\u0131n\u0131n da verdi\u011fi krediyle Ba\u015fbakan&#8217;\u0131n damad\u0131n\u0131n ba\u015f\u0131nda oldu\u011fu \u015firkete verildi. \u00dcstelik Ba\u015fbakan TMSF Ba\u015fkan\u0131&#8217;n\u0131 &#8220;Neden y\u00fcksek fiyata satt\u0131n?&#8221; diye azarlad\u0131. Sen Ba\u015fbakan m\u0131s\u0131n bunu s\u00f6ylerken, yoksa kay\u0131npeder misin?<!--more-->\n<\/p>\n<p style=\"text-align: justify;\"><strong>BURSLU \u00c7OCUKLARIN:<\/strong> Ba\u015fbakan&#8217;\u0131n \u00e7ocuklar\u0131 ba\u015fkalar\u0131n\u0131n verdi\u011fi burslarla okumu\u015ftu. \u015eimdi ma\u015fallah, al g\u00fcl\u00fcm ver g\u00fcl\u00fcm! T\u00fcrkiye&#8217;nin en karl\u0131 i\u015flerindeler. Bu manzaraya bak\u0131p da iktidar\u0131 yolsuzluk ve d\u00fcr\u00fcstl\u00fck konusunda duyarl\u0131 oldu\u011funu s\u00f6ylemek m\u00fcmk\u00fcn m\u00fc? Uluslararas\u0131 internet sitelerinde Ba\u015fbakan&#8217;dan, &#8220;D\u00fcnyan\u0131n en zengin 10 ba\u015fbakan\u0131ndan biri&#8221; olarak s\u00f6z ediliyor. S\u00fctl\u00fcce&#8217;den ba\u015flay\u0131p, \u0130ETT&#8217;den ge\u00e7ip, \u00dclker da\u011f\u0131t\u0131c\u0131l\u0131\u011f\u0131ndan en zengin ba\u015fbakanl\u0131\u011fa! Bu T\u00fcrkiye&#8217;ye yak\u0131\u015fm\u0131yor. Bunlar\u0131n hesab\u0131 sorulmal\u0131d\u0131r. Ba\u015fbakan &#8216;i\u015fte meydan&#8217; diyor. Demokraside meydana \u00e7\u0131kmak iyidir de milletin kar\u015f\u0131s\u0131na \u00e7\u0131k\u0131p her t\u00fcrl\u00fc soruya cevap vermen daha iyidir. Demokrasi ka\u00e7a\u011f\u0131 bir Ba\u015fbakan var.<\/p>\n<p style=\"text-align: justify;\"><span style=\"color: #888888;\">Kaynak : Vatan Gazetesi<\/span><\/p>\n","protected":false},"excerpt":{"rendered":"<p style=\"text-align: center;\">\n<p style=\"text-align: justify;\">CHP lideri Deniz Baykal, Do\u011fan Grubu&#8217;na &#8220;vergi ka\u00e7ak\u00e7\u0131l\u0131\u011f\u0131&#8221; gerek\u00e7esiyle verilen cezaya ili\u015fkin olarak, &#8220;Ba\u015fbakan, &#8216;Ergenekon&#8217;un savc\u0131s\u0131y\u0131m&#8217; dedi. \u015eimdi de kendisini defterdar olarak g\u00f6r\u00fcyor. T\u00fcrkiye&#8217;nin vergi rekortmeninden, vergi ka\u00e7ak\u00e7\u0131s\u0131 yarat\u0131yor; vergi ka\u00e7ak\u00e7\u0131lar\u0131ndan da bakan. \u00dcstelik o bakan i\u00e7in de 5 kez vergi aff\u0131 \u00e7\u0131kart\u0131yor. Yap\u0131lan bir mali Ergenekondur&#8221; de\u011ferlendirmesinde bulundu. Grup <\/p>\n","protected":false},"author":1,"featured_media":0,"comment_status":"open","ping_status":"closed","sticky":false,"template":"","format":"standard","meta":{"footnotes":""},"categories":[105],"tags":[],"class_list":["post-3590","post","type-post","status-publish","format-standard","hentry","category-gundem","odd"],"_links":{"self":[{"href":"http:\/\/www.korhanyilmaz.com\/index.php?rest_route=\/wp\/v2\/posts\/3590","targetHints":{"allow":["GET"]}}],"collection":[{"href":"http:\/\/www.korhanyilmaz.com\/index.php?rest_route=\/wp\/v2\/posts"}],"about":[{"href":"http:\/\/www.korhanyilmaz.com\/index.php?rest_route=\/wp\/v2\/types\/post"}],"author":[{"embeddable":true,"href":"http:\/\/www.korhanyilmaz.com\/index.php?rest_route=\/wp\/v2\/users\/1"}],"replies":[{"embeddable":true,"href":"http:\/\/www.korhanyilmaz.com\/index.php?rest_route=%2Fwp%2Fv2%2Fcomments&post=3590"}],"version-history":[{"count":0,"href":"http:\/\/www.korhanyilmaz.com\/index.php?rest_route=\/wp\/v2\/posts\/3590\/revisions"}],"wp:attachment":[{"href":"http:\/\/www.korhanyilmaz.com\/index.php?rest_route=%2Fwp%2Fv2%2Fmedia&parent=3590"}],"wp:term":[{"taxonomy":"category","embeddable":true,"href":"http:\/\/www.korhanyilmaz.com\/index.php?rest_route=%2Fwp%2Fv2%2Fcategories&post=3590"},{"taxonomy":"post_tag","embeddable":true,"href":"http:\/\/www.korhanyilmaz.com\/index.php?rest_route=%2Fwp%2Fv2%2Ftags&post=3590"}],"curies":[{"name":"wp","href":"https:\/\/api.w.org\/{rel}","templated":true}]}}