{"id":359,"date":"2008-08-13T11:34:41","date_gmt":"2008-08-13T08:34:41","guid":{"rendered":"http:\/\/www.korhanyilmaz.com\/?p=359"},"modified":"2008-08-13T11:34:41","modified_gmt":"2008-08-13T08:34:41","slug":"kadikoy-uefa-finaline-hazirlaniyor","status":"publish","type":"post","link":"http:\/\/www.korhanyilmaz.com\/?p=359","title":{"rendered":"Kad\u0131k\u00f6y UEFA Finali&#8217;ne haz\u0131rlan\u0131yor!"},"content":{"rendered":"<p style=\"text-align: center;\"><img loading=\"lazy\" decoding=\"async\" class=\"size-medium wp-image-361 aligncenter\" title=\"d8c44f21696af543b98fb2d6r1\" src=\"http:\/\/www.korhanyilmaz.com\/wp-content\/uploads\/2008\/08\/d8c44f21696af543b98fb2d6r1-300x180.jpg\" alt=\"\" width=\"300\" height=\"180\" \/><\/p>\n<p style=\"text-align: justify;\">UEFA Finali \u00f6ncesi 2. organizasyon toplant\u0131s\u0131 bug\u00fcn saat 10&#8217;da \u015e\u00fckr\u00fc Sara\u00e7o\u011flu Stad\u0131&#8217;nda ger\u00e7ekle\u015fecek&#8230;\u00a0<\/p>\n<p style=\"text-align: justify;\">\u00a0Fenerbah\u00e7e \u015e\u00fckr\u00fc Sara\u00e7o\u011flu stad\u0131&#8217;nda oynanacak olan UEFA Kupas\u0131 Finali \u00f6ncesi, 2. organizasyon toplant\u0131s\u0131 bug\u00fcn \u015e\u00fckr\u00fc Sara\u00e7o\u011flu Stad\u0131&#8217;nda yap\u0131lacak.Toplant\u0131dan \u00f6nce UEFA yetkilileri stad\u0131 gezip incelemelerde bulunacak. Toplant\u0131lara UEFA yetkilileri d\u0131\u015f\u0131nda, \u0130stanbul Vali Yard\u0131mc\u0131s\u0131 Ergun G\u00fcng\u00f6r, \u0130stanbul Emniyet M\u00fcd\u00fcr\u00fcl\u00fc\u011f\u00fc, \u0130stanbul B\u00fcy\u00fck\u015fehir Belediyesi, Kad\u0131k\u00f6y Belediyesi, Atat\u00fcrk ve Sabiha G\u00f6\u00e7ken Havalimanlar\u0131 yetkileri de kat\u0131lacak.<\/p>\n","protected":false},"excerpt":{"rendered":"<p style=\"text-align: center;\">\n<p style=\"text-align: justify;\">UEFA Finali \u00f6ncesi 2. organizasyon toplant\u0131s\u0131 bug\u00fcn saat 10&#8217;da \u015e\u00fckr\u00fc Sara\u00e7o\u011flu Stad\u0131&#8217;nda ger\u00e7ekle\u015fecek&#8230; <\/p>\n<p style=\"text-align: justify;\"> Fenerbah\u00e7e \u015e\u00fckr\u00fc Sara\u00e7o\u011flu stad\u0131&#8217;nda oynanacak olan UEFA Kupas\u0131 Finali \u00f6ncesi, 2. organizasyon toplant\u0131s\u0131 bug\u00fcn \u015e\u00fckr\u00fc Sara\u00e7o\u011flu Stad\u0131&#8217;nda yap\u0131lacak.Toplant\u0131dan \u00f6nce UEFA yetkilileri stad\u0131 gezip incelemelerde bulunacak. Toplant\u0131lara UEFA yetkilileri d\u0131\u015f\u0131nda, \u0130stanbul Vali Yard\u0131mc\u0131s\u0131 Ergun <\/p>\n","protected":false},"author":1,"featured_media":0,"comment_status":"open","ping_status":"open","sticky":false,"template":"","format":"standard","meta":{"footnotes":""},"categories":[42],"tags":[],"class_list":["post-359","post","type-post","status-publish","format-standard","hentry","category-spor","odd"],"_links":{"self":[{"href":"http:\/\/www.korhanyilmaz.com\/index.php?rest_route=\/wp\/v2\/posts\/359","targetHints":{"allow":["GET"]}}],"collection":[{"href":"http:\/\/www.korhanyilmaz.com\/index.php?rest_route=\/wp\/v2\/posts"}],"about":[{"href":"http:\/\/www.korhanyilmaz.com\/index.php?rest_route=\/wp\/v2\/types\/post"}],"author":[{"embeddable":true,"href":"http:\/\/www.korhanyilmaz.com\/index.php?rest_route=\/wp\/v2\/users\/1"}],"replies":[{"embeddable":true,"href":"http:\/\/www.korhanyilmaz.com\/index.php?rest_route=%2Fwp%2Fv2%2Fcomments&post=359"}],"version-history":[{"count":0,"href":"http:\/\/www.korhanyilmaz.com\/index.php?rest_route=\/wp\/v2\/posts\/359\/revisions"}],"wp:attachment":[{"href":"http:\/\/www.korhanyilmaz.com\/index.php?rest_route=%2Fwp%2Fv2%2Fmedia&parent=359"}],"wp:term":[{"taxonomy":"category","embeddable":true,"href":"http:\/\/www.korhanyilmaz.com\/index.php?rest_route=%2Fwp%2Fv2%2Fcategories&post=359"},{"taxonomy":"post_tag","embeddable":true,"href":"http:\/\/www.korhanyilmaz.com\/index.php?rest_route=%2Fwp%2Fv2%2Ftags&post=359"}],"curies":[{"name":"wp","href":"https:\/\/api.w.org\/{rel}","templated":true}]}}