{"id":35887,"date":"2009-12-13T21:50:37","date_gmt":"2009-12-13T19:50:37","guid":{"rendered":"http:\/\/www.korhanyilmaz.com\/?p=17107"},"modified":"2009-12-13T21:50:37","modified_gmt":"2009-12-13T19:50:37","slug":"italya-basbakani-berlusconiye-yumruk-2","status":"publish","type":"post","link":"http:\/\/www.korhanyilmaz.com\/?p=35887","title":{"rendered":"\u0130talya Ba\u015fbakan\u0131 Berlusconi&#039;ye yumruk"},"content":{"rendered":"<p><a href=\"http:\/\/www.korhanyilmaz.com\/wp-content\/uploads\/2009\/12\/birlusconi.jpg\"  class=\"lightview\"><img loading=\"lazy\" decoding=\"async\" class=\"aligncenter size-full wp-image-17108\" src=\"http:\/\/www.korhanyilmaz.com\/wp-content\/uploads\/2009\/12\/birlusconi.jpg\" alt=\"\" width=\"292\" height=\"215\" \/><\/a><\/p>\n<p style=\"text-align: justify;\">\u0130talya Ba\u015fbakan\u0131 Silvio Berlusconi, Milano&#8217;da yumruklu sald\u0131r\u0131ya u\u011frad\u0131. Sald\u0131rgan\u0131n sab\u0131kas\u0131 bulunmayan 1967 do\u011fumlu bir \u0130talyan vatanda\u015f\u0131 oldu\u011fu da kaydedildi.<\/p>\n<p style=\"text-align: justify;\">Berlusconi sald\u0131r\u0131dan sonra hastaneye kald\u0131r\u0131l\u0131rken, erkek sald\u0131rgan, polis taraf\u0131ndan yakalanarak, g\u00f6zalt\u0131na al\u0131nd\u0131.<\/p>\n<p style=\"text-align: justify;\">Silvio Berlusconi, lideri oldu\u011fu \u00d6zg\u00fcrl\u00fck\u00e7\u00fc Halk Partisi&#8217;nin (\u00d6HP) Milano&#8217;nun Duomo meydan\u0131nda d\u00fczenledi\u011fi miting s\u0131ras\u0131nda sald\u0131r\u0131ya maruz kald\u0131. <!--more--><\/p>\n<p style=\"text-align: justify;\">Berlusconi&#8217;nin konu\u015fmas\u0131n\u0131 tamamlamas\u0131n\u0131n ard\u0131ndan, dinleyiciler aras\u0131nda bulunan bir ki\u015finin sald\u0131r\u0131s\u0131na u\u011frad\u0131\u011f\u0131 bildirildi.<\/p>\n<p style=\"text-align: justify;\">Erkek oldu\u011fu belirtilen sald\u0131rgan\u0131n Berlusconi&#8217;nin y\u00fcz\u00fcne kuvvetli bir yumruk att\u0131\u011f\u0131 kaydedildi.<\/p>\n<p style=\"text-align: justify;\">Sald\u0131r\u0131 s\u0131ras\u0131nda Berlusconi&#8217;ye bir metre mesafede bulunan Savunma Bakan\u0131 Ignazio La Russa, tan\u0131k oldu\u011fu hadiseyi \u015f\u00f6yle anlatt\u0131: &#8220;Ba\u015fbakan, sald\u0131rgan\u0131n yumru\u011funa maruz kald\u0131. Sald\u0131rgan\u0131n elinde de bir \u015fey var gibiydi. Ba\u015fbakan\u0131n a\u011fz\u0131 ve burnu kan\u0131yordu. Sald\u0131rgan hemen yakalanarak, g\u00f6zalt\u0131na al\u0131nd\u0131. Olay, Ba\u015fbakan\u0131n k\u00fcrs\u00fcden indi\u011fi s\u0131rada meydana geldi. Polisler sald\u0131rgan\u0131 g\u00f6zalt\u0131na alarak lin\u00e7 edilmekten de kurtarm\u0131\u015f oldular. Polis m\u00fcdahale etmesiydi, oradaki insanlar sald\u0131rgan\u0131 parampar\u00e7a edebilirdi.&#8221;<\/p>\n<p style=\"text-align: justify;\">Sald\u0131rgan\u0131 yakalayan g\u00fcvenlik birimlerinin Ba\u015fbakan Berlusconi&#8217;yi de ara\u00e7la hemen miting alan\u0131ndan uzakla\u015ft\u0131rarak, tedavi i\u00e7in Milano&#8217;daki San Raffaele hastanesine g\u00f6t\u00fcr\u00fcld\u00fc.<\/p>\n<p style=\"text-align: justify;\">Berlusconi&#8217;nin 24 saat g\u00f6zetim alt\u0131nda tutulaca\u011f\u0131 belirtildi. Acil serviste kontrolden ge\u00e7irilen Berlusconi&#8217;nin sa\u011fl\u0131k durumunda kayg\u0131 verici durum olmad\u0131\u011f\u0131 \u00f6\u011frenildi.<\/p>\n<p style=\"text-align: justify;\">Edinilen bilgiye g\u00f6re Berlusconi, acil servisteki ilk m\u00fcdahalenin ard\u0131ndan y\u00fcz\u00fcnde bir buz torbas\u0131yla sedyeyle g\u00f6zetim alt\u0131nda tutulaca\u011f\u0131 odaya nakli s\u0131ras\u0131nda, sa\u011fl\u0131k g\u00f6revlisinin elini tutarak, &#8220;\u0130yiyim&#8221; dedi.<\/p>\n<p style=\"text-align: justify;\">Sald\u0131rgan\u0131n sab\u0131kas\u0131 bulunmayan 1967 do\u011fumlu bir \u0130talyan vatanda\u015f\u0131 oldu\u011fu da kaydedildi.<\/p>\n<p style=\"text-align: justify;\">Miting alan\u0131nda yer alan siyasi yetkililerden ve h\u00fck\u00fcmetin koalisyon ortaklar\u0131ndan biri olan Kuzey Birli\u011fi Partisi (KBP) Genel Ba\u015fkan\u0131 Umberto Bossi, &#8220;Bu, bir ter\u00f6r sald\u0131r\u0131s\u0131d\u0131r. Ortal\u0131kta bu t\u00fcrden canilikler yapabilecek bir s\u00fcr\u00fc insan var. KBP olarak ter\u00f6r riskiyle m\u00fccadeleye haz\u0131r\u0131z&#8221; diye konu\u015ftu.<\/p>\n<p style=\"text-align: justify;\"><strong><em>Di Pietro: &#8220;Berlusconi insanlar\u0131 k\u0131\u015fk\u0131rt\u0131yor&#8221; <\/em><\/strong><\/p>\n<p style=\"text-align: justify;\">Silvio Berlusconi&#8217;nin, Milano&#8217;da miting sonras\u0131nda yumruklu sald\u0131r\u0131ya u\u011framas\u0131na siyaset d\u00fcnyas\u0131ndan tepki ya\u011f\u0131yor.<\/p>\n<p style=\"text-align: justify;\">Siyasi yetkililerin b\u00fcy\u00fck \u00e7o\u011funlu\u011fu Ba\u015fbakana ge\u00e7mi\u015f olsun dile\u011finde bulunup sald\u0131r\u0131y\u0131 k\u0131narken, muhalefetteki \u0130talyan De\u011ferler Partisi (\u0130DP) Genel Ba\u015fbakan\u0131 Antonio Di Pietro, Berlusconiyi su\u00e7lad\u0131.<\/p>\n<p style=\"text-align: justify;\">\u0130talya&#8217;daki Temiz Eller d\u00f6nemindeki savc\u0131l\u0131\u011f\u0131n\u0131n ard\u0131ndan siyasete at\u0131lan Di Pietro, Milano&#8217;daki sald\u0131r\u0131ya ili\u015fkin yapt\u0131\u011f\u0131 de\u011ferlendirmede, &#8220;Ben, \u015fiddet olsun istemiyorum. Ancak Berlusconi, davran\u0131\u015flar\u0131yla ve umursamazl\u0131\u011f\u0131yla insanlar\u0131 k\u0131\u015fk\u0131rtarak \u015fiddete y\u00f6neltiyor&#8221; dedi.<\/p>\n<p style=\"text-align: justify;\">Di Pietro, &#8220;Milyonlarca insan\u0131n i\u015finden oldu\u011fu, ay sonunu getirmekte zorland\u0131klar\u0131 bir d\u00f6nemdeyiz. Berlusconi ise kendisini ve de salt kendi \u00e7\u0131karlar\u0131n\u0131 kollayacak kanunlar \u00e7\u0131karma amac\u0131yla parlamentoyu adeta bloke etmi\u015f vaziyette. \u0130nsanlar\u0131n b\u00f6yle bir Ba\u015fbakan\u0131 her g\u00fcn g\u00f6rmekten duyduklar\u0131 rahats\u0131zl\u0131\u011f\u0131 gayet iyi anl\u0131yorum&#8221; diye konu\u015ftu.<\/p>\n<p style=\"text-align: justify;\">Di Pietro&#8217;nun bu s\u00f6zleri ise merkez sa\u011f koalisyonun tepkisine neden oldu. D\u0131\u015fi\u015fleri Bakan\u0131 Franco Frattini, Berlusconi&#8217;nin sald\u0131r\u0131ya u\u011framas\u0131ndan derin \u00fcz\u00fcnt\u00fc ve kayg\u0131 duydu\u011funu belirterek, &#8220;Bu son derece vahim bir hadisedir. Halk dolduru\u015fa getirilirse biri de pekala sald\u0131r\u0131ya ge\u00e7ebiliyor. Say\u0131n Di Pietro ise sald\u0131r\u0131y\u0131 k\u0131nayaca\u011f\u0131na, esas itibar\u0131yla neredeyse mazur g\u00f6r\u00fcyor. Di Pietro&#8217;nun bu tepkisi \u0130talya ve parlamento ad\u0131na utan\u00e7 vericidir&#8221; dedi.<\/p>\n<p style=\"text-align: justify;\"><strong><em>Facebook kullan\u0131c\u0131lar\u0131 ikiye b\u00f6l\u00fcnd\u00fc <\/em><\/strong><\/p>\n<p style=\"text-align: justify;\">Bu arada, g\u00f6zalt\u0131na al\u0131nan 42 ya\u015f\u0131ndaki \u0130talyan sald\u0131rgan\u0131n kimli\u011fi Massimo Tartaglia olarak a\u00e7\u0131kland\u0131.<\/p>\n<p style=\"text-align: justify;\">Berlusconi&#8217;nin y\u00fcz\u00fcne a\u011f\u0131r bir yumruk indire Tartaglia&#8217;n\u0131n daha \u00f6nce sab\u0131kas\u0131n\u0131n bulunmad\u0131\u011f\u0131 da kaydedildi.<\/p>\n<p style=\"text-align: justify;\">\u00d6te yandan, internetteki en b\u00fcy\u00fck sosyal a\u011flardan biri olan Facebook kullan\u0131c\u0131lar\u0131n da olay nedeniyle ikiye b\u00f6ld\u00fc.<\/p>\n<p style=\"text-align: justify;\">Kullan\u0131c\u0131lar\u0131n bir b\u00f6l\u00fcm\u00fc sald\u0131r\u0131y\u0131 \u015fiddetle k\u0131narken, bir b\u00f6l\u00fcm\u00fcn\u00fcn ise sald\u0131r\u0131y\u0131 desteklemeleri dikkati \u00e7ekti.<\/p>\n<p style=\"text-align: justify;\">Sald\u0131r\u0131n\u0131n duyulmas\u0131n\u0131n ard\u0131ndan, Facebook&#8217;ta &#8220;Massimo Tartaglia personaggio dell&#8217;anno&#8221; (Massimo Tartaglia y\u0131l\u0131n adam\u0131), &#8220;Massimo Tartaglia Vergogna!&#8221; (Massimo Tartaglia Utan!), &#8220;Tartaglia: ovvero colui che ha spaccato la faccia a Berlusca&#8221; (Tartaglia: Tartaglia: Berlusca&#8217;n\u0131n surat\u0131n\u0131 ikiye yaran adam), &#8220;Io sto dalla parte di Tartaglia&#8221; (Ben, Tartaglia&#8217;dan yanay\u0131m) ba\u015fl\u0131klar\u0131 alt\u0131nda \u00e7e\u015fitli gruplar\u0131n olu\u015fturuldu\u011fu ve olay\u0131n kullan\u0131c\u0131lar\u0131n tart\u0131\u015fmas\u0131na a\u00e7\u0131ld\u0131\u011f\u0131 g\u00f6zlendi.<\/p>\n<p style=\"text-align: justify;\"><span style=\"color: #888888;\">CNN T\u00dcRK<\/span><\/p>\n","protected":false},"excerpt":{"rendered":"<\/p>\n<p style=\"text-align: justify;\">\u0130talya Ba\u015fbakan\u0131 Silvio Berlusconi, Milano&#8217;da yumruklu sald\u0131r\u0131ya u\u011frad\u0131. Sald\u0131rgan\u0131n sab\u0131kas\u0131 bulunmayan 1967 do\u011fumlu bir \u0130talyan vatanda\u015f\u0131 oldu\u011fu da kaydedildi.<\/p>\n<p style=\"text-align: justify;\">Berlusconi sald\u0131r\u0131dan sonra hastaneye kald\u0131r\u0131l\u0131rken, erkek sald\u0131rgan, polis taraf\u0131ndan yakalanarak, g\u00f6zalt\u0131na al\u0131nd\u0131.<\/p>\n<p style=\"text-align: justify;\">Silvio Berlusconi, lideri oldu\u011fu \u00d6zg\u00fcrl\u00fck\u00e7\u00fc Halk Partisi&#8217;nin (\u00d6HP) Milano&#8217;nun Duomo meydan\u0131nda d\u00fczenledi\u011fi miting s\u0131ras\u0131nda sald\u0131r\u0131ya maruz kald\u0131. <\/p>\n","protected":false},"author":1,"featured_media":0,"comment_status":"open","ping_status":"closed","sticky":false,"template":"","format":"standard","meta":{"footnotes":""},"categories":[3],"tags":[],"class_list":["post-35887","post","type-post","status-publish","format-standard","hentry","category-dunya","odd"],"_links":{"self":[{"href":"http:\/\/www.korhanyilmaz.com\/index.php?rest_route=\/wp\/v2\/posts\/35887","targetHints":{"allow":["GET"]}}],"collection":[{"href":"http:\/\/www.korhanyilmaz.com\/index.php?rest_route=\/wp\/v2\/posts"}],"about":[{"href":"http:\/\/www.korhanyilmaz.com\/index.php?rest_route=\/wp\/v2\/types\/post"}],"author":[{"embeddable":true,"href":"http:\/\/www.korhanyilmaz.com\/index.php?rest_route=\/wp\/v2\/users\/1"}],"replies":[{"embeddable":true,"href":"http:\/\/www.korhanyilmaz.com\/index.php?rest_route=%2Fwp%2Fv2%2Fcomments&post=35887"}],"version-history":[{"count":0,"href":"http:\/\/www.korhanyilmaz.com\/index.php?rest_route=\/wp\/v2\/posts\/35887\/revisions"}],"wp:attachment":[{"href":"http:\/\/www.korhanyilmaz.com\/index.php?rest_route=%2Fwp%2Fv2%2Fmedia&parent=35887"}],"wp:term":[{"taxonomy":"category","embeddable":true,"href":"http:\/\/www.korhanyilmaz.com\/index.php?rest_route=%2Fwp%2Fv2%2Fcategories&post=35887"},{"taxonomy":"post_tag","embeddable":true,"href":"http:\/\/www.korhanyilmaz.com\/index.php?rest_route=%2Fwp%2Fv2%2Ftags&post=35887"}],"curies":[{"name":"wp","href":"https:\/\/api.w.org\/{rel}","templated":true}]}}