{"id":35882,"date":"2009-11-23T11:19:38","date_gmt":"2009-11-23T09:19:38","guid":{"rendered":"http:\/\/www.korhanyilmaz.com\/?p=16805"},"modified":"2009-11-23T11:19:38","modified_gmt":"2009-11-23T09:19:38","slug":"perese-gore-turkiye-hangi-konuda-tek-ulke-2","status":"publish","type":"post","link":"http:\/\/www.korhanyilmaz.com\/?p=35882","title":{"rendered":"Peres&#039;e g\u00f6re T\u00fcrkiye hangi konuda tek \u00fclke?"},"content":{"rendered":"<p style=\"text-align: justify;\"><a href=\"http:\/\/www.korhanyilmaz.com\/wp-content\/uploads\/2009\/11\/PEREZ.jpg\"  class=\"lightview\"><img loading=\"lazy\" decoding=\"async\" class=\"aligncenter size-full wp-image-16807\" src=\"http:\/\/www.korhanyilmaz.com\/wp-content\/uploads\/2009\/11\/PEREZ.jpg\" alt=\"\" width=\"292\" height=\"204\" \/><\/a><\/p>\n<p style=\"text-align: justify;\">\u0130srail Cumhurba\u015fkan\u0131 \u015eimon Peres, \u201cT\u00fcrkiye d\u00fcnya \u00fczerinde demokratik olmayan bir kurumun, yani ordunun, demokrasiyi korumakla g\u00f6revli oldu\u011fu tek \u00fclkedir&#8221; yorumunda bulundu.<\/p>\n<p style=\"text-align: justify;\">(DHA) &#8212; ABD&#8217;de yay\u0131mlanan savunma dergisi Defense News&#8217;a r\u00f6portaj veren Peres, muhabirin, \u201cErdo\u011fan \u00fclkesini \u0130srail&#8217;le ortakl\u0131ktan uzakla\u015ft\u0131r\u0131p radikal \u0130slam&#8217;a do\u011fru mu g\u00f6t\u00fcr\u00fcyor?&#8221; sorusuna, \u201cT\u00fcrkiye d\u00fcnya \u00fczerinde, demokratik olmayan bir kurumun, yani ordunun, demokrasiyi korumakla g\u00f6revli oldu\u011fu tek \u00fclkedir. Ger\u00e7ekten de \u00f6yleydi. Ancak ordunun rol\u00fc de\u011fi\u015fti. <!--more-->\u015eimdi sorun, Erdo\u011fan&#8217;\u0131n kendi M\u00fcsl\u00fcman n\u00fcfusunu demokrasiye do\u011fru mu g\u00f6t\u00fcrece\u011fi, yoksa demokratik g\u00fc\u00e7lerin daha \u0130slamc\u0131 bir devlet mi isteyece\u011fidir&#8221; yan\u0131t\u0131n\u0131 verdi.<\/p>\n<p style=\"text-align: justify;\">Avrupa Birli\u011fi&#8217;nin T\u00fcrkiye&#8217;yi \u00fcyeli\u011fe almakta ayak s\u00fcr\u00fcmesinin Ankara&#8217;da hayal k\u0131r\u0131kl\u0131\u011f\u0131na yol a\u00e7t\u0131\u011f\u0131n\u0131 ve Ankara&#8217;n\u0131n yeni aray\u0131\u015flar i\u00e7ine girmesine neden oldu\u011funu kaydeden \u0130srail Cumhurba\u015fkan\u0131, Erdo\u011fan&#8217;\u0131n farkl\u0131 do\u011frultuda gitmeye daha ne kadar devam edece\u011fini bilemedi\u011fini s\u00f6yledi.<\/p>\n<p style=\"text-align: justify;\">\u015eimon Peres, T\u00fcrkiye&#8217;nin \u0130srail ile Suriye aras\u0131nda rol oynamak istedi\u011fini hat\u0131rlatarak, \u201cAncak bir arabulucu olursan\u0131z, bir tarafa yak\u0131n olmaktan vazge\u00e7ip ortada durursunuz&#8221; dedi.<\/p>\n<p style=\"text-align: justify;\">\u0130srail Cumhurba\u015fkan\u0131, Defense News&#8217;un, \u201cAnkara Suriye ve \u0130ran&#8217;la stratejik ili\u015fkiler pe\u015finde ko\u015farken, \u0130srail, T\u00fcrkiye&#8217;ye y\u00fcksek teknolojili silahlar satacak m\u0131?&#8221; \u015feklindeki sorusuna ise, \u201c\u0130\u015fbirli\u011fi konusunda \u00e7ok dikkatli olmal\u0131y\u0131z, \u00e7\u00fcnk\u00fc bu ili\u015fki uzun y\u0131llar i\u00e7inde olu\u015ftu. T\u00fcrkiye b\u00f6lgemizde sayg\u0131n bir \u00fclkedir ve NATO \u00fcyesidir. Sab\u0131rl\u0131 olmal\u0131 ve haritay\u0131 iyi okuyup iki \u00fclke aras\u0131ndaki anl\u0131k gerginliklerin kurban\u0131 olmamal\u0131y\u0131z&#8221; diye cevap verdi.<\/p>\n<p style=\"text-align: justify;\">Peres, T\u00fcrkiye&#8217;nin \u0130ran&#8217;\u0131n yan\u0131nda yer almas\u0131n\u0131n d\u00fcnya \u00f6l\u00e7e\u011findeki sayg\u0131nl\u0131\u011f\u0131n\u0131 azaltaca\u011f\u0131n\u0131 da \u00f6ne s\u00fcrd\u00fc.<\/p>\n<p style=\"text-align: justify;\"><span style=\"color: #888888;\">CNN T\u00dcRK<\/span><\/p>\n","protected":false},"excerpt":{"rendered":"<p style=\"text-align: justify;\">\n<p style=\"text-align: justify;\">\u0130srail Cumhurba\u015fkan\u0131 \u015eimon Peres, \u201cT\u00fcrkiye d\u00fcnya \u00fczerinde demokratik olmayan bir kurumun, yani ordunun, demokrasiyi korumakla g\u00f6revli oldu\u011fu tek \u00fclkedir&#8221; yorumunda bulundu.<\/p>\n<p style=\"text-align: justify;\">(DHA) &#8212; ABD&#8217;de yay\u0131mlanan savunma dergisi Defense News&#8217;a r\u00f6portaj veren Peres, muhabirin, \u201cErdo\u011fan \u00fclkesini \u0130srail&#8217;le ortakl\u0131ktan uzakla\u015ft\u0131r\u0131p radikal \u0130slam&#8217;a do\u011fru mu g\u00f6t\u00fcr\u00fcyor?&#8221; sorusuna, \u201cT\u00fcrkiye d\u00fcnya \u00fczerinde, demokratik <\/p>\n","protected":false},"author":1,"featured_media":0,"comment_status":"open","ping_status":"closed","sticky":false,"template":"","format":"standard","meta":{"footnotes":""},"categories":[3],"tags":[],"class_list":["post-35882","post","type-post","status-publish","format-standard","hentry","category-dunya","odd"],"_links":{"self":[{"href":"http:\/\/www.korhanyilmaz.com\/index.php?rest_route=\/wp\/v2\/posts\/35882","targetHints":{"allow":["GET"]}}],"collection":[{"href":"http:\/\/www.korhanyilmaz.com\/index.php?rest_route=\/wp\/v2\/posts"}],"about":[{"href":"http:\/\/www.korhanyilmaz.com\/index.php?rest_route=\/wp\/v2\/types\/post"}],"author":[{"embeddable":true,"href":"http:\/\/www.korhanyilmaz.com\/index.php?rest_route=\/wp\/v2\/users\/1"}],"replies":[{"embeddable":true,"href":"http:\/\/www.korhanyilmaz.com\/index.php?rest_route=%2Fwp%2Fv2%2Fcomments&post=35882"}],"version-history":[{"count":0,"href":"http:\/\/www.korhanyilmaz.com\/index.php?rest_route=\/wp\/v2\/posts\/35882\/revisions"}],"wp:attachment":[{"href":"http:\/\/www.korhanyilmaz.com\/index.php?rest_route=%2Fwp%2Fv2%2Fmedia&parent=35882"}],"wp:term":[{"taxonomy":"category","embeddable":true,"href":"http:\/\/www.korhanyilmaz.com\/index.php?rest_route=%2Fwp%2Fv2%2Fcategories&post=35882"},{"taxonomy":"post_tag","embeddable":true,"href":"http:\/\/www.korhanyilmaz.com\/index.php?rest_route=%2Fwp%2Fv2%2Ftags&post=35882"}],"curies":[{"name":"wp","href":"https:\/\/api.w.org\/{rel}","templated":true}]}}