{"id":35881,"date":"2009-11-22T20:53:24","date_gmt":"2009-11-22T18:53:24","guid":{"rendered":"http:\/\/www.korhanyilmaz.com\/?p=16774"},"modified":"2009-11-22T20:53:24","modified_gmt":"2009-11-22T18:53:24","slug":"azeri-ve-ermeni-liderler-munihte-bulustu-2","status":"publish","type":"post","link":"http:\/\/www.korhanyilmaz.com\/?p=35881","title":{"rendered":"Azeri ve Ermeni liderler M\u00fcnih&#039;te bulu\u015ftu"},"content":{"rendered":"<p style=\"text-align: center;\"><a href=\"http:\/\/www.korhanyilmaz.com\/wp-content\/uploads\/2009\/11\/KARABAG.jpg\"  class=\"lightview\"><img loading=\"lazy\" decoding=\"async\" class=\"aligncenter size-full wp-image-16775\" src=\"http:\/\/www.korhanyilmaz.com\/wp-content\/uploads\/2009\/11\/KARABAG.jpg\" alt=\"\" width=\"304\" height=\"234\" \/><\/a><\/p>\n<p style=\"text-align: justify;\">Azerbaycan ve Ermenistan liderleri Karaba\u011f sorununun \u00e7\u00f6z\u00fcm\u00fc i\u00e7in Almanya&#8217;n\u0131n M\u00fcnih kentinde bir araya geldi. Yakla\u015f\u0131k 4 saat s\u00fcren g\u00f6r\u00fc\u015fme sonras\u0131nda a\u00e7\u0131klama yapan Avrupa G\u00fcvenlik ve \u0130\u015fbirli\u011fi Te\u015fkilat\u0131&#8217;n\u0131n (AG\u0130T) Frans\u0131z e\u015fba\u015fkan\u0131 Bernard Fassier, iki Cumhurba\u015fkan\u0131n\u0131n Karaba\u011f konusundaki g\u00f6r\u00fc\u015fmelerde &#8220;\u00f6nemli ilerlemeler&#8221; sa\u011fland\u0131\u011f\u0131n\u0131 bildirdi.<!--more--><\/p>\n<p style=\"text-align: justify;\">G\u00f6r\u00fc\u015fmenin adresi M\u00fcnih&#8217;teki Frans\u0131z Ba\u015fkonsoloslu\u011fu.<\/p>\n<p style=\"text-align: justify;\">G\u00f6r\u00fc\u015fmede, Azerbaycan D\u0131\u015fi\u015fler Bakan\u0131 Elmar Memmedyarov, Ermenistan D\u0131\u015fi\u015fleri Bakan\u0131 Edward Nalbandyan, Avrupa G\u00fcvenlik ve \u0130\u015fbirli\u011fi Te\u015fkilat\u0131n\u0131n (AG\u0130T) Minsk Grubu e\u015fba\u015fkanlar\u0131 Frans\u0131z Bernard Fassier, Rus Yuri Merzlyakov, Amerikal\u0131 Robert Bradtke ve AG\u0130T Ba\u015fkan\u0131&#8217;n\u0131n temsilcisi Anjey Kasp\u015fik de haz\u0131r bulundu.<\/p>\n<p style=\"text-align: justify;\">Yakla\u015f\u0131k d\u00f6rt saat s\u00fcren g\u00f6r\u00fc\u015fmeden sonra Aliyev ve Sarkisyan, ba\u015fkonsolusluk rezidans\u0131ndan ayr\u0131 ayr\u0131 \u00e7\u0131karak \u00fclkelerine d\u00f6nmek i\u00e7in hava alan\u0131na gitti.<\/p>\n<p style=\"text-align: justify;\">Avrupa G\u00fcvenlik ve \u0130\u015fbirli\u011fi Te\u015fkilat\u0131&#8217;n\u0131n (AG\u0130T) Frans\u0131z e\u015fba\u015fkan\u0131 Bernard Fassier, iki Cumhurba\u015fkan\u0131n\u0131n Karaba\u011f konusundaki g\u00f6r\u00fc\u015fmelerde &#8220;\u00f6nemli ilerlemeler&#8221; sa\u011fland\u0131\u011f\u0131n\u0131 bildirdi.<\/p>\n<p style=\"text-align: justify;\">Fassier ise toplant\u0131dan sonra gazetecilere yapt\u0131\u011f\u0131 a\u00e7\u0131klamada, &#8220;Baz\u0131 \u00f6nemli ilerlemeler sa\u011fland\u0131. Ayn\u0131 zamanda, baz\u0131 zorluklar da tespit ettik&#8221; dedi.<\/p>\n<p style=\"text-align: justify;\">Fassier, kendisi ile birlikte Agit Rusya ve ABD e\u015fba\u015fkanlar\u0131n\u0131n, iki Cumhurba\u015fkan\u0131 aras\u0131nda yap\u0131lacak bir sonraki toplant\u0131y\u0131 haz\u0131rlayacaklar\u0131n\u0131 s\u00f6yledi.<\/p>\n<p style=\"text-align: justify;\">Fassier, Aliyev ve Sarkisyan aras\u0131nda bir sonraki toplant\u0131n\u0131n ne zaman yap\u0131laca\u011f\u0131 konusunda a\u00e7\u0131klama yapmad\u0131. \u0130ki Cumhurba\u015fkan\u0131 ise toplant\u0131dan sonra a\u00e7\u0131klamada bulunmad\u0131.<\/p>\n<p style=\"text-align: justify;\">Aliyev, bug\u00fcnk\u00fc g\u00f6r\u00fc\u015fme \u00f6ncesi yapt\u0131\u011f\u0131 a\u00e7\u0131klamada,  &#8220;G\u00f6r\u00fc\u015fmeden somut bir sonu\u00e7 \u00e7\u0131kmazsa, \u00e7\u00f6z\u00fcm i\u00e7in umutlar t\u00fckenecek&#8221; diye konu\u015ftu.<\/p>\n<p style=\"text-align: justify;\">Azeri lider, \u00fclkesinin askeri g\u00fc\u00e7 kullanma hakk\u0131n\u0131 da sakl\u0131 tuttu\u011funun alt\u0131n\u0131 \u00e7izdi.<\/p>\n<p style=\"text-align: justify;\">Azerbaycan ve Ermenistan aras\u0131ndaki Karaba\u011f sorununun \u00e7\u00f6z\u00fcm\u00fc, Ankara i\u00e7in de kritik \u00f6nemde.<\/p>\n<p style=\"text-align: justify;\">T\u00fcrkiye, Ermenistan ile ili\u015fkilerin normalle\u015fmesi s\u00fcrecinde Bak\u00fc ve Erivan aras\u0131ndaki bu sorunun \u00e7\u00f6z\u00fcm\u00fcnde de somut bir ilerleme sa\u011flanmas\u0131n\u0131 bekliyor.<\/p>\n<p style=\"text-align: justify;\"><span style=\"color: #888888;\">CNN T\u00dcRK<\/span><\/p>\n","protected":false},"excerpt":{"rendered":"<p style=\"text-align: center;\">\n<p style=\"text-align: justify;\">Azerbaycan ve Ermenistan liderleri Karaba\u011f sorununun \u00e7\u00f6z\u00fcm\u00fc i\u00e7in Almanya&#8217;n\u0131n M\u00fcnih kentinde bir araya geldi. Yakla\u015f\u0131k 4 saat s\u00fcren g\u00f6r\u00fc\u015fme sonras\u0131nda a\u00e7\u0131klama yapan Avrupa G\u00fcvenlik ve \u0130\u015fbirli\u011fi Te\u015fkilat\u0131&#8217;n\u0131n (AG\u0130T) Frans\u0131z e\u015fba\u015fkan\u0131 Bernard Fassier, iki Cumhurba\u015fkan\u0131n\u0131n Karaba\u011f konusundaki g\u00f6r\u00fc\u015fmelerde &#8220;\u00f6nemli ilerlemeler&#8221; sa\u011fland\u0131\u011f\u0131n\u0131 bildirdi.<\/p>\n","protected":false},"author":1,"featured_media":0,"comment_status":"open","ping_status":"closed","sticky":false,"template":"","format":"standard","meta":{"footnotes":""},"categories":[3],"tags":[],"class_list":["post-35881","post","type-post","status-publish","format-standard","hentry","category-dunya","odd"],"_links":{"self":[{"href":"http:\/\/www.korhanyilmaz.com\/index.php?rest_route=\/wp\/v2\/posts\/35881","targetHints":{"allow":["GET"]}}],"collection":[{"href":"http:\/\/www.korhanyilmaz.com\/index.php?rest_route=\/wp\/v2\/posts"}],"about":[{"href":"http:\/\/www.korhanyilmaz.com\/index.php?rest_route=\/wp\/v2\/types\/post"}],"author":[{"embeddable":true,"href":"http:\/\/www.korhanyilmaz.com\/index.php?rest_route=\/wp\/v2\/users\/1"}],"replies":[{"embeddable":true,"href":"http:\/\/www.korhanyilmaz.com\/index.php?rest_route=%2Fwp%2Fv2%2Fcomments&post=35881"}],"version-history":[{"count":0,"href":"http:\/\/www.korhanyilmaz.com\/index.php?rest_route=\/wp\/v2\/posts\/35881\/revisions"}],"wp:attachment":[{"href":"http:\/\/www.korhanyilmaz.com\/index.php?rest_route=%2Fwp%2Fv2%2Fmedia&parent=35881"}],"wp:term":[{"taxonomy":"category","embeddable":true,"href":"http:\/\/www.korhanyilmaz.com\/index.php?rest_route=%2Fwp%2Fv2%2Fcategories&post=35881"},{"taxonomy":"post_tag","embeddable":true,"href":"http:\/\/www.korhanyilmaz.com\/index.php?rest_route=%2Fwp%2Fv2%2Ftags&post=35881"}],"curies":[{"name":"wp","href":"https:\/\/api.w.org\/{rel}","templated":true}]}}