{"id":35879,"date":"2009-11-20T16:42:57","date_gmt":"2009-11-20T14:42:57","guid":{"rendered":"http:\/\/www.korhanyilmaz.com\/?p=16735"},"modified":"2009-11-20T16:42:57","modified_gmt":"2009-11-20T14:42:57","slug":"dinlemeler-yeni-bir-ak-parti-tsk-donemeci-2","status":"publish","type":"post","link":"http:\/\/www.korhanyilmaz.com\/?p=35879","title":{"rendered":"&#039;Dinlemeler yeni bir AK Parti-TSK d\u00f6nemeci&#039;"},"content":{"rendered":"<p><a href=\"http:\/\/www.korhanyilmaz.com\/wp-content\/uploads\/2009\/11\/dinlemeler.jpg\"  class=\"lightview\"><img loading=\"lazy\" decoding=\"async\" class=\"aligncenter size-full wp-image-16736\" src=\"http:\/\/www.korhanyilmaz.com\/wp-content\/uploads\/2009\/11\/dinlemeler.jpg\" alt=\"\" width=\"292\" height=\"201\" \/><\/a><\/p>\n<p style=\"text-align: justify;\">\u0130ngiliz The Economist dergisi, T\u00fcrkiye&#8217;de telefonlar\u0131n gizlice dinlenmesi konusunu, iktidar partisiyle Silahl\u0131 Kuvvetler aras\u0131ndaki m\u00fccadelede yeni bir d\u00f6neme\u00e7 olarak nitelendirdi.<\/p>\n<p style=\"text-align: justify;\">Derginin bu haftaki say\u0131s\u0131nda \u00e7\u0131kan yaz\u0131da, Adalet Bakan\u0131 Sadullah Ergin&#8217;in, dinlemelerin yasal oldu\u011fu y\u00f6n\u00fcndeki s\u00f6zlerine yer verilerek, bunun do\u011fru olabilece\u011fi belirtilirken, \u0130nsan Haklar\u0131 Derne\u011fi Ba\u015fkan\u0131 H\u00fcsn\u00fc \u00d6nd\u00fcl&#8217;\u00fcn &#8220;yasalar\u0131n alt \u00fcst edildi\u011fini ve bu yasalar\u0131n \u00e7o\u011funun iktidardaki AK Parti taraf\u0131ndan ge\u00e7irildi\u011fini&#8221; s\u00f6yledi\u011fi belirtildi. <!--more--><\/p>\n<p style=\"text-align: justify;\">Yaz\u0131da, \u00d6nd\u00fcl&#8217;\u00fcn &#8220;bu geni\u015f yasal yetkiler \u00e7er\u00e7evesinde, bir ki\u015finin m\u00fcnferit olarak ve ayn\u0131 zamanda polis, milli istihbarat te\u015fkilatlar\u0131 ve jandarma taraf\u0131ndan dinlenmesinin m\u00fcmk\u00fcn oldu\u011fu&#8221; y\u00f6n\u00fcndeki g\u00f6r\u00fc\u015f\u00fcne yer verildi.<\/p>\n<p style=\"text-align: justify;\">Economist&#8217;in yaz\u0131s\u0131nda, dinleme kararlar\u0131 ve i\u015flemleriyle ilgili olarak &#8220;siyasi partiler hukuku a\u00e7\u0131s\u0131ndan inceleme&#8221; ba\u015flatan Yarg\u0131tay Cumhuriyet Ba\u015fsavc\u0131s\u0131 Abdurrahman Yal\u00e7\u0131nkaya&#8217;n\u0131n da inceleme sonunda AK parti i\u00e7in yeni bir kapatma davas\u0131 a\u00e7ma bahanesi elde edebilece\u011fi ifade edildi.<\/p>\n<p style=\"text-align: justify;\">S\u00f6z konusu sorunun yarg\u0131yla \u00e7ok da ilgisi olmad\u0131\u011f\u0131n\u0131 yazan Economist, bunun daha ziyade, Ba\u015fbakan Recep Tayyip Erdo\u011fan ve partisi ile Silahl\u0131 Kuvvetler aras\u0131nda uzun s\u00fcredir devam eden iktidar m\u00fccadelesinde yeni bir d\u00f6neme\u00e7 oldu\u011fu yorumunu yapt\u0131.<\/p>\n<p style=\"text-align: justify;\">Economist, son d\u00f6nemdeki s\u0131zd\u0131r\u0131lan darbe plan\u0131 belgesiyle ordunun konumunun zarar g\u00f6rd\u00fc\u011f\u00fcn\u00fc, AK Parti&#8217;nin de ordunun yetkilerini k\u0131rpacak yeni yasalarla kar\u015f\u0131l\u0131k verdi\u011fini \u00f6ne s\u00fcrd\u00fc. Ekonomist, gizli dinlemelerin bu siyasi sava\u015fta sadece bir ba\u015fka silah olabilece\u011fi g\u00f6r\u00fc\u015f\u00fcn\u00fc dile getirdi.<\/p>\n<p style=\"text-align: justify;\"><span style=\"color: #888888;\">CNN T\u00dcRK<\/span><\/p>\n","protected":false},"excerpt":{"rendered":"<\/p>\n<p style=\"text-align: justify;\">\u0130ngiliz The Economist dergisi, T\u00fcrkiye&#8217;de telefonlar\u0131n gizlice dinlenmesi konusunu, iktidar partisiyle Silahl\u0131 Kuvvetler aras\u0131ndaki m\u00fccadelede yeni bir d\u00f6neme\u00e7 olarak nitelendirdi.<\/p>\n<p style=\"text-align: justify;\">Derginin bu haftaki say\u0131s\u0131nda \u00e7\u0131kan yaz\u0131da, Adalet Bakan\u0131 Sadullah Ergin&#8217;in, dinlemelerin yasal oldu\u011fu y\u00f6n\u00fcndeki s\u00f6zlerine yer verilerek, bunun do\u011fru olabilece\u011fi belirtilirken, \u0130nsan Haklar\u0131 Derne\u011fi Ba\u015fkan\u0131 H\u00fcsn\u00fc \u00d6nd\u00fcl&#8217;\u00fcn &#8220;yasalar\u0131n alt \u00fcst <\/p>\n","protected":false},"author":1,"featured_media":0,"comment_status":"open","ping_status":"closed","sticky":false,"template":"","format":"standard","meta":{"footnotes":""},"categories":[3],"tags":[],"class_list":["post-35879","post","type-post","status-publish","format-standard","hentry","category-dunya","odd"],"_links":{"self":[{"href":"http:\/\/www.korhanyilmaz.com\/index.php?rest_route=\/wp\/v2\/posts\/35879","targetHints":{"allow":["GET"]}}],"collection":[{"href":"http:\/\/www.korhanyilmaz.com\/index.php?rest_route=\/wp\/v2\/posts"}],"about":[{"href":"http:\/\/www.korhanyilmaz.com\/index.php?rest_route=\/wp\/v2\/types\/post"}],"author":[{"embeddable":true,"href":"http:\/\/www.korhanyilmaz.com\/index.php?rest_route=\/wp\/v2\/users\/1"}],"replies":[{"embeddable":true,"href":"http:\/\/www.korhanyilmaz.com\/index.php?rest_route=%2Fwp%2Fv2%2Fcomments&post=35879"}],"version-history":[{"count":0,"href":"http:\/\/www.korhanyilmaz.com\/index.php?rest_route=\/wp\/v2\/posts\/35879\/revisions"}],"wp:attachment":[{"href":"http:\/\/www.korhanyilmaz.com\/index.php?rest_route=%2Fwp%2Fv2%2Fmedia&parent=35879"}],"wp:term":[{"taxonomy":"category","embeddable":true,"href":"http:\/\/www.korhanyilmaz.com\/index.php?rest_route=%2Fwp%2Fv2%2Fcategories&post=35879"},{"taxonomy":"post_tag","embeddable":true,"href":"http:\/\/www.korhanyilmaz.com\/index.php?rest_route=%2Fwp%2Fv2%2Ftags&post=35879"}],"curies":[{"name":"wp","href":"https:\/\/api.w.org\/{rel}","templated":true}]}}