{"id":35877,"date":"2009-11-15T20:26:46","date_gmt":"2009-11-15T18:26:46","guid":{"rendered":"http:\/\/www.korhanyilmaz.com\/?p=16588"},"modified":"2009-11-15T20:26:46","modified_gmt":"2009-11-15T18:26:46","slug":"israilden-erdogana-tarafsiz-degil-2","status":"publish","type":"post","link":"http:\/\/www.korhanyilmaz.com\/?p=35877","title":{"rendered":"\u0130srail Ba\u015fbakan\u0131&#039;ndan Erdo\u011fan&#039;a : &#039;Tarafs\u0131z de\u011fil&#039;"},"content":{"rendered":"<div id=\"attachment_16589\" style=\"width: 286px\" class=\"wp-caption aligncenter\"><a href=\"http:\/\/www.korhanyilmaz.com\/wp-content\/uploads\/2009\/11\/netanyahu.jpg\"  class=\"lightview\"><img loading=\"lazy\" decoding=\"async\" aria-describedby=\"caption-attachment-16589\" class=\"size-full wp-image-16589 \" title=\"\u0130srail Ba\u015fbakan\u0131 Binyamin Netanyahu\" src=\"http:\/\/www.korhanyilmaz.com\/wp-content\/uploads\/2009\/11\/netanyahu.jpg\" alt=\"\" width=\"276\" height=\"212\" \/><\/a><p id=\"caption-attachment-16589\" class=\"wp-caption-text\">\u0130srail Ba\u015fbakan\u0131 Binyamin Netanyahu<\/p><\/div>\n<p style=\"text-align: justify;\">\u0130srail Ba\u015fbakan\u0131 Binyamin Netanyahu, \u0130srail&#8217;in Suriye ile bar\u0131\u015fa y\u00f6nelik g\u00f6r\u00fc\u015fmeleri, \u00f6n ko\u015fulsuz olarak yeniden ba\u015flatmaya niyetli oldu\u011funu belirtirken, ancak ille de bir arac\u0131 gerekirse, bunun Fransa olmas\u0131n\u0131 tercih edece\u011fini ifade etti ve Ba\u015fbakan Recep Tayyip Erdo\u011fan&#8217;\u0131 &#8220;objektif ve tarafs\u0131z bir arac\u0131&#8221; olarak g\u00f6rmediklerini yineledi. <!--more--><\/p>\n<p style=\"text-align: justify;\">\u0130srail Ba\u015fbakan\u0131 Netanyahu, bug\u00fcnk\u00fc kabine toplant\u0131s\u0131nda ABD ve Fransa&#8217;ya yapt\u0131\u011f\u0131 son ziyaretler ve \u00f6zellikle Suriye ve Filistinliler&#8217;le bar\u0131\u015f g\u00f6r\u00fc\u015fmeleri \u00fczerinde durdu. Netanyahu, \u0130srail&#8217;in Suriye ile bar\u0131\u015f g\u00f6r\u00fc\u015fmelerini, \u00f6n ko\u015fulsuz olarak yeniden ba\u015flatmaktan yana oldu\u011funu ifade etti ve &#8220;Ben do\u011frudan g\u00f6r\u00fc\u015fmelerden yanay\u0131m&#8230;Ama bir arac\u0131n\u0131n kar\u0131\u015fmas\u0131 gerekiyorsa, adil bir arac\u0131 laz\u0131m&#8221; diye konu\u015ftu.<\/p>\n<p style=\"text-align: justify;\">Ba\u015fbakan Recep Tayyip Erdo\u011fan&#8217;\u0131n &#8220;objektif ve \u00f6n yarg\u0131s\u0131z bir arabulucu imaj\u0131n\u0131 g\u00fc\u00e7lendirmekten uzak oldu\u011funu&#8221; savunan Netanyahu, &#8220;Fransa arabulucu olmak isterse, biz haz\u0131r\u0131z&#8221; diye konu\u015ftu.<\/p>\n<p style=\"text-align: justify;\">Netanyahu&#8217;nun ge\u00e7en hafta Paris&#8217;te, Fransa Cumhurba\u015fkan\u0131 Nicolas Sarkozy ile g\u00f6r\u00fc\u015fmesinin hemen ard\u0131ndan, Suriye Devlet Ba\u015fkan\u0131 Be\u015far Esad da Fransa&#8217;ya gitmi\u015f ve Sarkozy ile g\u00f6r\u00fc\u015fm\u00fc\u015ft\u00fc.<\/p>\n<p style=\"text-align: justify;\">Be\u015far Esad, Paris&#8217;te, Suriye&#8217;nin bar\u0131\u015f istedi\u011fini vurgularken, &#8220;Ortada T\u00fcrkiye gibi bir arabulucu var. T\u00fcrkiye arabuluculu\u011fu ba\u015flatmaya haz\u0131r&#8221; demi\u015f ve Fransa ile AB \u00fclkelerinin bu s\u00fcrece destek verdi\u011fini, ancak \u0130srail&#8217;in buna yana\u015fmad\u0131\u011f\u0131n\u0131 dile getirmi\u015fti.<\/p>\n<p style=\"text-align: justify;\">T\u00fcrkiye, daha \u00f6nce \u0130srail Ba\u015fbakan\u0131 Ehud Olmert&#8217;in d\u00f6neminde, Suriye ile dolayl\u0131 g\u00f6r\u00fc\u015fmelerde, 4 ayr\u0131 toplant\u0131ya arabuluculuk etmi\u015fti.<\/p>\n<p style=\"text-align: justify;\">Ancak bu g\u00f6r\u00fc\u015fmeler, \u0130srail&#8217;in ge\u00e7en Aral\u0131k ay\u0131 sonunda, Gazze \u015eeridi&#8217;ne ba\u015flatt\u0131\u011f\u0131 D\u00f6kme Kur\u015fun operasyonu ile durmu\u015f ve bir daha yap\u0131lmam\u0131\u015ft\u0131.<\/p>\n<p style=\"text-align: justify;\">\u0130srail Ba\u015fbakan\u0131 Netanyahu, Beyaz Saray&#8217;da, ABD Ba\u015fkan\u0131 Barack Obama ile g\u00f6r\u00fc\u015fmesinin Ortado\u011fu bar\u0131\u015f s\u00fcreci ve \u0130ran&#8217;\u0131n n\u00fckleer program\u0131 \u00fczerinde odakland\u0131\u011f\u0131n\u0131 belirtip, ABD y\u00f6netimiyle, \u0130srail&#8217;in Filistinliler&#8217;le bar\u0131\u015f g\u00f6r\u00fc\u015fmelerini yeniden ba\u015flatma arzusu konusunda hem fikir olduklar\u0131n\u0131 dile getirdi.<\/p>\n<p style=\"text-align: justify;\">Netanyahu, as\u0131l Filistinliler&#8217;in g\u00f6r\u00fc\u015fmeler i\u00e7in haz\u0131r olmad\u0131klar\u0131n\u0131 \u00f6ne s\u00fcrerek, &#8220;Geri \u00e7ekiliyorlar, \u015fimdiye kadar getirmedikleri \u00f6n ko\u015fullar\u0131 koyuyorlar&#8221; diye konu\u015ftu.<\/p>\n<p style=\"text-align: justify;\">Netanyahu, Filistinliler bar\u0131\u015fa bir \u015fans vermek istiyorlarsa, bar\u0131\u015f m\u00fczakerelerine girmeleri gerekti\u011fini de de ifade etti.<\/p>\n<p style=\"text-align: justify;\">\u0130srail Sanayi, Ticaret ve \u00c7al\u0131\u015fma Bakan\u0131 Binyamin Ben-Eliezer ise &#8220;Ebu Mazen (Filistin Y\u00f6netimi Devlet Ba\u015fkan\u0131 Mahmud Abbas) \u0130srail taraf\u0131 ile g\u00f6r\u00fc\u015fmek istemiyorsa, O&#8217;na bunu zorlamak i\u00e7in \u00fc\u00e7\u00fcnc\u00fc bir taraf\u0131n arabuluculu\u011funun devreye girmesi ve \u0130srail&#8217;le g\u00f6r\u00fc\u015fmeye niyetli olmad\u0131\u011f\u0131n\u0131 bu \u00fc\u00e7\u00fcnc\u00fc taraf\u0131n g\u00f6rmesi gerekti\u011finin&#8221; alt\u0131n\u0131 \u00e7izdi.<\/p>\n<p style=\"text-align: justify;\">Binyamin Ben-Eliezer, Suriye ile muhtemel bar\u0131\u015f g\u00f6r\u00fc\u015fmeleri konusunda ise &#8220;T\u00fcrkiye&#8217;nin bir arabulucu olarak d\u0131\u015far\u0131da b\u0131rak\u0131lmamas\u0131 gerekti\u011fini&#8221; vurgulad\u0131.<\/p>\n<p style=\"text-align: justify;\">Ben-Eliezer, &#8220;T\u00fcrkiye ile \u00f6nemli stratejik ili\u015fkilerimiz var. Kom\u015fumuz olan \u00fclkelerle gergin ili\u015fkileri g\u00f6ze alamay\u0131z&#8221; diye konu\u015ftu.<\/p>\n<p style=\"text-align: justify;\">\u0130\u015f\u00e7i partili bakanlardan \u0130zak Herzog da Filistinliler&#8217;le as\u0131l sorunun yerle\u015fimlerden kaynakland\u0131\u011f\u0131n\u0131 ifade etti.<\/p>\n<p style=\"text-align: justify;\">Herzog, Bat\u0131 \u015eeria&#8217;daki b\u00fcy\u00fck yerle\u015fim b\u00f6lgesi ile Maale Adumim gibi yerle\u015fimleri kurtarmak i\u00e7in \u00f6nemli ad\u0131mlar atmalar\u0131 ve Filistin devletine yer a\u00e7malar\u0131 gerekti\u011fini ifade etti.<\/p>\n<p style=\"text-align: justify;\"><span style=\"color: #888888;\">CNN T\u00dcRK<\/span><\/p>\n","protected":false},"excerpt":{"rendered":"<p id=\"caption-attachment-16589\" class=\"wp-caption-text\">\u0130srail Ba\u015fbakan\u0131 Binyamin Netanyahu<\/p>\n<p style=\"text-align: justify;\">\u0130srail Ba\u015fbakan\u0131 Binyamin Netanyahu, \u0130srail&#8217;in Suriye ile bar\u0131\u015fa y\u00f6nelik g\u00f6r\u00fc\u015fmeleri, \u00f6n ko\u015fulsuz olarak yeniden ba\u015flatmaya niyetli oldu\u011funu belirtirken, ancak ille de bir arac\u0131 gerekirse, bunun Fransa olmas\u0131n\u0131 tercih edece\u011fini ifade etti ve Ba\u015fbakan Recep Tayyip Erdo\u011fan&#8217;\u0131 &#8220;objektif ve tarafs\u0131z bir arac\u0131&#8221; olarak g\u00f6rmediklerini yineledi. <\/p>\n","protected":false},"author":1,"featured_media":0,"comment_status":"open","ping_status":"closed","sticky":false,"template":"","format":"standard","meta":{"footnotes":""},"categories":[3],"tags":[],"class_list":["post-35877","post","type-post","status-publish","format-standard","hentry","category-dunya","odd"],"_links":{"self":[{"href":"http:\/\/www.korhanyilmaz.com\/index.php?rest_route=\/wp\/v2\/posts\/35877","targetHints":{"allow":["GET"]}}],"collection":[{"href":"http:\/\/www.korhanyilmaz.com\/index.php?rest_route=\/wp\/v2\/posts"}],"about":[{"href":"http:\/\/www.korhanyilmaz.com\/index.php?rest_route=\/wp\/v2\/types\/post"}],"author":[{"embeddable":true,"href":"http:\/\/www.korhanyilmaz.com\/index.php?rest_route=\/wp\/v2\/users\/1"}],"replies":[{"embeddable":true,"href":"http:\/\/www.korhanyilmaz.com\/index.php?rest_route=%2Fwp%2Fv2%2Fcomments&post=35877"}],"version-history":[{"count":0,"href":"http:\/\/www.korhanyilmaz.com\/index.php?rest_route=\/wp\/v2\/posts\/35877\/revisions"}],"wp:attachment":[{"href":"http:\/\/www.korhanyilmaz.com\/index.php?rest_route=%2Fwp%2Fv2%2Fmedia&parent=35877"}],"wp:term":[{"taxonomy":"category","embeddable":true,"href":"http:\/\/www.korhanyilmaz.com\/index.php?rest_route=%2Fwp%2Fv2%2Fcategories&post=35877"},{"taxonomy":"post_tag","embeddable":true,"href":"http:\/\/www.korhanyilmaz.com\/index.php?rest_route=%2Fwp%2Fv2%2Ftags&post=35877"}],"curies":[{"name":"wp","href":"https:\/\/api.w.org\/{rel}","templated":true}]}}