{"id":35876,"date":"2009-11-15T13:00:27","date_gmt":"2009-11-15T11:00:27","guid":{"rendered":"http:\/\/www.korhanyilmaz.com\/?p=16578"},"modified":"2009-11-15T13:00:27","modified_gmt":"2009-11-15T11:00:27","slug":"the-guardiandan-erdogana-el-besir-cikisi-2","status":"publish","type":"post","link":"http:\/\/www.korhanyilmaz.com\/?p=35876","title":{"rendered":"The Guardian&#039;dan Erdo\u011fan&#039;a &#039;El Be\u015fir&#039; \u00e7\u0131k\u0131\u015f\u0131"},"content":{"rendered":"<p><a href=\"http:\/\/www.korhanyilmaz.com\/wp-content\/uploads\/2009\/11\/erdogan5.jpg\"  class=\"lightview\"><img loading=\"lazy\" decoding=\"async\" class=\"aligncenter size-full wp-image-16579\" title=\"erdogan\" src=\"http:\/\/www.korhanyilmaz.com\/wp-content\/uploads\/2009\/11\/erdogan5.jpg\" alt=\"\" width=\"292\" height=\"222\" \/><\/a><\/p>\n<p style=\"text-align: justify;\">Ba\u015fbakan Recep Tayyip Erdo\u011fan&#8217;\u0131n Sudan lideri \u00d6mer El Be\u015fir ile s\u00f6zleri uluslararas\u0131 kamuoyunun g\u00fcndeminden d\u00fc\u015fm\u00fcyor. \u0130ngiltere&#8217;nin sayg\u0131n gazetelerinden The Guardian, Ba\u015fbakan&#8217;\u0131n a\u00e7\u0131klamalar\u0131na dair sert bir makale yay\u0131mlad\u0131. Makalede, &#8220;Erdo\u011fan&#8217;\u0131n El Be\u015fir&#8217;e deste\u011fi, tarafl\u0131 ve \u0131rk\u00e7\u0131 \u00f6\u011feler i\u00e7eriyor&#8221; denildi.<\/p>\n<p style=\"text-align: justify;\">Erdo\u011fan&#8217;\u0131n El Be\u015fir&#8217;in \u0130stanbul ziyaretiyle ilgili olarak s\u00f6yledi\u011fi &#8220;\u0130slam&#8217;da soyk\u0131r\u0131m yoktur&#8221; s\u00f6zleri, ba\u015f\u0131n\u0131 a\u011fr\u0131taca\u011fa benziyor. <!--more--><\/p>\n<p style=\"text-align: justify;\">El Be\u015fir&#8217;in ziyaretin iptaliyle diplomatik bir krizin \u00f6n\u00fcne ge\u00e7ildi, ama bu kez Ba\u015fbakan&#8217;\u0131n a\u00e7\u0131klamalar\u0131 uluslararas\u0131 kamuoyunun g\u00fcndeminde.<\/p>\n<p style=\"text-align: justify;\">\u0130ngiliz gazetesi The Guardian &#8220;Erdo\u011fan&#8217;\u0131n M\u00fcsl\u00fcmanlara k\u00f6r inanc\u0131&#8221; ba\u015fl\u0131kl\u0131 makalede, s\u00f6z\u00fcn\u00fc sak\u0131nmad\u0131. Makalede \u015fu ifadelere yer verildi:<\/p>\n<p style=\"text-align: justify;\">&#8220;Erdo\u011fan&#8217;\u0131n El Be\u015fir&#8217;e verdi\u011fi destek yak\u0131n tarihin en k\u00f6t\u00fc katliamlar\u0131ndan birinin \u00fczerini \u00f6rtmeye \u00e7al\u0131\u015fmak anlam\u0131yla, olduk\u00e7a utan\u00e7 verici bir su\u00e7. Mesaj\u0131n alt\u0131nda yatan \u0131rk\u00e7\u0131 izler daha da berbat. &#8220;<\/p>\n<p style=\"text-align: justify;\">Gazete, Erdo\u011fan&#8217;\u0131n, Darfur ile Gazze&#8217;yi k\u0131yaslarken, &#8220;\u0130srail, Filistinlilere soyk\u0131r\u0131m uygulad\u0131&#8221; imas\u0131nda bulundu\u011funu iddia etti.<\/p>\n<p style=\"text-align: justify;\">The Guardian&#8217;a g\u00f6re bu mesaj, T\u00fcrkiye&#8217;nin \u0130srail ile ili\u015fkilerini daha da bozabilir ve b\u00f6lgesel rol\u00fcn\u00fc tehlikeye atabilir.<\/p>\n<p style=\"text-align: justify;\">Makalede \u015f\u00f6yle denildi:<\/p>\n<p style=\"text-align: justify;\">&#8220;Bu, T\u00fcrkiye&#8217;nin b\u00f6lgede arabulucu rol\u00fc oynamaya devam edebilece\u011fini d\u00fc\u015f\u00fcnen herkese bir uyar\u0131 olmal\u0131.  T\u00f6kezleyen \u0130srail-Filistin m\u00fczakere s\u00fcrecine bir k\u00f6stek daha eklenmemesi i\u00e7in, Erdo\u011fan&#8217;\u0131n liderli\u011findeki T\u00fcrkiye&#8217;nin s\u00fcrecin d\u0131\u015f\u0131nda b\u0131rak\u0131lmas\u0131 gerekli olacak gibi g\u00f6z\u00fck\u00fcyor.&#8221;<\/p>\n<p style=\"text-align: justify;\"><strong><em>&#8220;Erdo\u011fan ba\u015f\u0131n\u0131 kuma g\u00f6md\u00fc&#8221; <\/em><\/strong><\/p>\n<p style=\"text-align: justify;\">Erdo\u011fan&#8217;\u0131 &#8220;ucuz siyasi puanlar i\u00e7in ba\u015f\u0131n\u0131 kuma g\u00f6mmekle&#8221; su\u00e7layan The Guardian, Ba\u015fbakan&#8217;\u0131n bu a\u00e7\u0131klamalar\u0131yla d\u0131\u015f politikada saf se\u00e7ti\u011fi g\u00f6r\u00fc\u015f\u00fcnde..<\/p>\n<p style=\"text-align: justify;\">Makalede, &#8220;Erdo\u011fan&#8217;\u0131n \u0130srail&#8217;e kar\u015f\u0131 gittik\u00e7e hazmedilemez hale gelen tavr\u0131, pek \u00e7oklar\u0131 taraf\u0131ndan Erdo\u011fan&#8217;\u0131n \u0130ran ve Suriye y\u00f6n\u00fcne kaymay\u0131 tercih etti\u011fi \u015feklinde yorumlan\u0131yor&#8221; ifadelerine yer verildi.<\/p>\n<p style=\"text-align: justify;\">T\u00fcrkiye&#8217;nin Avrupa Birli\u011fi \u00fcyeli\u011fi ve Ortado\u011fu&#8217;da \u00f6nemli bir oyuncu olmak aras\u0131nda, kimlik krizi ya\u015fad\u0131\u011f\u0131 iddia edildi.<\/p>\n<p style=\"text-align: justify;\"><span style=\"color: #888888;\">CNN T\u00dcRK<\/span><\/p>\n","protected":false},"excerpt":{"rendered":"<\/p>\n<p style=\"text-align: justify;\">Ba\u015fbakan Recep Tayyip Erdo\u011fan&#8217;\u0131n Sudan lideri \u00d6mer El Be\u015fir ile s\u00f6zleri uluslararas\u0131 kamuoyunun g\u00fcndeminden d\u00fc\u015fm\u00fcyor. \u0130ngiltere&#8217;nin sayg\u0131n gazetelerinden The Guardian, Ba\u015fbakan&#8217;\u0131n a\u00e7\u0131klamalar\u0131na dair sert bir makale yay\u0131mlad\u0131. Makalede, &#8220;Erdo\u011fan&#8217;\u0131n El Be\u015fir&#8217;e deste\u011fi, tarafl\u0131 ve \u0131rk\u00e7\u0131 \u00f6\u011feler i\u00e7eriyor&#8221; denildi.<\/p>\n<p style=\"text-align: justify;\">Erdo\u011fan&#8217;\u0131n El Be\u015fir&#8217;in \u0130stanbul ziyaretiyle ilgili olarak s\u00f6yledi\u011fi &#8220;\u0130slam&#8217;da soyk\u0131r\u0131m yoktur&#8221; s\u00f6zleri, <\/p>\n","protected":false},"author":1,"featured_media":0,"comment_status":"open","ping_status":"closed","sticky":false,"template":"","format":"standard","meta":{"footnotes":""},"categories":[3],"tags":[],"class_list":["post-35876","post","type-post","status-publish","format-standard","hentry","category-dunya","odd"],"_links":{"self":[{"href":"http:\/\/www.korhanyilmaz.com\/index.php?rest_route=\/wp\/v2\/posts\/35876","targetHints":{"allow":["GET"]}}],"collection":[{"href":"http:\/\/www.korhanyilmaz.com\/index.php?rest_route=\/wp\/v2\/posts"}],"about":[{"href":"http:\/\/www.korhanyilmaz.com\/index.php?rest_route=\/wp\/v2\/types\/post"}],"author":[{"embeddable":true,"href":"http:\/\/www.korhanyilmaz.com\/index.php?rest_route=\/wp\/v2\/users\/1"}],"replies":[{"embeddable":true,"href":"http:\/\/www.korhanyilmaz.com\/index.php?rest_route=%2Fwp%2Fv2%2Fcomments&post=35876"}],"version-history":[{"count":0,"href":"http:\/\/www.korhanyilmaz.com\/index.php?rest_route=\/wp\/v2\/posts\/35876\/revisions"}],"wp:attachment":[{"href":"http:\/\/www.korhanyilmaz.com\/index.php?rest_route=%2Fwp%2Fv2%2Fmedia&parent=35876"}],"wp:term":[{"taxonomy":"category","embeddable":true,"href":"http:\/\/www.korhanyilmaz.com\/index.php?rest_route=%2Fwp%2Fv2%2Fcategories&post=35876"},{"taxonomy":"post_tag","embeddable":true,"href":"http:\/\/www.korhanyilmaz.com\/index.php?rest_route=%2Fwp%2Fv2%2Ftags&post=35876"}],"curies":[{"name":"wp","href":"https:\/\/api.w.org\/{rel}","templated":true}]}}