{"id":35875,"date":"2009-11-13T07:30:50","date_gmt":"2009-11-13T05:30:50","guid":{"rendered":"http:\/\/www.korhanyilmaz.com\/?p=16489"},"modified":"2009-11-13T07:30:50","modified_gmt":"2009-11-13T05:30:50","slug":"akdag-asi-kararini-ben-vermedim-2","status":"publish","type":"post","link":"http:\/\/www.korhanyilmaz.com\/?p=35875","title":{"rendered":"Akda\u011f: &quot;A\u015f\u0131 karar\u0131n\u0131 ben vermedim&quot;"},"content":{"rendered":"<p style=\"text-align: justify;\"><a href=\"http:\/\/www.korhanyilmaz.com\/wp-content\/uploads\/2009\/11\/AKDAG.jpg\"  class=\"lightview\"><img loading=\"lazy\" decoding=\"async\" class=\"alignleft size-full wp-image-16490\" style=\"margin-left: 10px; margin-right: 10px;\" src=\"http:\/\/www.korhanyilmaz.com\/wp-content\/uploads\/2009\/11\/AKDAG.jpg\" alt=\"\" width=\"140\" height=\"139\" \/><\/a>Sa\u011fl\u0131k Bakan\u0131 Recep Akda\u011f, domuz gribi a\u015f\u0131s\u0131n\u0131n yap\u0131lmas\u0131na kendisinin karar vermedi\u011fini, 40 ki\u015filik bilim kurulunun karar verdi\u011fini belirterek, bilim kurulunda, bir ki\u015finin itiraz \u015ferhi olmaks\u0131z\u0131n, bu a\u015f\u0131lar\u0131n al\u0131nmas\u0131 ve belirlenen risk gruplar\u0131na yap\u0131lmas\u0131 karar\u0131 al\u0131nd\u0131\u011f\u0131n\u0131 s\u00f6yledi.<\/p>\n<p style=\"text-align: justify;\">Bakan Akda\u011f, milletvekillerinin, Plan ve B\u00fct\u00e7e Komisyonunda g\u00f6r\u00fc\u015f\u00fclen bakanl\u0131\u011f\u0131n\u0131n 2010 y\u0131l\u0131 b\u00fct\u00e7esi \u00fczerindeki soru ve ele\u015ftirilerini yan\u0131tlad\u0131.<\/p>\n<p style=\"text-align: justify;\">Domuz gribi konusunda ya\u015fanan geli\u015fmeleri anlatan Akda\u011f, domuz gribi ile m\u00fccadele s\u00fcrecini \u00e7ok do\u011fru bir \u015fekilde ba\u015flatt\u0131klar\u0131n\u0131 s\u00f6yledi. <!--more--><\/p>\n<p style=\"text-align: justify;\">Akda\u011f, D\u00fcnya Sa\u011fl\u0131k \u00d6rg\u00fct\u00fc&#8217;n\u00fcn her y\u0131l k\u0131\u015f\u0131n sonuna do\u011fru bir sonraki y\u0131l\u0131n vir\u00fcslerini bilimsel olarak tahmin ederek, a\u015f\u0131 \u00fcreten firmalara 3 vir\u00fcs bildirdi\u011fini ve firmalar\u0131n da bu a\u015f\u0131y\u0131 \u00fcretti\u011fini ifade etti.<\/p>\n<p style=\"text-align: justify;\">Bakan Akda\u011f, bu a\u015f\u0131lar\u0131 \u00fcretebilen firmalar\u0131n say\u0131s\u0131n\u0131n belli oldu\u011funa i\u015faret ederek, &#8220;Yeni bir vir\u00fcs ortaya \u00e7\u0131k\u0131nca, bunu ABD&#8217;de de izole edebildiler. Vir\u00fcs\u00fc ald\u0131 ve di\u011fer a\u015f\u0131n\u0131n \u00fcretimini durdurarak, bu a\u015f\u0131y\u0131 \u00fcretmesini istedi. Bu tohum ekmeye benziyor. Biz o zamanlardan firmalarla g\u00f6r\u00fc\u015fmeye ba\u015flad\u0131k. Bir firma ile de g\u00f6r\u00fc\u015fmedik ki a\u015f\u0131 g\u00fcvenli\u011fi sa\u011flayabilelim, bu sigortay\u0131 T\u00fcrkiye&#8217;ye getirebilelim istedik. Firmalar \u00fczerinde itibar\u0131m\u0131z\u0131 kulland\u0131k. \u015eu anda 28 milyon ki\u015fiye yetebilecek a\u015f\u0131y\u0131 da hen\u00fcz alm\u0131\u015f de\u011filiz&#8221; dedi.<\/p>\n<p style=\"text-align: justify;\">&#8220;Bu vir\u00fcs\u00fcn bir mutasyona u\u011frama ihtimali var. Daha \u015fiddetli hastal\u0131k yapan bir vir\u00fcse d\u00f6nme ihtimali bilimsel olarak var&#8221; diyen Akda\u011f, &#8220;Firmalarla \u015f\u00f6yle anla\u015ft\u0131k: E\u011fer yeni bir vir\u00fcs, antijen ortaya \u00e7\u0131karsa, bu antijeni doz ba\u015f\u0131na de\u011fi\u015ftirebilece\u011fiz. A\u015f\u0131n\u0131n bir dozunu ortalama 5,2 dolara mal ettik. Kamu \u0130hale Kanununun \u00f6ng\u00f6rd\u00fc\u011f\u00fc \u015fekilde firmalarla g\u00f6r\u00fc\u015ft\u00fck. Firmalara \u00f6nemli bir k\u0131sm\u0131n\u0131 Aral\u0131k ay\u0131 bitinceye kadar vereceksiniz dedik. \u00c7\u00fcnk\u00fc, as\u0131l a\u015f\u0131y\u0131 o zaman yapmak laz\u0131m. A\u015f\u0131n\u0131n y\u00fczde 40&#8217;\u0131na kadar olan bir k\u0131sm\u0131n\u0131, Aral\u0131k ay\u0131 bitmeden alma garantisi ald\u0131k. Bu a\u015f\u0131y\u0131, Sa\u011fl\u0131k Bakan\u0131 m\u0131 T\u00fcrk insan\u0131na yapma karar\u0131 ald\u0131? A\u015f\u0131n\u0131n yap\u0131lmas\u0131na 40 ki\u015filik bilim kurulu karar verdi. Bunlar\u0131n i\u00e7inde bakanl\u0131k personeli sadece 10 ki\u015fi, geri kalanlar\u0131n T\u00fcrkiye&#8217;nin en se\u00e7kin \u00fcniversitelerin bilim adamlar\u0131. Bir ki\u015finin itiraz \u015ferhi olmaks\u0131z\u0131n, bu a\u015f\u0131lar\u0131n al\u0131nmas\u0131 ve belirlenen risk gruplar\u0131na yap\u0131lmas\u0131 karar\u0131 \u00e7\u0131kt\u0131&#8221; diye konu\u015ftu.<\/p>\n<p style=\"text-align: justify;\"><strong><em>&#8220;\u0130ftirac\u0131 ilan ediyorum&#8221; <\/em><\/strong><\/p>\n<p style=\"text-align: justify;\">Sa\u011fl\u0131k Bakan\u0131 Akda\u011f, D\u00fcnya Sa\u011fl\u0131k \u00d6rg\u00fct\u00fc&#8217;n\u00fcn bunu rant i\u00e7in yapt\u0131rd\u0131\u011f\u0131n\u0131n iddia edildi\u011fini, kendisine y\u00f6nelik su\u00e7lamalarda bulunuldu\u011funu belirtti.<\/p>\n<p style=\"text-align: justify;\">&#8220;Bunu s\u00f6yleyenleri en hafifinden iftirac\u0131 ilan ediyorum&#8221; diyen Akda\u011f, bunun ad\u0131na kirli siyaset denildi\u011fini s\u00f6yledi. Bakan Akda\u011f, &#8220;Bu sigortay\u0131 T\u00fcrkiye&#8217;ye kazand\u0131rmakla iftihar ediyoruz. Bunu kimseyi bilmiyor, ABD, Kanada, D\u00fcnya Sa\u011fl\u0131k \u00d6rg\u00fct\u00fc bilmiyor, beyzadeler biliyorlar&#8221; diye konu\u015ftu.<\/p>\n<p style=\"text-align: justify;\"><strong><em>Erdo\u011fan ile tart\u0131\u015fma <\/em><\/strong><\/p>\n<p style=\"text-align: justify;\">Bakan Akda\u011f, Ba\u015fbakan Recep Tayyip Erdo\u011fan ile aras\u0131nda ya\u015fand\u0131\u011f\u0131 iddia edilen tart\u0131\u015fma ile ilgili milletvekillerinin sorular\u0131n\u0131 da yan\u0131tlad\u0131.<\/p>\n<p style=\"text-align: justify;\">Ba\u015fbakan Erdo\u011fan&#8217;\u0131n bir grup konu\u015fmas\u0131nda, &#8220;Bu a\u015f\u0131n\u0131n icbar edilmesini do\u011fru bulmuyorum, bu konuda bakan\u0131mla ayn\u0131 d\u00fc\u015f\u00fcnm\u00fcyorum&#8221; dedi\u011fini anlatan Akda\u011f, &#8220;Neden b\u00f6yle s\u00f6yledi? \u00c7\u00fcnk\u00fc, ben o sabah a\u015f\u0131 oldum ve hi\u00e7 s\u00f6ylemedi\u011fim halde devletin televizyonu alt yaz\u0131 olarak &#8216;Sa\u011fl\u0131k Bakan\u0131 b\u00f6yle b\u00f6yle dedi&#8217; diye ge\u00e7ti. Bunu Ba\u015fbakana grup toplant\u0131s\u0131nda s\u00f6yl\u00fcyorlar. O da &#8216;Sa\u011fl\u0131k Bakan\u0131n\u0131n ne hakk\u0131 var bana a\u015f\u0131 yapt\u0131rmaya, istersem ben yapt\u0131r\u0131r\u0131m&#8217; dedi. Daha sonra biz Ba\u015fbakanla konu\u015ftuk. Ba\u015fbakan, ben risk grubunda de\u011filim &#8216;a\u015f\u0131 olmam, kimseyi de mecbur edemeyiz&#8217; dedi. O yol kazas\u0131 falan dedi\u011finiz \u015fey&#8230; Ben ileti\u015fim kazas\u0131 laf\u0131n\u0131 daha \u00e7ok kulland\u0131m. Bu bir ileti\u015fim kazas\u0131yd\u0131 oldu ve ge\u00e7ti&#8221; dedi.<\/p>\n<p style=\"text-align: justify;\">Sa\u011fl\u0131k Bakan\u0131 Akda\u011f, yap\u0131lan a\u00e7\u0131klamalardan sonra milletin kafas\u0131n\u0131n kar\u0131\u015ft\u0131\u011f\u0131n\u0131 s\u00f6yledi. Kendisinin &#8220;5 bin ki\u015fi \u00f6lecek&#8221; demedi\u011fini dile getiren Akda\u011f, &#8220;Herhangi bir tedbir al\u0131nmazsa, bu konudaki epidemiyologlar\u0131m\u0131z 5 bine kadar insan\u0131n \u00f6lebilece\u011fini s\u00f6yl\u00fcyorlar&#8221; dedi\u011fini anlatt\u0131.<\/p>\n<p style=\"text-align: justify;\"><strong><em>&#8220;\u00c7ok b\u00fcy\u00fck vebal alt\u0131ndad\u0131r&#8221; <\/em><\/strong><\/p>\n<p style=\"text-align: justify;\">&#8220;Kim bu ileti\u015fimi siyaset ad\u0131na bozuyorsa, \u00e7ok b\u00fcy\u00fck vebal alt\u0131ndad\u0131r&#8221; diyen Akda\u011f, kendisinin \u00e7ocuk hastal\u0131klar\u0131 profes\u00f6r\u00fc oldu\u011funu ve dersine de \u00e7ok iyi \u00e7al\u0131\u015ft\u0131\u011f\u0131n\u0131 s\u00f6yledi. Recep Akda\u011f, \u00fcretilen a\u015f\u0131lar\u0131n ruhsatlar\u0131 oldu\u011funu kaydetti.<\/p>\n<p style=\"text-align: justify;\">&#8220;Bu a\u015f\u0131yla vatanda\u015f \u00fczerinde faz 4 \u00e7al\u0131\u015fmas\u0131 yap\u0131lm\u0131\u015f oluyor&#8221; denildi\u011fini bildiren Akda\u011f, faz 4 \u00e7al\u0131\u015fmas\u0131n\u0131n ne oldu\u011funu anlatt\u0131. Bakan Akda\u011f, kullan\u0131lmas\u0131na karar verilen bir a\u015f\u0131n\u0131n piyasaya \u00e7\u0131kar\u0131ld\u0131\u011f\u0131n\u0131 belirterek, &#8220;O ila\u00e7 piyasaya \u00e7\u0131kt\u0131ktan sonra, y\u0131llar boyunca izlenir. Bu, her ila\u00e7 ve a\u015f\u0131 i\u00e7in b\u00f6yledir. O izleme d\u00f6neminin ad\u0131 faz 4&#8217;t\u00fcr&#8221; dedi.<\/p>\n<p style=\"text-align: justify;\">Recep Akda\u011f, 250 bine yak\u0131n ki\u015finin a\u015f\u0131land\u0131\u011f\u0131n\u0131 ve b\u00fct\u00fcn bu insanlar\u0131n hepsinin i\u015finin g\u00fcc\u00fcn\u00fcn ba\u015f\u0131nda oldu\u011funu s\u00f6yledi. &#8220;Tamam yan etkileri olabilir&#8221; diyen Akda\u011f, bilim kurulunun, 400 bin ki\u015finin de bu hastal\u0131\u011f\u0131 ge\u00e7irmi\u015f olabilece\u011fini s\u00f6yledi\u011fini anlatt\u0131.<\/p>\n<p style=\"text-align: justify;\"><span style=\"color: #888888;\">CNN T\u00dcRK<\/span><\/p>\n","protected":false},"excerpt":{"rendered":"<p style=\"text-align: justify;\">Sa\u011fl\u0131k Bakan\u0131 Recep Akda\u011f, domuz gribi a\u015f\u0131s\u0131n\u0131n yap\u0131lmas\u0131na kendisinin karar vermedi\u011fini, 40 ki\u015filik bilim kurulunun karar verdi\u011fini belirterek, bilim kurulunda, bir ki\u015finin itiraz \u015ferhi olmaks\u0131z\u0131n, bu a\u015f\u0131lar\u0131n al\u0131nmas\u0131 ve belirlenen risk gruplar\u0131na yap\u0131lmas\u0131 karar\u0131 al\u0131nd\u0131\u011f\u0131n\u0131 s\u00f6yledi.<\/p>\n<p style=\"text-align: justify;\">Bakan Akda\u011f, milletvekillerinin, Plan ve B\u00fct\u00e7e Komisyonunda g\u00f6r\u00fc\u015f\u00fclen bakanl\u0131\u011f\u0131n\u0131n 2010 y\u0131l\u0131 b\u00fct\u00e7esi \u00fczerindeki soru ve <\/p>\n","protected":false},"author":1,"featured_media":0,"comment_status":"open","ping_status":"closed","sticky":false,"template":"","format":"standard","meta":{"footnotes":""},"categories":[105,5],"tags":[],"class_list":["post-35875","post","type-post","status-publish","format-standard","hentry","category-gundem","category-saglik","odd"],"_links":{"self":[{"href":"http:\/\/www.korhanyilmaz.com\/index.php?rest_route=\/wp\/v2\/posts\/35875","targetHints":{"allow":["GET"]}}],"collection":[{"href":"http:\/\/www.korhanyilmaz.com\/index.php?rest_route=\/wp\/v2\/posts"}],"about":[{"href":"http:\/\/www.korhanyilmaz.com\/index.php?rest_route=\/wp\/v2\/types\/post"}],"author":[{"embeddable":true,"href":"http:\/\/www.korhanyilmaz.com\/index.php?rest_route=\/wp\/v2\/users\/1"}],"replies":[{"embeddable":true,"href":"http:\/\/www.korhanyilmaz.com\/index.php?rest_route=%2Fwp%2Fv2%2Fcomments&post=35875"}],"version-history":[{"count":0,"href":"http:\/\/www.korhanyilmaz.com\/index.php?rest_route=\/wp\/v2\/posts\/35875\/revisions"}],"wp:attachment":[{"href":"http:\/\/www.korhanyilmaz.com\/index.php?rest_route=%2Fwp%2Fv2%2Fmedia&parent=35875"}],"wp:term":[{"taxonomy":"category","embeddable":true,"href":"http:\/\/www.korhanyilmaz.com\/index.php?rest_route=%2Fwp%2Fv2%2Fcategories&post=35875"},{"taxonomy":"post_tag","embeddable":true,"href":"http:\/\/www.korhanyilmaz.com\/index.php?rest_route=%2Fwp%2Fv2%2Ftags&post=35875"}],"curies":[{"name":"wp","href":"https:\/\/api.w.org\/{rel}","templated":true}]}}