{"id":35871,"date":"2009-11-04T14:46:08","date_gmt":"2009-11-04T12:46:08","guid":{"rendered":"http:\/\/www.korhanyilmaz.com\/?p=16300"},"modified":"2009-11-04T14:46:08","modified_gmt":"2009-11-04T12:46:08","slug":"lugano-yurekten-istemek-lazim-2","status":"publish","type":"post","link":"http:\/\/www.korhanyilmaz.com\/?p=35871","title":{"rendered":"Lugano: &#039;Y\u00fcrekten istemek laz\u0131m&#039;"},"content":{"rendered":"<p style=\"text-align: center;\"><a href=\"http:\/\/www.korhanyilmaz.com\/wp-content\/uploads\/2009\/11\/FENER.jpg\"  class=\"lightview\"><img loading=\"lazy\" decoding=\"async\" class=\"aligncenter size-full wp-image-16301\" title=\"FENER\" src=\"http:\/\/www.korhanyilmaz.com\/wp-content\/uploads\/2009\/11\/FENER.jpg\" alt=\"FENER\" width=\"410\" height=\"179\" \/><\/a><\/p>\n<p style=\"text-align: justify;\">Fenerbah\u00e7e&#8217;nin Uruguayl\u0131 savunmac\u0131s\u0131 Diego Lugano, ligdeki \u015fampiyonluk hedefini Avrupa&#8217;da da ger\u00e7ekle\u015ftirmek istediklerini ifade etti.<\/p>\n<p style=\"text-align: justify;\">FBTV&#8217;ye konu\u015fan Lugano, s\u00fcrekli ligdeki ba\u015far\u0131y\u0131 \u00f6n planda tutan teknik direkt\u00f6r Christoph Daum&#8217;un tersine, &#8220;Avrupa&#8217;da \u015fampiyonluk i\u00e7in biz bu kulvara ba\u015f koyduk&#8221; dedi. <!--more--><\/p>\n<p style=\"text-align: justify;\">UEFA Avrupa Ligi H Grubu&#8217;nda Steaua B\u00fckre\u015f ile yapacaklar\u0131 ma\u00e7\u0131n \u00e7ok \u00f6nemli oldu\u011funu vurgulayan Uruguayl\u0131 futbolcu, rakiplerini deplasmanda yendiklerini hat\u0131rlatarak \u015funlar\u0131 kaydetti:<\/p>\n<p style=\"text-align: justify;\">&#8220;\u015eimdi evimizde oynuyoruz. Buradaki galibiyetle zaten gruplardan \u00e7\u0131kmak ad\u0131na \u00e7ok b\u00fcy\u00fck bir ad\u0131m atm\u0131\u015f olaca\u011f\u0131z. O y\u00fczden ma\u00e7 \u00e7ok \u00f6nemli hale geldi.<\/p>\n<p style=\"text-align: justify;\">&#8220;Lig i\u00e7in hedefimiz her zaman belli, \u015fampiyonluk. Niye Avrupa&#8217;da da ayn\u0131s\u0131 olmas\u0131n. Ben zaten kendi ad\u0131ma bunu dile getirmi\u015ftim. Avrupa&#8217;da da \u015fampiyonluk i\u00e7in biz bu kulvara ba\u015f koyduk. Per\u015fembe g\u00fcn\u00fc rakibimizi yenerek, gruplardan \u00e7\u0131kmak i\u00e7in, bu galibiyeti en iyi \u015fekilde de\u011ferlendirmek i\u00e7in elimizden geleni yapaca\u011f\u0131z.&#8221;<\/p>\n<p style=\"text-align: justify;\">M\u00fccadele ettikleri kulvarlarda \u015fampiyonluklar\u0131 hedeflediklerini kaydeden Fenerbah\u00e7eli futbolcu, &#8220;y\u00fcrekten istemek laz\u0131m. Bu elbirli\u011fiyle neden olmas\u0131n? Bizim b\u00fct\u00fcn hedefimiz ad\u0131mlar\u0131 teker teker atmak ve b\u00fct\u00fcn kupalar\u0131 almak&#8221; dedi.<\/p>\n<p style=\"text-align: justify;\">Turkcell S\u00fcper Lig&#8217;de Kayserispor ile berabere kald\u0131klar\u0131 ma\u00e7a da de\u011finen Lugano, &#8220;yedi\u011fimiz gol kendi hatam\u0131zdan kaynaklanan bir gol, arkaya ka\u00e7\u0131r\u0131lan bir toptan gelen bir gol. Bunlar\u0131 d\u00fczeltmek i\u00e7in elimizden geleni yap\u0131yoruz. Evimizdeki ma\u00e7larda taraftar\u0131n da deste\u011fiyle daha kat\u0131 bir savunma yapt\u0131\u011f\u0131m\u0131z ortada. Elimizden geldi\u011fi kadar do\u011frular\u0131 yap\u0131p, yanl\u0131\u015flar\u0131 azaltarak yolumuzda devam edece\u011fiz&#8221; \u015feklinde konu\u015ftu.<\/p>\n<p style=\"text-align: justify;\"><span style=\"color: #888888;\">CNN T\u00dcRK<\/span><\/p>\n","protected":false},"excerpt":{"rendered":"<p style=\"text-align: center;\">\n<p style=\"text-align: justify;\">Fenerbah\u00e7e&#8217;nin Uruguayl\u0131 savunmac\u0131s\u0131 Diego Lugano, ligdeki \u015fampiyonluk hedefini Avrupa&#8217;da da ger\u00e7ekle\u015ftirmek istediklerini ifade etti.<\/p>\n<p style=\"text-align: justify;\">FBTV&#8217;ye konu\u015fan Lugano, s\u00fcrekli ligdeki ba\u015far\u0131y\u0131 \u00f6n planda tutan teknik direkt\u00f6r Christoph Daum&#8217;un tersine, &#8220;Avrupa&#8217;da \u015fampiyonluk i\u00e7in biz bu kulvara ba\u015f koyduk&#8221; dedi. <\/p>\n","protected":false},"author":1,"featured_media":0,"comment_status":"open","ping_status":"closed","sticky":false,"template":"","format":"standard","meta":{"footnotes":""},"categories":[42],"tags":[],"class_list":["post-35871","post","type-post","status-publish","format-standard","hentry","category-spor","odd"],"_links":{"self":[{"href":"http:\/\/www.korhanyilmaz.com\/index.php?rest_route=\/wp\/v2\/posts\/35871","targetHints":{"allow":["GET"]}}],"collection":[{"href":"http:\/\/www.korhanyilmaz.com\/index.php?rest_route=\/wp\/v2\/posts"}],"about":[{"href":"http:\/\/www.korhanyilmaz.com\/index.php?rest_route=\/wp\/v2\/types\/post"}],"author":[{"embeddable":true,"href":"http:\/\/www.korhanyilmaz.com\/index.php?rest_route=\/wp\/v2\/users\/1"}],"replies":[{"embeddable":true,"href":"http:\/\/www.korhanyilmaz.com\/index.php?rest_route=%2Fwp%2Fv2%2Fcomments&post=35871"}],"version-history":[{"count":0,"href":"http:\/\/www.korhanyilmaz.com\/index.php?rest_route=\/wp\/v2\/posts\/35871\/revisions"}],"wp:attachment":[{"href":"http:\/\/www.korhanyilmaz.com\/index.php?rest_route=%2Fwp%2Fv2%2Fmedia&parent=35871"}],"wp:term":[{"taxonomy":"category","embeddable":true,"href":"http:\/\/www.korhanyilmaz.com\/index.php?rest_route=%2Fwp%2Fv2%2Fcategories&post=35871"},{"taxonomy":"post_tag","embeddable":true,"href":"http:\/\/www.korhanyilmaz.com\/index.php?rest_route=%2Fwp%2Fv2%2Ftags&post=35871"}],"curies":[{"name":"wp","href":"https:\/\/api.w.org\/{rel}","templated":true}]}}