{"id":3586,"date":"2009-02-25T09:52:37","date_gmt":"2009-02-25T07:52:37","guid":{"rendered":"http:\/\/www.korhanyilmaz.com\/?p=3586"},"modified":"2009-02-25T09:52:37","modified_gmt":"2009-02-25T07:52:37","slug":"kilicdaroglu-suclamalara-yanit-verdi","status":"publish","type":"post","link":"http:\/\/www.korhanyilmaz.com\/?p=3586","title":{"rendered":"K\u0131l\u0131\u00e7daro\u011flu su\u00e7lamalara yan\u0131t verdi"},"content":{"rendered":"<p style=\"text-align: center;\"><img loading=\"lazy\" decoding=\"async\" class=\"aligncenter size-full wp-image-3587\" title=\"K\u0131l\u0131\u00e7daro\u011flu su\u00e7lamalara yan\u0131t verdi \" src=\"http:\/\/www.korhanyilmaz.com\/wp-content\/uploads\/2009\/02\/250220090952479709275.jpg\" alt=\"K\u0131l\u0131\u00e7daro\u011flu su\u00e7lamalara yan\u0131t verdi \" width=\"376\" height=\"240\" \/><\/p>\n<p style=\"text-align: justify;\"><strong>Yanda\u015f medya taraf\u0131ndan topa tutulan CHP \u0130stanbul aday\u0131, su\u00e7lamalara yan\u0131t verdi<\/strong><\/p>\n<p style=\"text-align: justify;\">Rakibi AK Partili Kadir Topba\u015f&#8217;\u0131n &#8220;Projesi yok&#8221; diye ele\u015ftirdi\u011fi K\u0131l\u0131\u00e7daro\u011flu, yeni yolsuzluk dosyalar\u0131n\u0131 zaman\u0131 gelince a\u00e7\u0131klayacaklar\u0131n\u0131 belirterek, &#8220;\u015eimdi proje dosyalar\u0131na kilitlendik&#8221; dedi.<\/p>\n<p style=\"text-align: justify;\">Cumhuriyet Halk Partisi \u0130stanbul B\u00fcy\u00fck\u015fehir Belediye Ba\u015fkan aday\u0131 Kemal K\u0131l\u0131\u00e7daro\u011flu projelerini a\u00e7\u0131klamaya haz\u0131rlan\u0131yor. Adayl\u0131\u011f\u0131n\u0131n ilan edildi\u011fi g\u00fcnden bu yana s\u00fcrekli &#8220;yolsuzluk dosyas\u0131&#8221; a\u00e7\u0131klayan K\u0131l\u0131\u00e7daro\u011flu, Bug\u00fcn&#8217;e konu\u015ftu:<\/p>\n<p style=\"text-align: justify;\"><strong>EKMEK KUYRU\u011eUNA SON<\/strong><\/p>\n<p style=\"text-align: justify;\">Se\u00e7ilmesi halinde 3 ay i\u00e7erisinde \u0130stanbul&#8217;da halk ekmek kuyruklar\u0131n\u0131 bitirme s\u00f6z\u00fc veren K\u0131l\u0131\u00e7daro\u011flu, halk ekmek kul\u00fcbeleri \u00f6n\u00fcnde insanlar\u0131n &#8220;40 kuru\u015f i\u00e7in ekmek alaca\u011f\u0131m&#8221; diye beklemelerine son vereceklerini belirtti.<!--more--><strong>V\u0130ZE \u00c7\u00d6Z\u00dcM OLMAZ <\/strong><\/p>\n<p style=\"text-align: justify;\">\u0130stanbul&#8217;a g\u00f6\u00e7\u00fcn \u00f6nlenmesi i\u00e7in vize uygulamas\u0131 talebinin de do\u011fru bir \u00e7\u00f6z\u00fcm olmad\u0131\u011f\u0131n\u0131 savunan K\u0131l\u0131\u00e7daro\u011flu, b\u00f6yle bir uygulaman\u0131n sadece kom\u00fcnist \u00fclkelerde oldu\u011funu ifade ederek \u015funlar\u0131 s\u00f6yledi: &#8220;\u00c7a\u011fda\u015f \u00fclkeler emek-yo\u011fun sanayiyi tamamen metropol\u00fcn d\u0131\u015f\u0131nda kurulmu\u015flard\u0131r. \u00d6yle olunca da ben \u0130stanbul&#8217;a gideyim i\u015f bulay\u0131m kap\u0131s\u0131 otomatikman kapanm\u0131\u015f oluyor.&#8221; Memleketi Tunceli&#8217;de beyaz e\u015fya da\u011f\u0131t\u0131m\u0131ndan memnun oldu\u011funu vurgulayan K\u0131l\u0131\u00e7daro\u011flu, beyaz e\u015fya da\u011f\u0131t\u0131m\u0131n\u0131n sadece Tunceli de de\u011fil \u0130stanbul&#8217;un Sultanbeyli il\u00e7esinde de ger\u00e7ekle\u015ftirilmesini istedi.<\/p>\n<p style=\"text-align: justify;\"><strong>MAHKUM KADROSUNDAN G\u0130RD\u0130LER<\/strong><\/p>\n<p style=\"text-align: justify;\">K\u0131l\u0131\u00e7daro\u011flu, uzunca bir s\u00fcre Genel M\u00fcd\u00fcrl\u00fc\u011f\u00fc&#8217;n\u00fc yapt\u0131\u011f\u0131 SSK&#8217;ya ter\u00f6r \u00f6rg\u00fct\u00fc \u00fcyesi ki\u015fileri ald\u0131\u011f\u0131 y\u00f6n\u00fcndeki iddialara da cevap verdi. SSK&#8217;da 65 bin personelin g\u00f6rev yapt\u0131\u011f\u0131n\u0131 belirten K\u0131l\u0131\u00e7daro\u011flu, kadronun y\u00fczde 2&#8217;sinin eski mahkumlardan olmas\u0131 y\u00f6n\u00fcndeki d\u00fczenleme nedeniyle eski mahkumlar\u0131n da kuruma al\u0131nd\u0131\u011f\u0131n\u0131 s\u00f6yledi.<\/p>\n<p style=\"text-align: justify;\">Bu kadrolara al\u0131nanlar aras\u0131nda sol ve sa\u011f ter\u00f6r \u00f6rg\u00fctlerine \u00fcye bir \u00e7ok ki\u015finin de olabilece\u011fini belirten K\u0131l\u0131\u00e7daro\u011flu, &#8220;Mahkum kadrosunda sadece 7-8 ki\u015fi bilemedin 10 ki\u015fi vard\u0131r&#8221; diye konu\u015ftu. SSK&#8217;n\u0131n ba\u015f\u0131nda bulundu\u011fu d\u00f6nemde &#8220;kamu hizmetinden men cezas\u0131&#8221; alm\u0131\u015f ki\u015filerin de bulundu\u011funa i\u015faret eden K\u0131l\u0131\u00e7daro\u011flu, bu ki\u015filerin Bakanlar Kurulu&#8217;nun verdi\u011fi bir karar dolay\u0131s\u0131yla kuruma al\u0131nd\u0131\u011f\u0131n\u0131 belirtti.<\/p>\n<p style=\"text-align: justify;\"><strong>HAYATIMDA SAUNAYA GiTMEDiM<\/strong><\/p>\n<p style=\"text-align: justify;\">CHP \u0130stanbul B\u00fcy\u00fck\u015fehir Belediye Ba\u015fkan Aday\u0131 Kemal K\u0131l\u0131\u00e7daro\u011flu, hakk\u0131nda ortaya at\u0131lan Almanya&#8217;da saunaya gitti\u011fi, hakim taraf\u0131ndan salondan at\u0131ld\u0131\u011f\u0131 ve PKK&#8217;l\u0131lara ayn\u0131 ara\u00e7ta oldu\u011funun polis taraf\u0131ndan tespit edildi\u011fi iddialar\u0131n\u0131 da yaland\u0131. Almanya&#8217;ya Deniz Feneri e.v davas\u0131n\u0131 takip etmek i\u00e7in gitti\u011fini anlatan Kl\u0131\u00e7daro\u011flu, &#8220;(Elimizde belge var) diyorlar. B\u0131rak\u0131n saunay\u0131 ben hayat\u0131mda saunaya gitmedim&#8221; dedi. S\u00f6z konusu iddialarla belgelerdeki tarih, adres, isimler ve cezalardaki bilgilere de\u011finen K\u0131l\u0131\u00e7daro\u011flu, \u015funlar\u0131 s\u00f6yledi:<\/p>\n<p style=\"text-align: justify;\"><strong>O SAATTE ANKARA&#8217;DAYDIM<\/strong><\/p>\n<p style=\"text-align: justify;\">&#8220;Ben PKK&#8217;l\u0131larla ayn\u0131 ara\u00e7tayken Polis M\u00fcler diye bir ceza yazm\u0131\u015f. Bakt\u0131k saat 16:45. O saatte ben Ankara&#8217;dayd\u0131m.Kendi internet siteme de koydum. Saat 17.&#8217;00de yani 16.45&#8217;te ceza yaz\u0131l\u0131rken ben Ankara&#8217;dan \u0130stanbul&#8217;a gidiyorum.&#8221;<\/p>\n<p style=\"text-align: justify;\"><strong>1&#8217;E 2 B\u0130N \u00d6DENEK \u0130DD\u0130ASI<\/strong><\/p>\n<p style=\"text-align: justify;\">CHP&#8217;li K\u0131l\u0131\u00e7daro\u011flu, SSK Genel M\u00fcd\u00fcrl\u00fc\u011f\u00fc yapt\u0131\u011f\u0131 d\u00f6nemde kurumu zarara u\u011fratmad\u0131\u011f\u0131 y\u00f6n\u00fcnde iddialara kar\u015f\u0131 \u00e7\u0131kt\u0131. Ge\u00e7ti\u011fimiz g\u00fcnlerde bir gazete yay\u0131nlanan bir hastanenin ihalesinde &#8220;1&#8217;e 2 bin \u00f6denek verildi&#8221; iddias\u0131n\u0131n ger\u00e7ekleri yans\u0131tmad\u0131\u011f\u0131n\u0131 belirten K\u0131l\u0131\u00e7daro\u011flu, &#8220;Birisi de \u00e7\u0131k\u0131p \u015funu s\u00f6yleyemez. Sen 5 kuru\u015f paray\u0131 \u015funa fazla \u00f6dedin. Kimse s\u00f6yleyemez&#8221; dedi.<\/p>\n<p style=\"text-align: justify;\">\u0130ddian\u0131n G\u00f6ztepe SSK i\u00e7in ortaya at\u0131ld\u0131\u011f\u0131n\u0131 aktaran K\u0131l\u0131\u00e7daro\u011flu, devlet ihalelerinde her d\u00f6nem \u00f6dene\u011fin art\u0131r\u0131ld\u0131\u011f\u0131n\u0131 dile getirerek, &#8220;Oraya yapt\u0131\u011f\u0131m\u0131z harcaman\u0131n daha fazlas\u0131n\u0131 oradan kazand\u0131k biz&#8221; s\u00f6zleriyle kendini savundu. SSK&#8217;n\u0131n a\u00e7\u0131klar\u0131n\u0131n onun d\u00f6neminde artamaya ba\u015flad\u0131\u011f\u0131 y\u00f6n\u00fcndeki iddialara da cevap veren K\u0131l\u0131\u00e7daro\u011flu, buran\u0131n ticari i\u015fletme olmad\u0131\u011f\u0131n\u0131 belirterek, devlet b\u00fct\u00e7esinin de a\u00e7\u0131k verdi\u011fini ancak buna &#8216;zarar&#8217; denmedi\u011fini belirtti.<\/p>\n<p style=\"text-align: justify;\"><span style=\"color: #888888;\">Kaynak : Vatan Gazetesi<\/span><\/p>\n","protected":false},"excerpt":{"rendered":"<p style=\"text-align: center;\">\n<p style=\"text-align: justify;\">Yanda\u015f medya taraf\u0131ndan topa tutulan CHP \u0130stanbul aday\u0131, su\u00e7lamalara yan\u0131t verdi<\/p>\n<p style=\"text-align: justify;\">Rakibi AK Partili Kadir Topba\u015f&#8217;\u0131n &#8220;Projesi yok&#8221; diye ele\u015ftirdi\u011fi K\u0131l\u0131\u00e7daro\u011flu, yeni yolsuzluk dosyalar\u0131n\u0131 zaman\u0131 gelince a\u00e7\u0131klayacaklar\u0131n\u0131 belirterek, &#8220;\u015eimdi proje dosyalar\u0131na kilitlendik&#8221; dedi.<\/p>\n<p style=\"text-align: justify;\">Cumhuriyet Halk Partisi \u0130stanbul B\u00fcy\u00fck\u015fehir Belediye Ba\u015fkan aday\u0131 Kemal K\u0131l\u0131\u00e7daro\u011flu projelerini a\u00e7\u0131klamaya haz\u0131rlan\u0131yor. <\/p>\n","protected":false},"author":1,"featured_media":0,"comment_status":"open","ping_status":"closed","sticky":false,"template":"","format":"standard","meta":{"footnotes":""},"categories":[105],"tags":[],"class_list":["post-3586","post","type-post","status-publish","format-standard","hentry","category-gundem","odd"],"_links":{"self":[{"href":"http:\/\/www.korhanyilmaz.com\/index.php?rest_route=\/wp\/v2\/posts\/3586","targetHints":{"allow":["GET"]}}],"collection":[{"href":"http:\/\/www.korhanyilmaz.com\/index.php?rest_route=\/wp\/v2\/posts"}],"about":[{"href":"http:\/\/www.korhanyilmaz.com\/index.php?rest_route=\/wp\/v2\/types\/post"}],"author":[{"embeddable":true,"href":"http:\/\/www.korhanyilmaz.com\/index.php?rest_route=\/wp\/v2\/users\/1"}],"replies":[{"embeddable":true,"href":"http:\/\/www.korhanyilmaz.com\/index.php?rest_route=%2Fwp%2Fv2%2Fcomments&post=3586"}],"version-history":[{"count":0,"href":"http:\/\/www.korhanyilmaz.com\/index.php?rest_route=\/wp\/v2\/posts\/3586\/revisions"}],"wp:attachment":[{"href":"http:\/\/www.korhanyilmaz.com\/index.php?rest_route=%2Fwp%2Fv2%2Fmedia&parent=3586"}],"wp:term":[{"taxonomy":"category","embeddable":true,"href":"http:\/\/www.korhanyilmaz.com\/index.php?rest_route=%2Fwp%2Fv2%2Fcategories&post=3586"},{"taxonomy":"post_tag","embeddable":true,"href":"http:\/\/www.korhanyilmaz.com\/index.php?rest_route=%2Fwp%2Fv2%2Ftags&post=3586"}],"curies":[{"name":"wp","href":"https:\/\/api.w.org\/{rel}","templated":true}]}}